{"id":11396,"date":"2015-12-18T11:31:13","date_gmt":"2015-12-18T09:31:13","guid":{"rendered":"http:\/\/www.helvetibox.ch\/de\/?p=11396"},"modified":"2026-03-03T20:45:36","modified_gmt":"2026-03-03T19:45:36","slug":"rezept-aelplermagronen-mit-apfelschnitzen","status":"publish","type":"post","link":"https:\/\/www.helvetibox.ch\/de\/rezept-aelplermagronen-mit-apfelschnitzen\/","title":{"rendered":"Rezept \u00c4lplermagronen mit Apfelschnitzen"},"content":{"rendered":"<div class=\"et_pb_section_0 et_pb_section et_section_regular et_block_section\"><div class=\"et_pb_row_0 et_pb_row et-vb-row--no-module et_block_row\"><div class=\"et_pb_column_0 et_pb_column et_pb_column_4_4 et-last-child et_block_column et_pb_column_empty et_pb_css_mix_blend_mode_passthrough\"><\/div><\/div><div class=\"et_pb_row_1 et_pb_row et_block_row\"><div class=\"et_pb_column_1 et_pb_column et_pb_column_4_4 et-last-child et_block_column et_pb_css_mix_blend_mode_passthrough\"><div class=\"et_pb_text_0 et_pb_text et_pb_bg_layout_light et_pb_module et_block_module et_pb_text_align_left\"><div class=\"et_pb_text_inner\"><p>Dieses Rezept stammt aus der Zeit, als die Obwaldner ihren Bergk\u00e4se auf italienischen M\u00e4rkten verkauften. Sie brachten die, in der Region noch unbekannten, Teigwaren mit. Die Hausfrauen wollten die kostbaren Teigwaren sparen und mischten so Kartoffeln in den Topf. Danach bestreuten sie das Gericht mit Bergk\u00e4se. Das Rezept, welches wir Ihnen mitgebracht haben, bereitet sich \u00e4hnlich zu wie ein Risotto. Es lehnt an ein Rezept von Thomas Schnider an, der ein <a href=\"http:\/\/www.fluonalp.ch\/\">Alprestaurant<\/a> in Fluonalp OW hat.<\/p>\n<\/div><\/div><\/div><\/div><div class=\"et_pb_row_2 et_pb_row et_block_row\"><div class=\"et_pb_column_2 et_pb_column et_pb_column_1_2 et_block_column et_pb_css_mix_blend_mode_passthrough\"><div class=\"et_pb_text_1 et_pb_text et_pb_bg_layout_light et_pb_module et_block_module et_pb_text_align_left\"><div class=\"et_pb_text_inner\"><h3><strong>Zutaten\u00a0(f\u00fcr 4 Personnen)<\/strong><\/h3>\n<p>2 EL Bratbutter<\/p>\n<p>2 Zwiebeln, grob gehackt<\/p>\n<p>50 g Butter<\/p>\n<p>300 g Kartoffeln, in groben St\u00fccken<\/p>\n<p>300 g \u00c4lplermagronen<\/p>\n<p>1 l Gem\u00fcsebouillon<\/p>\n<p>2,5 dl Rahm<\/p>\n<p>300 g Sbrinz, gerieben<\/p>\n<\/div><\/div><\/div><div class=\"et_pb_column_3 et_pb_column et_pb_column_1_2 et-last-child et_block_column et_pb_css_mix_blend_mode_passthrough\"><div class=\"et_pb_text_2 et_pb_text et_pb_bg_layout_light et_pb_module et_block_module et_pb_text_align_left\"><div class=\"et_pb_text_inner\"><h3><strong>Zubereitung<\/strong><\/h3>\n<ol>\n<li>Bratbutter in eine heisse Pfanne geben, Zwiebeln goldbraun braten. Butter beigeben, kochen bis es sch\u00e4umt, Kartoffeln hinzugeben und 2-3 Min. weiter braten.<\/li>\n<li>Magronen hinzuf\u00fcgen und dann die Bouillon beigeben, bis die Magronen mit \u00fcber 1 cm Fl\u00fcssigkeit bedeckt sind. Kochen ca. 8-10 Min. k\u00f6cheln lassen, bis die Fl\u00fcssigkeit fast verdampft ist.<\/li>\n<li>Rahm und Sbrinz darunter mischen, 2 Min. ziehen lassen, servieren.<\/li>\n<\/ol>\n<p>&nbsp;<\/p>\n<\/div><\/div><\/div><\/div><div class=\"et_pb_row_3 et_pb_row et_block_row\"><div class=\"et_pb_column_4 et_pb_column et_pb_column_4_4 et-last-child et_block_column et_pb_css_mix_blend_mode_passthrough\"><div class=\"et_pb_text_3 et_pb_text et_pb_bg_layout_light et_pb_module et_block_module et_pb_text_align_left\"><div class=\"et_pb_text_inner\"><p> In Obwalden serviert man dieses Gericht mit einem <strong>Apfelkompott oder mit Aplefschnitze<\/strong>, die Sie wie folgt zubereiten: <\/p>\n<\/div><\/div><div class=\"et_pb_post_nav_0 et_pb_posts_nav nav-single et_pb_module et_block_module\"><span class=\"nav-previous\"><a href=\"https:\/\/www.helvetibox.ch\/de\/lajoie-dans-lhelvetibox-en-novembre-on-goute-lajoie\/\" rel=\"prev\" class=\"\"><span class=\"meta-nav\">&larr; <\/span><span class=\"nav-label\">L\u2019Ajoie | Dans l\u2019HelvetiBox, en novembre, on go\u00fbte l\u2019Ajoie<\/span><\/a><\/span><span class=\"nav-next\"><a href=\"https:\/\/www.helvetibox.ch\/de\/helvetibox-n16-regionale-produkte-aus-unterwalden\/\" rel=\"next\" class=\"\"><span class=\"nav-label\">HelvetiBox n\u00b016 \u2013 Regionale Produkte aus Unterwalden<\/span><span class=\"meta-nav\"> &rarr;<\/span><\/a><\/span><\/div><\/div><\/div><div class=\"et_pb_row_4 et_pb_row et_block_row\"><div class=\"et_pb_column_5 et_pb_column et_pb_column_1_2 et_block_column et_pb_css_mix_blend_mode_passthrough\"><div class=\"et_pb_text_4 et_pb_text et_pb_bg_layout_light et_pb_module et_block_module et_pb_text_align_left\"><div class=\"et_pb_text_inner\"><h3><strong>Zutaten\u00a0<\/strong><\/h3>\n<p>1 EL Butter<\/p>\n<p>750 g fest kochende \u00c4pfel, in Schnitzen<\/p>\n<p>1,5 dl Apfelmost oder -saft<\/p>\n<p>1 Zimtstange, halbiert<\/p>\n<p>ca. 1 EL Zucker, je nach Apfelsorte<\/p>\n<p>&nbsp;<\/p>\n<\/div><\/div><\/div><div class=\"et_pb_column_6 et_pb_column et_pb_column_1_2 et-last-child et_block_column et_pb_css_mix_blend_mode_passthrough\"><div class=\"et_pb_text_5 et_pb_text et_pb_bg_layout_light et_pb_module et_block_module et_pb_text_align_left\"><div class=\"et_pb_text_inner\"><h3><strong>Zubereitung<\/strong><\/h3>\n<ol>\n<li>Die Butter in einer Pfanne schmelzen lassen. Die \u00c4pfel hinzugeben.<\/li>\n<li>Apfelmost, Zimt und Zucker hinzugeben. Alles zugedeckt weich k\u00f6cheln lassen. Dann den Deckel abnehmen und die Fl\u00fcssigkeit etwas verdampfen lassen. Die Zimtstange entfernen. Kalt oder warm zu den \u00c4lplermagronen geniessen.<\/li>\n<\/ol>\n<p>&nbsp;<\/p>\n<\/div><\/div><\/div><\/div><\/div>","protected":false},"excerpt":{"rendered":"","protected":false},"author":329,"featured_media":0,"comment_status":"closed","ping_status":"open","sticky":false,"template":"","format":"standard","meta":{"footnotes":""},"categories":[99,53],"tags":[],"dipi_cpt_category":[],"class_list":["post-11396","post","type-post","status-publish","format-standard","hentry","category-box-n16-unterwalden","category-rezepte"],"yoast_head":"<!-- This site is optimized with the Yoast SEO plugin v27.5 - https:\/\/yoast.com\/product\/yoast-seo-wordpress\/ -->\n<title>Rezept \u00c4lplermagronen mit Apfelschnitzen - HelvetiBox<\/title>\n<meta name=\"robots\" content=\"index, follow, max-snippet:-1, max-image-preview:large, max-video-preview:-1\" \/>\n<link rel=\"canonical\" href=\"https:\/\/www.helvetibox.ch\/de\/rezept-aelplermagronen-mit-apfelschnitzen\/\" \/>\n<meta property=\"og:locale\" content=\"de_DE\" \/>\n<meta property=\"og:type\" content=\"article\" \/>\n<meta property=\"og:title\" content=\"Rezept \u00c4lplermagronen mit Apfelschnitzen - HelvetiBox\" \/>\n<meta property=\"og:url\" content=\"https:\/\/www.helvetibox.ch\/de\/rezept-aelplermagronen-mit-apfelschnitzen\/\" \/>\n<meta property=\"og:site_name\" content=\"HelvetiBox\" \/>\n<meta property=\"article:publisher\" content=\"http:\/\/www.facebook.com\/helvetibox\" \/>\n<meta property=\"article:published_time\" content=\"2015-12-18T09:31:13+00:00\" \/>\n<meta property=\"article:modified_time\" content=\"2026-03-03T19:45:36+00:00\" \/>\n<meta name=\"author\" content=\"Florian Corth\u00e9sy\" \/>\n<script type=\"application\/ld+json\" class=\"yoast-schema-graph\">{\"@context\":\"https:\\\/\\\/schema.org\",\"@graph\":[{\"@type\":\"Article\",\"@id\":\"https:\\\/\\\/www.helvetibox.ch\\\/de\\\/rezept-aelplermagronen-mit-apfelschnitzen\\\/#article\",\"isPartOf\":{\"@id\":\"https:\\\/\\\/www.helvetibox.ch\\\/de\\\/rezept-aelplermagronen-mit-apfelschnitzen\\\/\"},\"author\":{\"name\":\"Florian Corth\u00e9sy\",\"@id\":\"https:\\\/\\\/www.helvetibox.ch\\\/de\\\/#\\\/schema\\\/person\\\/570a8ce46d2623290e963592e83b03a4\"},\"headline\":\"Rezept \u00c4lplermagronen mit Apfelschnitzen\",\"datePublished\":\"2015-12-18T09:31:13+00:00\",\"dateModified\":\"2026-03-03T19:45:36+00:00\",\"mainEntityOfPage\":{\"@id\":\"https:\\\/\\\/www.helvetibox.ch\\\/de\\\/rezept-aelplermagronen-mit-apfelschnitzen\\\/\"},\"wordCount\":4,\"articleSection\":[\"Box N\u00b016 - Unterwalden\",\"Rezepte\"],\"inLanguage\":\"de\"},{\"@type\":\"WebPage\",\"@id\":\"https:\\\/\\\/www.helvetibox.ch\\\/de\\\/rezept-aelplermagronen-mit-apfelschnitzen\\\/\",\"url\":\"https:\\\/\\\/www.helvetibox.ch\\\/de\\\/rezept-aelplermagronen-mit-apfelschnitzen\\\/\",\"name\":\"Rezept \u00c4lplermagronen mit Apfelschnitzen - HelvetiBox\",\"isPartOf\":{\"@id\":\"https:\\\/\\\/www.helvetibox.ch\\\/de\\\/#website\"},\"datePublished\":\"2015-12-18T09:31:13+00:00\",\"dateModified\":\"2026-03-03T19:45:36+00:00\",\"author\":{\"@id\":\"https:\\\/\\\/www.helvetibox.ch\\\/de\\\/#\\\/schema\\\/person\\\/570a8ce46d2623290e963592e83b03a4\"},\"breadcrumb\":{\"@id\":\"https:\\\/\\\/www.helvetibox.ch\\\/de\\\/rezept-aelplermagronen-mit-apfelschnitzen\\\/#breadcrumb\"},\"inLanguage\":\"de\",\"potentialAction\":[{\"@type\":\"ReadAction\",\"target\":[\"https:\\\/\\\/www.helvetibox.ch\\\/de\\\/rezept-aelplermagronen-mit-apfelschnitzen\\\/\"]}]},{\"@type\":\"BreadcrumbList\",\"@id\":\"https:\\\/\\\/www.helvetibox.ch\\\/de\\\/rezept-aelplermagronen-mit-apfelschnitzen\\\/#breadcrumb\",\"itemListElement\":[{\"@type\":\"ListItem\",\"position\":1,\"name\":\"Accueil\",\"item\":\"https:\\\/\\\/www.helvetibox.ch\\\/de\\\/homepage\\\/\"},{\"@type\":\"ListItem\",\"position\":2,\"name\":\"Rezept \u00c4lplermagronen mit Apfelschnitzen\"}]},{\"@type\":\"WebSite\",\"@id\":\"https:\\\/\\\/www.helvetibox.ch\\\/de\\\/#website\",\"url\":\"https:\\\/\\\/www.helvetibox.ch\\\/de\\\/\",\"name\":\"HelvetiBox\",\"description\":\"Eine Gourmetreise durch die Schweiz \",\"potentialAction\":[{\"@type\":\"SearchAction\",\"target\":{\"@type\":\"EntryPoint\",\"urlTemplate\":\"https:\\\/\\\/www.helvetibox.ch\\\/de\\\/?s={search_term_string}\"},\"query-input\":{\"@type\":\"PropertyValueSpecification\",\"valueRequired\":true,\"valueName\":\"search_term_string\"}}],\"inLanguage\":\"de\"},{\"@type\":\"Person\",\"@id\":\"https:\\\/\\\/www.helvetibox.ch\\\/de\\\/#\\\/schema\\\/person\\\/570a8ce46d2623290e963592e83b03a4\",\"name\":\"Florian Corth\u00e9sy\",\"image\":{\"@type\":\"ImageObject\",\"inLanguage\":\"de\",\"@id\":\"https:\\\/\\\/secure.gravatar.com\\\/avatar\\\/25feb37f6f232bcff3b90c1032c68ca8b1ad55c1c90c8cc3d77f08e7bbf4224a?s=96&d=mm&r=g\",\"url\":\"https:\\\/\\\/secure.gravatar.com\\\/avatar\\\/25feb37f6f232bcff3b90c1032c68ca8b1ad55c1c90c8cc3d77f08e7bbf4224a?s=96&d=mm&r=g\",\"contentUrl\":\"https:\\\/\\\/secure.gravatar.com\\\/avatar\\\/25feb37f6f232bcff3b90c1032c68ca8b1ad55c1c90c8cc3d77f08e7bbf4224a?s=96&d=mm&r=g\",\"caption\":\"Florian Corth\u00e9sy\"}}]}<\/script>\n<!-- \/ Yoast SEO plugin. -->","yoast_head_json":{"title":"Rezept \u00c4lplermagronen mit Apfelschnitzen - HelvetiBox","robots":{"index":"index","follow":"follow","max-snippet":"max-snippet:-1","max-image-preview":"max-image-preview:large","max-video-preview":"max-video-preview:-1"},"canonical":"https:\/\/www.helvetibox.ch\/de\/rezept-aelplermagronen-mit-apfelschnitzen\/","og_locale":"de_DE","og_type":"article","og_title":"Rezept \u00c4lplermagronen mit Apfelschnitzen - HelvetiBox","og_url":"https:\/\/www.helvetibox.ch\/de\/rezept-aelplermagronen-mit-apfelschnitzen\/","og_site_name":"HelvetiBox","article_publisher":"http:\/\/www.facebook.com\/helvetibox","article_published_time":"2015-12-18T09:31:13+00:00","article_modified_time":"2026-03-03T19:45:36+00:00","author":"Florian Corth\u00e9sy","schema":{"@context":"https:\/\/schema.org","@graph":[{"@type":"Article","@id":"https:\/\/www.helvetibox.ch\/de\/rezept-aelplermagronen-mit-apfelschnitzen\/#article","isPartOf":{"@id":"https:\/\/www.helvetibox.ch\/de\/rezept-aelplermagronen-mit-apfelschnitzen\/"},"author":{"name":"Florian Corth\u00e9sy","@id":"https:\/\/www.helvetibox.ch\/de\/#\/schema\/person\/570a8ce46d2623290e963592e83b03a4"},"headline":"Rezept \u00c4lplermagronen mit Apfelschnitzen","datePublished":"2015-12-18T09:31:13+00:00","dateModified":"2026-03-03T19:45:36+00:00","mainEntityOfPage":{"@id":"https:\/\/www.helvetibox.ch\/de\/rezept-aelplermagronen-mit-apfelschnitzen\/"},"wordCount":4,"articleSection":["Box N\u00b016 - Unterwalden","Rezepte"],"inLanguage":"de"},{"@type":"WebPage","@id":"https:\/\/www.helvetibox.ch\/de\/rezept-aelplermagronen-mit-apfelschnitzen\/","url":"https:\/\/www.helvetibox.ch\/de\/rezept-aelplermagronen-mit-apfelschnitzen\/","name":"Rezept \u00c4lplermagronen mit Apfelschnitzen - HelvetiBox","isPartOf":{"@id":"https:\/\/www.helvetibox.ch\/de\/#website"},"datePublished":"2015-12-18T09:31:13+00:00","dateModified":"2026-03-03T19:45:36+00:00","author":{"@id":"https:\/\/www.helvetibox.ch\/de\/#\/schema\/person\/570a8ce46d2623290e963592e83b03a4"},"breadcrumb":{"@id":"https:\/\/www.helvetibox.ch\/de\/rezept-aelplermagronen-mit-apfelschnitzen\/#breadcrumb"},"inLanguage":"de","potentialAction":[{"@type":"ReadAction","target":["https:\/\/www.helvetibox.ch\/de\/rezept-aelplermagronen-mit-apfelschnitzen\/"]}]},{"@type":"BreadcrumbList","@id":"https:\/\/www.helvetibox.ch\/de\/rezept-aelplermagronen-mit-apfelschnitzen\/#breadcrumb","itemListElement":[{"@type":"ListItem","position":1,"name":"Accueil","item":"https:\/\/www.helvetibox.ch\/de\/homepage\/"},{"@type":"ListItem","position":2,"name":"Rezept \u00c4lplermagronen mit Apfelschnitzen"}]},{"@type":"WebSite","@id":"https:\/\/www.helvetibox.ch\/de\/#website","url":"https:\/\/www.helvetibox.ch\/de\/","name":"HelvetiBox","description":"Eine Gourmetreise durch die Schweiz ","potentialAction":[{"@type":"SearchAction","target":{"@type":"EntryPoint","urlTemplate":"https:\/\/www.helvetibox.ch\/de\/?s={search_term_string}"},"query-input":{"@type":"PropertyValueSpecification","valueRequired":true,"valueName":"search_term_string"}}],"inLanguage":"de"},{"@type":"Person","@id":"https:\/\/www.helvetibox.ch\/de\/#\/schema\/person\/570a8ce46d2623290e963592e83b03a4","name":"Florian Corth\u00e9sy","image":{"@type":"ImageObject","inLanguage":"de","@id":"https:\/\/secure.gravatar.com\/avatar\/25feb37f6f232bcff3b90c1032c68ca8b1ad55c1c90c8cc3d77f08e7bbf4224a?s=96&d=mm&r=g","url":"https:\/\/secure.gravatar.com\/avatar\/25feb37f6f232bcff3b90c1032c68ca8b1ad55c1c90c8cc3d77f08e7bbf4224a?s=96&d=mm&r=g","contentUrl":"https:\/\/secure.gravatar.com\/avatar\/25feb37f6f232bcff3b90c1032c68ca8b1ad55c1c90c8cc3d77f08e7bbf4224a?s=96&d=mm&r=g","caption":"Florian Corth\u00e9sy"}}]}},"_links":{"self":[{"href":"https:\/\/www.helvetibox.ch\/de\/wp-json\/wp\/v2\/posts\/11396","targetHints":{"allow":["GET"]}}],"collection":[{"href":"https:\/\/www.helvetibox.ch\/de\/wp-json\/wp\/v2\/posts"}],"about":[{"href":"https:\/\/www.helvetibox.ch\/de\/wp-json\/wp\/v2\/types\/post"}],"author":[{"embeddable":true,"href":"https:\/\/www.helvetibox.ch\/de\/wp-json\/wp\/v2\/users\/329"}],"replies":[{"embeddable":true,"href":"https:\/\/www.helvetibox.ch\/de\/wp-json\/wp\/v2\/comments?post=11396"}],"version-history":[{"count":2,"href":"https:\/\/www.helvetibox.ch\/de\/wp-json\/wp\/v2\/posts\/11396\/revisions"}],"predecessor-version":[{"id":27397550,"href":"https:\/\/www.helvetibox.ch\/de\/wp-json\/wp\/v2\/posts\/11396\/revisions\/27397550"}],"wp:attachment":[{"href":"https:\/\/www.helvetibox.ch\/de\/wp-json\/wp\/v2\/media?parent=11396"}],"wp:term":[{"taxonomy":"category","embeddable":true,"href":"https:\/\/www.helvetibox.ch\/de\/wp-json\/wp\/v2\/categories?post=11396"},{"taxonomy":"post_tag","embeddable":true,"href":"https:\/\/www.helvetibox.ch\/de\/wp-json\/wp\/v2\/tags?post=11396"},{"taxonomy":"dipi_cpt_category","embeddable":true,"href":"https:\/\/www.helvetibox.ch\/de\/wp-json\/wp\/v2\/dipi_cpt_category?post=11396"}],"curies":[{"name":"wp","href":"https:\/\/api.w.org\/{rel}","templated":true}]}}