{"id":11450,"date":"2015-06-30T09:12:00","date_gmt":"2015-06-30T07:12:00","guid":{"rendered":"http:\/\/www.helvetibox.ch\/de\/cuisine-de-saison-panier-confederal\/"},"modified":"2026-03-03T20:43:58","modified_gmt":"2026-03-03T19:43:58","slug":"cuisine-de-saison-panier-confederal","status":"publish","type":"post","link":"https:\/\/www.helvetibox.ch\/de\/cuisine-de-saison-panier-confederal\/","title":{"rendered":"Cuisine de saison| Panier conf\u00e9d\u00e9ral"},"content":{"rendered":"<div class=\"et_pb_section_0 et_pb_section et_section_regular et_block_section\"><div class=\"et_pb_row_0 et_pb_row et_block_row\"><div class=\"et_pb_column_0 et_pb_column et_pb_column_4_4 et-last-child et_block_column et_pb_css_mix_blend_mode_passthrough\"><div class=\"et_pb_text_0 et_pb_text et_pb_bg_layout_light et_pb_module et_block_module\"><div class=\"et_pb_text_inner\"><p><a href=\"http:\/\/www.helvetibox.ch\/wp-content\/uploads\/2015\/06\/Cuisine-de-saison_juin-2015_page-6-extrait.jpg\"><img loading=\"lazy\" decoding=\"async\" class=\"alignnone size-full wp-image-2742\" src=\"http:\/\/www.helvetibox.ch\/wp-content\/uploads\/2015\/06\/Cuisine-de-saison_juin-2015_page-6-extrait.jpg\" alt=\"panier conf\u00e9d\u00e9ral\" width=\"261\" height=\"320\" srcset=\"https:\/\/www.helvetibox.ch\/wp-content\/uploads\/2015\/06\/Cuisine-de-saison_juin-2015_page-6-extrait.jpg 261w, https:\/\/www.helvetibox.ch\/wp-content\/uploads\/2015\/06\/Cuisine-de-saison_juin-2015_page-6-extrait-245x300.jpg 245w\" sizes=\"(max-width: 261px) 100vw, 261px\" \/><\/a><\/p>\n<p><strong>Cuisine de saison\u00a0| Au go\u00fbt du jour - Panier conf\u00e9d\u00e9ral - juin 2015<\/strong><\/p>\n<p>Cuisine de saison - <a href=\"http:\/\/saison.ch\/fr\/\" target=\"_blank\" rel=\"noopener\">www.saison.ch<\/a><\/p>\n<\/div><\/div><\/div><\/div><\/div>","protected":false},"excerpt":{"rendered":"","protected":false},"author":1,"featured_media":2745,"comment_status":"closed","ping_status":"open","sticky":false,"template":"","format":"standard","meta":{"footnotes":""},"categories":[41],"tags":[],"dipi_cpt_category":[],"class_list":["post-11450","post","type-post","status-publish","format-standard","has-post-thumbnail","hentry","category-pressespiegel"],"yoast_head":"<!-- This site is optimized with the Yoast SEO plugin v27.5 - https:\/\/yoast.com\/product\/yoast-seo-wordpress\/ -->\n<title>Cuisine de saison| Panier conf\u00e9d\u00e9ral - HelvetiBox<\/title>\n<meta name=\"description\" content=\"&quot;Panier conf\u00e9d\u00e9ral&quot; article sur HelvetiBox de Cuisine de Saison \u00e9dition de juin 2015.\" \/>\n<meta name=\"robots\" content=\"index, follow, max-snippet:-1, max-image-preview:large, max-video-preview:-1\" \/>\n<link rel=\"canonical\" href=\"https:\/\/www.helvetibox.ch\/de\/cuisine-de-saison-panier-confederal\/\" \/>\n<meta property=\"og:locale\" content=\"de_DE\" \/>\n<meta property=\"og:type\" content=\"article\" \/>\n<meta property=\"og:title\" content=\"Cuisine de saison| Panier conf\u00e9d\u00e9ral - HelvetiBox\" \/>\n<meta property=\"og:description\" content=\"&quot;Panier conf\u00e9d\u00e9ral&quot; article sur HelvetiBox de Cuisine de Saison \u00e9dition de juin 2015.\" \/>\n<meta property=\"og:url\" content=\"https:\/\/www.helvetibox.ch\/de\/cuisine-de-saison-panier-confederal\/\" \/>\n<meta property=\"og:site_name\" content=\"HelvetiBox\" \/>\n<meta property=\"article:publisher\" content=\"http:\/\/www.facebook.com\/helvetibox\" \/>\n<meta property=\"article:published_time\" content=\"2015-06-30T07:12:00+00:00\" \/>\n<meta property=\"article:modified_time\" content=\"2026-03-03T19:43:58+00:00\" \/>\n<meta property=\"og:image\" content=\"https:\/\/www.helvetibox.ch\/wp-content\/uploads\/2015\/06\/logo-saisonkueche-fr.png\" \/>\n\t<meta property=\"og:image:width\" content=\"456\" \/>\n\t<meta property=\"og:image:height\" content=\"64\" \/>\n\t<meta property=\"og:image:type\" content=\"image\/png\" \/>\n<meta name=\"author\" content=\"admin\" \/>\n<script type=\"application\/ld+json\" class=\"yoast-schema-graph\">{\"@context\":\"https:\\\/\\\/schema.org\",\"@graph\":[{\"@type\":\"Article\",\"@id\":\"https:\\\/\\\/www.helvetibox.ch\\\/de\\\/cuisine-de-saison-panier-confederal\\\/#article\",\"isPartOf\":{\"@id\":\"https:\\\/\\\/www.helvetibox.ch\\\/de\\\/cuisine-de-saison-panier-confederal\\\/\"},\"author\":{\"name\":\"admin\",\"@id\":\"https:\\\/\\\/www.helvetibox.ch\\\/de\\\/#\\\/schema\\\/person\\\/7ed0a4a910cc4d4dd1fc7ae091f39e5c\"},\"headline\":\"Cuisine de saison| Panier conf\u00e9d\u00e9ral\",\"datePublished\":\"2015-06-30T07:12:00+00:00\",\"dateModified\":\"2026-03-03T19:43:58+00:00\",\"mainEntityOfPage\":{\"@id\":\"https:\\\/\\\/www.helvetibox.ch\\\/de\\\/cuisine-de-saison-panier-confederal\\\/\"},\"wordCount\":7,\"image\":{\"@id\":\"https:\\\/\\\/www.helvetibox.ch\\\/de\\\/cuisine-de-saison-panier-confederal\\\/#primaryimage\"},\"thumbnailUrl\":\"https:\\\/\\\/www.helvetibox.ch\\\/wp-content\\\/uploads\\\/2015\\\/06\\\/logo-saisonkueche-fr.png\",\"articleSection\":[\"Pressespiegel\"],\"inLanguage\":\"de\"},{\"@type\":\"WebPage\",\"@id\":\"https:\\\/\\\/www.helvetibox.ch\\\/de\\\/cuisine-de-saison-panier-confederal\\\/\",\"url\":\"https:\\\/\\\/www.helvetibox.ch\\\/de\\\/cuisine-de-saison-panier-confederal\\\/\",\"name\":\"Cuisine de saison| Panier conf\u00e9d\u00e9ral - HelvetiBox\",\"isPartOf\":{\"@id\":\"https:\\\/\\\/www.helvetibox.ch\\\/de\\\/#website\"},\"primaryImageOfPage\":{\"@id\":\"https:\\\/\\\/www.helvetibox.ch\\\/de\\\/cuisine-de-saison-panier-confederal\\\/#primaryimage\"},\"image\":{\"@id\":\"https:\\\/\\\/www.helvetibox.ch\\\/de\\\/cuisine-de-saison-panier-confederal\\\/#primaryimage\"},\"thumbnailUrl\":\"https:\\\/\\\/www.helvetibox.ch\\\/wp-content\\\/uploads\\\/2015\\\/06\\\/logo-saisonkueche-fr.png\",\"datePublished\":\"2015-06-30T07:12:00+00:00\",\"dateModified\":\"2026-03-03T19:43:58+00:00\",\"author\":{\"@id\":\"https:\\\/\\\/www.helvetibox.ch\\\/de\\\/#\\\/schema\\\/person\\\/7ed0a4a910cc4d4dd1fc7ae091f39e5c\"},\"description\":\"\\\"Panier conf\u00e9d\u00e9ral\\\" article sur HelvetiBox de Cuisine de Saison \u00e9dition de juin 2015.\",\"breadcrumb\":{\"@id\":\"https:\\\/\\\/www.helvetibox.ch\\\/de\\\/cuisine-de-saison-panier-confederal\\\/#breadcrumb\"},\"inLanguage\":\"de\",\"potentialAction\":[{\"@type\":\"ReadAction\",\"target\":[\"https:\\\/\\\/www.helvetibox.ch\\\/de\\\/cuisine-de-saison-panier-confederal\\\/\"]}]},{\"@type\":\"ImageObject\",\"inLanguage\":\"de\",\"@id\":\"https:\\\/\\\/www.helvetibox.ch\\\/de\\\/cuisine-de-saison-panier-confederal\\\/#primaryimage\",\"url\":\"https:\\\/\\\/www.helvetibox.ch\\\/wp-content\\\/uploads\\\/2015\\\/06\\\/logo-saisonkueche-fr.png\",\"contentUrl\":\"https:\\\/\\\/www.helvetibox.ch\\\/wp-content\\\/uploads\\\/2015\\\/06\\\/logo-saisonkueche-fr.png\",\"width\":456,\"height\":64},{\"@type\":\"BreadcrumbList\",\"@id\":\"https:\\\/\\\/www.helvetibox.ch\\\/de\\\/cuisine-de-saison-panier-confederal\\\/#breadcrumb\",\"itemListElement\":[{\"@type\":\"ListItem\",\"position\":1,\"name\":\"Accueil\",\"item\":\"https:\\\/\\\/www.helvetibox.ch\\\/de\\\/homepage\\\/\"},{\"@type\":\"ListItem\",\"position\":2,\"name\":\"Cuisine de saison| Panier conf\u00e9d\u00e9ral\"}]},{\"@type\":\"WebSite\",\"@id\":\"https:\\\/\\\/www.helvetibox.ch\\\/de\\\/#website\",\"url\":\"https:\\\/\\\/www.helvetibox.ch\\\/de\\\/\",\"name\":\"HelvetiBox\",\"description\":\"Eine Gourmetreise durch die Schweiz \",\"potentialAction\":[{\"@type\":\"SearchAction\",\"target\":{\"@type\":\"EntryPoint\",\"urlTemplate\":\"https:\\\/\\\/www.helvetibox.ch\\\/de\\\/?s={search_term_string}\"},\"query-input\":{\"@type\":\"PropertyValueSpecification\",\"valueRequired\":true,\"valueName\":\"search_term_string\"}}],\"inLanguage\":\"de\"},{\"@type\":\"Person\",\"@id\":\"https:\\\/\\\/www.helvetibox.ch\\\/de\\\/#\\\/schema\\\/person\\\/7ed0a4a910cc4d4dd1fc7ae091f39e5c\",\"name\":\"admin\",\"image\":{\"@type\":\"ImageObject\",\"inLanguage\":\"de\",\"@id\":\"https:\\\/\\\/secure.gravatar.com\\\/avatar\\\/72ba43be19120670c6c27b45f594b583f5d47b215964e738028d9443a625d439?s=96&d=mm&r=g\",\"url\":\"https:\\\/\\\/secure.gravatar.com\\\/avatar\\\/72ba43be19120670c6c27b45f594b583f5d47b215964e738028d9443a625d439?s=96&d=mm&r=g\",\"contentUrl\":\"https:\\\/\\\/secure.gravatar.com\\\/avatar\\\/72ba43be19120670c6c27b45f594b583f5d47b215964e738028d9443a625d439?s=96&d=mm&r=g\",\"caption\":\"admin\"}}]}<\/script>\n<!-- \/ Yoast SEO plugin. -->","yoast_head_json":{"title":"Cuisine de saison| Panier conf\u00e9d\u00e9ral - HelvetiBox","description":"\"Panier conf\u00e9d\u00e9ral\" article sur HelvetiBox de Cuisine de Saison \u00e9dition de juin 2015.","robots":{"index":"index","follow":"follow","max-snippet":"max-snippet:-1","max-image-preview":"max-image-preview:large","max-video-preview":"max-video-preview:-1"},"canonical":"https:\/\/www.helvetibox.ch\/de\/cuisine-de-saison-panier-confederal\/","og_locale":"de_DE","og_type":"article","og_title":"Cuisine de saison| Panier conf\u00e9d\u00e9ral - HelvetiBox","og_description":"\"Panier conf\u00e9d\u00e9ral\" article sur HelvetiBox de Cuisine de Saison \u00e9dition de juin 2015.","og_url":"https:\/\/www.helvetibox.ch\/de\/cuisine-de-saison-panier-confederal\/","og_site_name":"HelvetiBox","article_publisher":"http:\/\/www.facebook.com\/helvetibox","article_published_time":"2015-06-30T07:12:00+00:00","article_modified_time":"2026-03-03T19:43:58+00:00","og_image":[{"width":456,"height":64,"url":"https:\/\/www.helvetibox.ch\/wp-content\/uploads\/2015\/06\/logo-saisonkueche-fr.png","type":"image\/png"}],"author":"admin","schema":{"@context":"https:\/\/schema.org","@graph":[{"@type":"Article","@id":"https:\/\/www.helvetibox.ch\/de\/cuisine-de-saison-panier-confederal\/#article","isPartOf":{"@id":"https:\/\/www.helvetibox.ch\/de\/cuisine-de-saison-panier-confederal\/"},"author":{"name":"admin","@id":"https:\/\/www.helvetibox.ch\/de\/#\/schema\/person\/7ed0a4a910cc4d4dd1fc7ae091f39e5c"},"headline":"Cuisine de saison| Panier conf\u00e9d\u00e9ral","datePublished":"2015-06-30T07:12:00+00:00","dateModified":"2026-03-03T19:43:58+00:00","mainEntityOfPage":{"@id":"https:\/\/www.helvetibox.ch\/de\/cuisine-de-saison-panier-confederal\/"},"wordCount":7,"image":{"@id":"https:\/\/www.helvetibox.ch\/de\/cuisine-de-saison-panier-confederal\/#primaryimage"},"thumbnailUrl":"https:\/\/www.helvetibox.ch\/wp-content\/uploads\/2015\/06\/logo-saisonkueche-fr.png","articleSection":["Pressespiegel"],"inLanguage":"de"},{"@type":"WebPage","@id":"https:\/\/www.helvetibox.ch\/de\/cuisine-de-saison-panier-confederal\/","url":"https:\/\/www.helvetibox.ch\/de\/cuisine-de-saison-panier-confederal\/","name":"Cuisine de saison| Panier conf\u00e9d\u00e9ral - HelvetiBox","isPartOf":{"@id":"https:\/\/www.helvetibox.ch\/de\/#website"},"primaryImageOfPage":{"@id":"https:\/\/www.helvetibox.ch\/de\/cuisine-de-saison-panier-confederal\/#primaryimage"},"image":{"@id":"https:\/\/www.helvetibox.ch\/de\/cuisine-de-saison-panier-confederal\/#primaryimage"},"thumbnailUrl":"https:\/\/www.helvetibox.ch\/wp-content\/uploads\/2015\/06\/logo-saisonkueche-fr.png","datePublished":"2015-06-30T07:12:00+00:00","dateModified":"2026-03-03T19:43:58+00:00","author":{"@id":"https:\/\/www.helvetibox.ch\/de\/#\/schema\/person\/7ed0a4a910cc4d4dd1fc7ae091f39e5c"},"description":"\"Panier conf\u00e9d\u00e9ral\" article sur HelvetiBox de Cuisine de Saison \u00e9dition de juin 2015.","breadcrumb":{"@id":"https:\/\/www.helvetibox.ch\/de\/cuisine-de-saison-panier-confederal\/#breadcrumb"},"inLanguage":"de","potentialAction":[{"@type":"ReadAction","target":["https:\/\/www.helvetibox.ch\/de\/cuisine-de-saison-panier-confederal\/"]}]},{"@type":"ImageObject","inLanguage":"de","@id":"https:\/\/www.helvetibox.ch\/de\/cuisine-de-saison-panier-confederal\/#primaryimage","url":"https:\/\/www.helvetibox.ch\/wp-content\/uploads\/2015\/06\/logo-saisonkueche-fr.png","contentUrl":"https:\/\/www.helvetibox.ch\/wp-content\/uploads\/2015\/06\/logo-saisonkueche-fr.png","width":456,"height":64},{"@type":"BreadcrumbList","@id":"https:\/\/www.helvetibox.ch\/de\/cuisine-de-saison-panier-confederal\/#breadcrumb","itemListElement":[{"@type":"ListItem","position":1,"name":"Accueil","item":"https:\/\/www.helvetibox.ch\/de\/homepage\/"},{"@type":"ListItem","position":2,"name":"Cuisine de saison| Panier conf\u00e9d\u00e9ral"}]},{"@type":"WebSite","@id":"https:\/\/www.helvetibox.ch\/de\/#website","url":"https:\/\/www.helvetibox.ch\/de\/","name":"HelvetiBox","description":"Eine Gourmetreise durch die Schweiz ","potentialAction":[{"@type":"SearchAction","target":{"@type":"EntryPoint","urlTemplate":"https:\/\/www.helvetibox.ch\/de\/?s={search_term_string}"},"query-input":{"@type":"PropertyValueSpecification","valueRequired":true,"valueName":"search_term_string"}}],"inLanguage":"de"},{"@type":"Person","@id":"https:\/\/www.helvetibox.ch\/de\/#\/schema\/person\/7ed0a4a910cc4d4dd1fc7ae091f39e5c","name":"admin","image":{"@type":"ImageObject","inLanguage":"de","@id":"https:\/\/secure.gravatar.com\/avatar\/72ba43be19120670c6c27b45f594b583f5d47b215964e738028d9443a625d439?s=96&d=mm&r=g","url":"https:\/\/secure.gravatar.com\/avatar\/72ba43be19120670c6c27b45f594b583f5d47b215964e738028d9443a625d439?s=96&d=mm&r=g","contentUrl":"https:\/\/secure.gravatar.com\/avatar\/72ba43be19120670c6c27b45f594b583f5d47b215964e738028d9443a625d439?s=96&d=mm&r=g","caption":"admin"}}]}},"_links":{"self":[{"href":"https:\/\/www.helvetibox.ch\/de\/wp-json\/wp\/v2\/posts\/11450","targetHints":{"allow":["GET"]}}],"collection":[{"href":"https:\/\/www.helvetibox.ch\/de\/wp-json\/wp\/v2\/posts"}],"about":[{"href":"https:\/\/www.helvetibox.ch\/de\/wp-json\/wp\/v2\/types\/post"}],"author":[{"embeddable":true,"href":"https:\/\/www.helvetibox.ch\/de\/wp-json\/wp\/v2\/users\/1"}],"replies":[{"embeddable":true,"href":"https:\/\/www.helvetibox.ch\/de\/wp-json\/wp\/v2\/comments?post=11450"}],"version-history":[{"count":2,"href":"https:\/\/www.helvetibox.ch\/de\/wp-json\/wp\/v2\/posts\/11450\/revisions"}],"predecessor-version":[{"id":27397481,"href":"https:\/\/www.helvetibox.ch\/de\/wp-json\/wp\/v2\/posts\/11450\/revisions\/27397481"}],"wp:featuredmedia":[{"embeddable":true,"href":"https:\/\/www.helvetibox.ch\/de\/wp-json\/wp\/v2\/media\/2745"}],"wp:attachment":[{"href":"https:\/\/www.helvetibox.ch\/de\/wp-json\/wp\/v2\/media?parent=11450"}],"wp:term":[{"taxonomy":"category","embeddable":true,"href":"https:\/\/www.helvetibox.ch\/de\/wp-json\/wp\/v2\/categories?post=11450"},{"taxonomy":"post_tag","embeddable":true,"href":"https:\/\/www.helvetibox.ch\/de\/wp-json\/wp\/v2\/tags?post=11450"},{"taxonomy":"dipi_cpt_category","embeddable":true,"href":"https:\/\/www.helvetibox.ch\/de\/wp-json\/wp\/v2\/dipi_cpt_category?post=11450"}],"curies":[{"name":"wp","href":"https:\/\/api.w.org\/{rel}","templated":true}]}}