{"id":11451,"date":"2015-05-15T22:37:46","date_gmt":"2015-05-15T20:37:46","guid":{"rendered":"http:\/\/www.helvetibox.ch\/de\/le-temps-deguster-la-suisse-chaque-mois\/"},"modified":"2018-05-23T15:29:31","modified_gmt":"2018-05-23T13:29:31","slug":"le-temps-deguster-la-suisse-chaque-mois","status":"publish","type":"post","link":"https:\/\/www.helvetibox.ch\/de\/le-temps-deguster-la-suisse-chaque-mois\/","title":{"rendered":"Le Temps| D\u00e9guster la Suisse, chaque mois"},"content":{"rendered":"<p><a href=\"http:\/\/www.helvetibox.ch\/wp-content\/uploads\/2015\/05\/Le-Temps_15.05.2015_Un-jour-une-id\u00e9e_D\u00e9guster-la-Suisse-chaque-mois_Sandrine-Hochstrasser.jpg\"><img loading=\"lazy\" decoding=\"async\" class=\"alignnone size-large wp-image-2513\" src=\"http:\/\/www.helvetibox.ch\/wp-content\/uploads\/2015\/05\/Le-Temps_15.05.2015_Un-jour-une-id\u00e9e_D\u00e9guster-la-Suisse-chaque-mois_Sandrine-Hochstrasser-1024x441.jpg\" alt=\"Le Temps_15.05.2015_Un jour, une id\u00e9e_D\u00e9guster la Suisse, chaque mois_Sandrine Hochstrasser\" width=\"1024\" height=\"441\" srcset=\"https:\/\/www.helvetibox.ch\/wp-content\/uploads\/2015\/05\/Le-Temps_15.05.2015_Un-jour-une-id\u00e9e_D\u00e9guster-la-Suisse-chaque-mois_Sandrine-Hochstrasser-1024x441.jpg 1024w, https:\/\/www.helvetibox.ch\/wp-content\/uploads\/2015\/05\/Le-Temps_15.05.2015_Un-jour-une-id\u00e9e_D\u00e9guster-la-Suisse-chaque-mois_Sandrine-Hochstrasser-510x220.jpg 510w, https:\/\/www.helvetibox.ch\/wp-content\/uploads\/2015\/05\/Le-Temps_15.05.2015_Un-jour-une-id\u00e9e_D\u00e9guster-la-Suisse-chaque-mois_Sandrine-Hochstrasser-300x129.jpg 300w, https:\/\/www.helvetibox.ch\/wp-content\/uploads\/2015\/05\/Le-Temps_15.05.2015_Un-jour-une-id\u00e9e_D\u00e9guster-la-Suisse-chaque-mois_Sandrine-Hochstrasser-1080x465.jpg 1080w, https:\/\/www.helvetibox.ch\/wp-content\/uploads\/2015\/05\/Le-Temps_15.05.2015_Un-jour-une-id\u00e9e_D\u00e9guster-la-Suisse-chaque-mois_Sandrine-Hochstrasser.jpg 1325w\" sizes=\"(max-width: 1024px) 100vw, 1024px\" \/><\/a><\/p>\n<p><strong>Le Temps| D\u00e9guster la Suisse, chaque mois &#8211; 15.05.2015 (<a href=\"http:\/\/www.letemps.ch\/Page\/Uuid\/33076564-fa5c-11e4-a492-3cf978da05db\/D%C3%A9guster_la_Suisse_chaque_mois\" target=\"_blank\" rel=\"noopener\">voir l&#8217;article en ligne<\/a>)<\/strong><\/p>\n<p>Par Sandrine Hochstrasser.<\/p>\n<p>Le Temps &#8211; <a href=\"http:\/\/www.letemps.ch\/\" target=\"_blank\" rel=\"noopener\">www.letemps.ch<\/a><\/p>\n","protected":false},"excerpt":{"rendered":"<p>Le Temps| D\u00e9guster la Suisse, chaque mois &#8211; 15.05.2015 (voir l&#8217;article en ligne) Par Sandrine Hochstrasser. Le Temps &#8211; www.letemps.ch<\/p>\n","protected":false},"author":1,"featured_media":2522,"comment_status":"closed","ping_status":"open","sticky":false,"template":"","format":"standard","meta":{"footnotes":""},"categories":[41],"tags":[],"dipi_cpt_category":[],"class_list":["post-11451","post","type-post","status-publish","format-standard","has-post-thumbnail","hentry","category-pressespiegel"],"yoast_head":"<!-- This site is optimized with the Yoast SEO plugin v27.3 - https:\/\/yoast.com\/product\/yoast-seo-wordpress\/ -->\n<title>Le Temps| D\u00e9guster la Suisse, chaque mois - HelvetiBox<\/title>\n<meta name=\"description\" content=\"Article sur HelvetiBox du journal Le Temps - D\u00e9guster la Suisse, chaque mois. Article \u00e9crit par Sandrine Hochstrasser.\" \/>\n<meta name=\"robots\" content=\"index, follow, max-snippet:-1, max-image-preview:large, max-video-preview:-1\" \/>\n<link rel=\"canonical\" href=\"https:\/\/www.helvetibox.ch\/de\/le-temps-deguster-la-suisse-chaque-mois\/\" \/>\n<meta property=\"og:locale\" content=\"de_DE\" \/>\n<meta property=\"og:type\" content=\"article\" \/>\n<meta property=\"og:title\" content=\"Le Temps| D\u00e9guster la Suisse, chaque mois - HelvetiBox\" \/>\n<meta property=\"og:description\" content=\"Article sur HelvetiBox du journal Le Temps - D\u00e9guster la Suisse, chaque mois. Article \u00e9crit par Sandrine Hochstrasser.\" \/>\n<meta property=\"og:url\" content=\"https:\/\/www.helvetibox.ch\/de\/le-temps-deguster-la-suisse-chaque-mois\/\" \/>\n<meta property=\"og:site_name\" content=\"HelvetiBox\" \/>\n<meta property=\"article:publisher\" content=\"http:\/\/www.facebook.com\/helvetibox\" \/>\n<meta property=\"article:published_time\" content=\"2015-05-15T20:37:46+00:00\" \/>\n<meta property=\"article:modified_time\" content=\"2018-05-23T13:29:31+00:00\" \/>\n<meta property=\"og:image\" content=\"https:\/\/www.helvetibox.ch\/wp-content\/uploads\/2015\/05\/logo_le_temps_800.png\" \/>\n\t<meta property=\"og:image:width\" content=\"705\" \/>\n\t<meta property=\"og:image:height\" content=\"240\" \/>\n\t<meta property=\"og:image:type\" content=\"image\/png\" \/>\n<meta name=\"author\" content=\"admin\" \/>\n<script type=\"application\/ld+json\" class=\"yoast-schema-graph\">{\"@context\":\"https:\\\/\\\/schema.org\",\"@graph\":[{\"@type\":\"Article\",\"@id\":\"https:\\\/\\\/www.helvetibox.ch\\\/de\\\/le-temps-deguster-la-suisse-chaque-mois\\\/#article\",\"isPartOf\":{\"@id\":\"https:\\\/\\\/www.helvetibox.ch\\\/de\\\/le-temps-deguster-la-suisse-chaque-mois\\\/\"},\"author\":{\"name\":\"admin\",\"@id\":\"https:\\\/\\\/www.helvetibox.ch\\\/de\\\/#\\\/schema\\\/person\\\/7ed0a4a910cc4d4dd1fc7ae091f39e5c\"},\"headline\":\"Le Temps| D\u00e9guster la Suisse, chaque mois\",\"datePublished\":\"2015-05-15T20:37:46+00:00\",\"dateModified\":\"2018-05-23T13:29:31+00:00\",\"mainEntityOfPage\":{\"@id\":\"https:\\\/\\\/www.helvetibox.ch\\\/de\\\/le-temps-deguster-la-suisse-chaque-mois\\\/\"},\"wordCount\":31,\"image\":{\"@id\":\"https:\\\/\\\/www.helvetibox.ch\\\/de\\\/le-temps-deguster-la-suisse-chaque-mois\\\/#primaryimage\"},\"thumbnailUrl\":\"https:\\\/\\\/www.helvetibox.ch\\\/wp-content\\\/uploads\\\/2015\\\/05\\\/logo_le_temps_800.png\",\"articleSection\":[\"Pressespiegel\"],\"inLanguage\":\"de\"},{\"@type\":\"WebPage\",\"@id\":\"https:\\\/\\\/www.helvetibox.ch\\\/de\\\/le-temps-deguster-la-suisse-chaque-mois\\\/\",\"url\":\"https:\\\/\\\/www.helvetibox.ch\\\/de\\\/le-temps-deguster-la-suisse-chaque-mois\\\/\",\"name\":\"Le Temps| D\u00e9guster la Suisse, chaque mois - HelvetiBox\",\"isPartOf\":{\"@id\":\"https:\\\/\\\/www.helvetibox.ch\\\/de\\\/#website\"},\"primaryImageOfPage\":{\"@id\":\"https:\\\/\\\/www.helvetibox.ch\\\/de\\\/le-temps-deguster-la-suisse-chaque-mois\\\/#primaryimage\"},\"image\":{\"@id\":\"https:\\\/\\\/www.helvetibox.ch\\\/de\\\/le-temps-deguster-la-suisse-chaque-mois\\\/#primaryimage\"},\"thumbnailUrl\":\"https:\\\/\\\/www.helvetibox.ch\\\/wp-content\\\/uploads\\\/2015\\\/05\\\/logo_le_temps_800.png\",\"datePublished\":\"2015-05-15T20:37:46+00:00\",\"dateModified\":\"2018-05-23T13:29:31+00:00\",\"author\":{\"@id\":\"https:\\\/\\\/www.helvetibox.ch\\\/de\\\/#\\\/schema\\\/person\\\/7ed0a4a910cc4d4dd1fc7ae091f39e5c\"},\"description\":\"Article sur HelvetiBox du journal Le Temps - D\u00e9guster la Suisse, chaque mois. Article \u00e9crit par Sandrine Hochstrasser.\",\"breadcrumb\":{\"@id\":\"https:\\\/\\\/www.helvetibox.ch\\\/de\\\/le-temps-deguster-la-suisse-chaque-mois\\\/#breadcrumb\"},\"inLanguage\":\"de\",\"potentialAction\":[{\"@type\":\"ReadAction\",\"target\":[\"https:\\\/\\\/www.helvetibox.ch\\\/de\\\/le-temps-deguster-la-suisse-chaque-mois\\\/\"]}]},{\"@type\":\"ImageObject\",\"inLanguage\":\"de\",\"@id\":\"https:\\\/\\\/www.helvetibox.ch\\\/de\\\/le-temps-deguster-la-suisse-chaque-mois\\\/#primaryimage\",\"url\":\"https:\\\/\\\/www.helvetibox.ch\\\/wp-content\\\/uploads\\\/2015\\\/05\\\/logo_le_temps_800.png\",\"contentUrl\":\"https:\\\/\\\/www.helvetibox.ch\\\/wp-content\\\/uploads\\\/2015\\\/05\\\/logo_le_temps_800.png\",\"width\":705,\"height\":240},{\"@type\":\"BreadcrumbList\",\"@id\":\"https:\\\/\\\/www.helvetibox.ch\\\/de\\\/le-temps-deguster-la-suisse-chaque-mois\\\/#breadcrumb\",\"itemListElement\":[{\"@type\":\"ListItem\",\"position\":1,\"name\":\"Accueil\",\"item\":\"https:\\\/\\\/www.helvetibox.ch\\\/de\\\/homepage\\\/\"},{\"@type\":\"ListItem\",\"position\":2,\"name\":\"Le Temps| D\u00e9guster la Suisse, chaque mois\"}]},{\"@type\":\"WebSite\",\"@id\":\"https:\\\/\\\/www.helvetibox.ch\\\/de\\\/#website\",\"url\":\"https:\\\/\\\/www.helvetibox.ch\\\/de\\\/\",\"name\":\"HelvetiBox\",\"description\":\"Eine Gourmetreise durch die Schweiz \",\"potentialAction\":[{\"@type\":\"SearchAction\",\"target\":{\"@type\":\"EntryPoint\",\"urlTemplate\":\"https:\\\/\\\/www.helvetibox.ch\\\/de\\\/?s={search_term_string}\"},\"query-input\":{\"@type\":\"PropertyValueSpecification\",\"valueRequired\":true,\"valueName\":\"search_term_string\"}}],\"inLanguage\":\"de\"},{\"@type\":\"Person\",\"@id\":\"https:\\\/\\\/www.helvetibox.ch\\\/de\\\/#\\\/schema\\\/person\\\/7ed0a4a910cc4d4dd1fc7ae091f39e5c\",\"name\":\"admin\",\"image\":{\"@type\":\"ImageObject\",\"inLanguage\":\"de\",\"@id\":\"https:\\\/\\\/secure.gravatar.com\\\/avatar\\\/72ba43be19120670c6c27b45f594b583f5d47b215964e738028d9443a625d439?s=96&d=mm&r=g\",\"url\":\"https:\\\/\\\/secure.gravatar.com\\\/avatar\\\/72ba43be19120670c6c27b45f594b583f5d47b215964e738028d9443a625d439?s=96&d=mm&r=g\",\"contentUrl\":\"https:\\\/\\\/secure.gravatar.com\\\/avatar\\\/72ba43be19120670c6c27b45f594b583f5d47b215964e738028d9443a625d439?s=96&d=mm&r=g\",\"caption\":\"admin\"}}]}<\/script>\n<!-- \/ Yoast SEO plugin. -->","yoast_head_json":{"title":"Le Temps| D\u00e9guster la Suisse, chaque mois - HelvetiBox","description":"Article sur HelvetiBox du journal Le Temps - D\u00e9guster la Suisse, chaque mois. Article \u00e9crit par Sandrine Hochstrasser.","robots":{"index":"index","follow":"follow","max-snippet":"max-snippet:-1","max-image-preview":"max-image-preview:large","max-video-preview":"max-video-preview:-1"},"canonical":"https:\/\/www.helvetibox.ch\/de\/le-temps-deguster-la-suisse-chaque-mois\/","og_locale":"de_DE","og_type":"article","og_title":"Le Temps| D\u00e9guster la Suisse, chaque mois - HelvetiBox","og_description":"Article sur HelvetiBox du journal Le Temps - D\u00e9guster la Suisse, chaque mois. Article \u00e9crit par Sandrine Hochstrasser.","og_url":"https:\/\/www.helvetibox.ch\/de\/le-temps-deguster-la-suisse-chaque-mois\/","og_site_name":"HelvetiBox","article_publisher":"http:\/\/www.facebook.com\/helvetibox","article_published_time":"2015-05-15T20:37:46+00:00","article_modified_time":"2018-05-23T13:29:31+00:00","og_image":[{"width":705,"height":240,"url":"https:\/\/www.helvetibox.ch\/wp-content\/uploads\/2015\/05\/logo_le_temps_800.png","type":"image\/png"}],"author":"admin","schema":{"@context":"https:\/\/schema.org","@graph":[{"@type":"Article","@id":"https:\/\/www.helvetibox.ch\/de\/le-temps-deguster-la-suisse-chaque-mois\/#article","isPartOf":{"@id":"https:\/\/www.helvetibox.ch\/de\/le-temps-deguster-la-suisse-chaque-mois\/"},"author":{"name":"admin","@id":"https:\/\/www.helvetibox.ch\/de\/#\/schema\/person\/7ed0a4a910cc4d4dd1fc7ae091f39e5c"},"headline":"Le Temps| D\u00e9guster la Suisse, chaque mois","datePublished":"2015-05-15T20:37:46+00:00","dateModified":"2018-05-23T13:29:31+00:00","mainEntityOfPage":{"@id":"https:\/\/www.helvetibox.ch\/de\/le-temps-deguster-la-suisse-chaque-mois\/"},"wordCount":31,"image":{"@id":"https:\/\/www.helvetibox.ch\/de\/le-temps-deguster-la-suisse-chaque-mois\/#primaryimage"},"thumbnailUrl":"https:\/\/www.helvetibox.ch\/wp-content\/uploads\/2015\/05\/logo_le_temps_800.png","articleSection":["Pressespiegel"],"inLanguage":"de"},{"@type":"WebPage","@id":"https:\/\/www.helvetibox.ch\/de\/le-temps-deguster-la-suisse-chaque-mois\/","url":"https:\/\/www.helvetibox.ch\/de\/le-temps-deguster-la-suisse-chaque-mois\/","name":"Le Temps| D\u00e9guster la Suisse, chaque mois - HelvetiBox","isPartOf":{"@id":"https:\/\/www.helvetibox.ch\/de\/#website"},"primaryImageOfPage":{"@id":"https:\/\/www.helvetibox.ch\/de\/le-temps-deguster-la-suisse-chaque-mois\/#primaryimage"},"image":{"@id":"https:\/\/www.helvetibox.ch\/de\/le-temps-deguster-la-suisse-chaque-mois\/#primaryimage"},"thumbnailUrl":"https:\/\/www.helvetibox.ch\/wp-content\/uploads\/2015\/05\/logo_le_temps_800.png","datePublished":"2015-05-15T20:37:46+00:00","dateModified":"2018-05-23T13:29:31+00:00","author":{"@id":"https:\/\/www.helvetibox.ch\/de\/#\/schema\/person\/7ed0a4a910cc4d4dd1fc7ae091f39e5c"},"description":"Article sur HelvetiBox du journal Le Temps - D\u00e9guster la Suisse, chaque mois. Article \u00e9crit par Sandrine Hochstrasser.","breadcrumb":{"@id":"https:\/\/www.helvetibox.ch\/de\/le-temps-deguster-la-suisse-chaque-mois\/#breadcrumb"},"inLanguage":"de","potentialAction":[{"@type":"ReadAction","target":["https:\/\/www.helvetibox.ch\/de\/le-temps-deguster-la-suisse-chaque-mois\/"]}]},{"@type":"ImageObject","inLanguage":"de","@id":"https:\/\/www.helvetibox.ch\/de\/le-temps-deguster-la-suisse-chaque-mois\/#primaryimage","url":"https:\/\/www.helvetibox.ch\/wp-content\/uploads\/2015\/05\/logo_le_temps_800.png","contentUrl":"https:\/\/www.helvetibox.ch\/wp-content\/uploads\/2015\/05\/logo_le_temps_800.png","width":705,"height":240},{"@type":"BreadcrumbList","@id":"https:\/\/www.helvetibox.ch\/de\/le-temps-deguster-la-suisse-chaque-mois\/#breadcrumb","itemListElement":[{"@type":"ListItem","position":1,"name":"Accueil","item":"https:\/\/www.helvetibox.ch\/de\/homepage\/"},{"@type":"ListItem","position":2,"name":"Le Temps| D\u00e9guster la Suisse, chaque mois"}]},{"@type":"WebSite","@id":"https:\/\/www.helvetibox.ch\/de\/#website","url":"https:\/\/www.helvetibox.ch\/de\/","name":"HelvetiBox","description":"Eine Gourmetreise durch die Schweiz ","potentialAction":[{"@type":"SearchAction","target":{"@type":"EntryPoint","urlTemplate":"https:\/\/www.helvetibox.ch\/de\/?s={search_term_string}"},"query-input":{"@type":"PropertyValueSpecification","valueRequired":true,"valueName":"search_term_string"}}],"inLanguage":"de"},{"@type":"Person","@id":"https:\/\/www.helvetibox.ch\/de\/#\/schema\/person\/7ed0a4a910cc4d4dd1fc7ae091f39e5c","name":"admin","image":{"@type":"ImageObject","inLanguage":"de","@id":"https:\/\/secure.gravatar.com\/avatar\/72ba43be19120670c6c27b45f594b583f5d47b215964e738028d9443a625d439?s=96&d=mm&r=g","url":"https:\/\/secure.gravatar.com\/avatar\/72ba43be19120670c6c27b45f594b583f5d47b215964e738028d9443a625d439?s=96&d=mm&r=g","contentUrl":"https:\/\/secure.gravatar.com\/avatar\/72ba43be19120670c6c27b45f594b583f5d47b215964e738028d9443a625d439?s=96&d=mm&r=g","caption":"admin"}}]}},"_links":{"self":[{"href":"https:\/\/www.helvetibox.ch\/de\/wp-json\/wp\/v2\/posts\/11451","targetHints":{"allow":["GET"]}}],"collection":[{"href":"https:\/\/www.helvetibox.ch\/de\/wp-json\/wp\/v2\/posts"}],"about":[{"href":"https:\/\/www.helvetibox.ch\/de\/wp-json\/wp\/v2\/types\/post"}],"author":[{"embeddable":true,"href":"https:\/\/www.helvetibox.ch\/de\/wp-json\/wp\/v2\/users\/1"}],"replies":[{"embeddable":true,"href":"https:\/\/www.helvetibox.ch\/de\/wp-json\/wp\/v2\/comments?post=11451"}],"version-history":[{"count":0,"href":"https:\/\/www.helvetibox.ch\/de\/wp-json\/wp\/v2\/posts\/11451\/revisions"}],"wp:featuredmedia":[{"embeddable":true,"href":"https:\/\/www.helvetibox.ch\/de\/wp-json\/wp\/v2\/media\/2522"}],"wp:attachment":[{"href":"https:\/\/www.helvetibox.ch\/de\/wp-json\/wp\/v2\/media?parent=11451"}],"wp:term":[{"taxonomy":"category","embeddable":true,"href":"https:\/\/www.helvetibox.ch\/de\/wp-json\/wp\/v2\/categories?post=11451"},{"taxonomy":"post_tag","embeddable":true,"href":"https:\/\/www.helvetibox.ch\/de\/wp-json\/wp\/v2\/tags?post=11451"},{"taxonomy":"dipi_cpt_category","embeddable":true,"href":"https:\/\/www.helvetibox.ch\/de\/wp-json\/wp\/v2\/dipi_cpt_category?post=11451"}],"curies":[{"name":"wp","href":"https:\/\/api.w.org\/{rel}","templated":true}]}}