{"id":13513,"date":"2016-08-17T12:00:01","date_gmt":"2016-08-17T10:00:01","guid":{"rendered":"http:\/\/www.helvetibox.ch\/de\/?p=13513"},"modified":"2026-03-03T20:46:53","modified_gmt":"2026-03-03T19:46:53","slug":"helvetibox-n24-regionale-produkte-aus-genf","status":"publish","type":"post","link":"https:\/\/www.helvetibox.ch\/de\/helvetibox-n24-regionale-produkte-aus-genf\/","title":{"rendered":"HelvetiBox N\u00b024 \u2013 Regionale Produkte aus Genf"},"content":{"rendered":"<div class=\"et_pb_section_0 et_pb_section et_section_regular et_block_section\"><div class=\"et_pb_row_0 et_pb_row et_block_row\"><div class=\"et_pb_column_0 et_pb_column et_pb_column_4_4 et-last-child et_block_column et_pb_css_mix_blend_mode_passthrough\"><div class=\"et_pb_module et_d4_element et_pb_post_title et_pb_post_title_6 et_pb_bg_layout_light  et_pb_text_align_center\"   >\n\t\t\t\t\n\t\t\t\t\n\t\t\t\t\n\t\t\t\t\n\t\t\t\t\n\t\t\t\t<div class=\"et_pb_title_container\">\n\t\t\t\t\t<h1 class=\"entry-title\">HelvetiBox N\u00b024 \u2013 Regionale Produkte aus Genf<\/h1>\n\t\t\t\t<\/div>\n\t\t\t\t\n\t\t\t<\/div><\/div><\/div><div class=\"et_pb_row_1 et_pb_row et_block_row\"><div class=\"et_pb_column_1 et_pb_column et_pb_column_3_4 et_block_column et_pb_css_mix_blend_mode_passthrough\"><div class=\"et_pb_text_0 et_pb_text et_pb_bg_layout_light et_pb_module et_block_module\"><div class=\"et_pb_text_inner\"><p>Endlich! Nach zwei Jahren monatlicher Entdeckungen, haben wir einmal jeden Kanton der Schweiz besucht. Das sind 149 Produkte, die Sie neu entdecken konnten, 130 Produzenten und nicht weniger als 30\u2018000 Leckereien, die wir verschickt haben.<\/p>\n<p>Und so kommen wir nun nach fast 2 Jahren wieder in den <a href=\"https:\/\/de.wikipedia.org\/wiki\/Kanton_Genf\" target=\"_blank\">Kanton Genf<\/a> zur\u00fcck. Das erste Mal waren wir in der kalten Jahreszeit hier. Es gab also Longeole und Cardons.<\/p>\n<p>Diesmal beinhaltet unsere Auswahl nicht weniger als drei Produkte, die w\u00e4hrend unseres ersten Besuches noch gar nicht existierten. Das zeigt, dass es den Genfer Bauern und Kleinproduzenten nicht an Ideen mangelt.<\/p>\n<p>Der Kanton Genf, mit dem man eigentlich eher ein urbanes Bild verbindet, hat prozentual eine gr\u00f6ssere landwirtschaftliche Nutzfl\u00e4che, als der Durchschnitt der Schweizer Kantone. Seine Landwirte scheuen nicht davor sich immer wieder neu zu erfinden und dem Land so immer neue Sorten zu bescheren<\/p>\n<\/div><\/div><\/div><div class=\"et_pb_column_2 et_pb_column et_pb_column_1_4 et-last-child et_block_column et_pb_css_mix_blend_mode_passthrough\"><div class=\"et_pb_image_0 et_pb_image et_animated et_pb_module et_block_module\"><a href=\"https:\/\/fr.wikipedia.org\/wiki\/Canton_de_Gen%C3%A8ve#\/media\/File:Wappen_Genf_matt.svg\" target=\"_blank\"><span class=\"et_pb_image_wrap\"><img loading=\"lazy\" decoding=\"async\" src=\"http:\/\/www.helvetibox.ch\/wp-content\/uploads\/2016\/08\/Wappen_Genf_matt.svg_.png\" width=\"407\" height=\"493\" srcset=\"https:\/\/www.helvetibox.ch\/wp-content\/uploads\/2016\/08\/Wappen_Genf_matt.svg_.png 407w, https:\/\/www.helvetibox.ch\/wp-content\/uploads\/2016\/08\/Wappen_Genf_matt.svg_-248x300.png 248w\" sizes=\"(max-width: 407px) 100vw, 407px\" class=\"wp-image-13414\" title=\"Blason canton de Gen\u00e8ve (Wikipedia)\" alt=\"Blason canton de Gen\u00e8ve (Wikipedia)\" \/><\/span><\/a><\/div><div class=\"et_pb_image_1 et_pb_image et_animated et_pb_module et_block_module\"><a href=\"https:\/\/fr.wikipedia.org\/wiki\/Canton_de_Gen%C3%A8ve#\/media\/File:Switzerland_Locator_Map_GE.svg\"><span class=\"et_pb_image_wrap\"><img loading=\"lazy\" decoding=\"async\" src=\"http:\/\/www.helvetibox.ch\/wp-content\/uploads\/2016\/08\/carte-suisse-canton-geneve.png\" width=\"420\" height=\"297\" srcset=\"https:\/\/www.helvetibox.ch\/wp-content\/uploads\/2016\/08\/carte-suisse-canton-geneve.png 420w, https:\/\/www.helvetibox.ch\/wp-content\/uploads\/2016\/08\/carte-suisse-canton-geneve-300x212.png 300w, https:\/\/www.helvetibox.ch\/wp-content\/uploads\/2016\/08\/carte-suisse-canton-geneve-400x284.png 400w\" sizes=\"(max-width: 420px) 100vw, 420px\" class=\"wp-image-13416\" title=\"Carte de la Suisse (Canton de Gen\u00e8ve) (Poulpy Wikipedia)\" alt=\"Carte de la Suisse (Canton de Gen\u00e8ve) (Poulpy Wikipedia)\" \/><\/span><\/a><\/div><\/div><\/div><div class=\"et_pb_row_2 et_pb_row et_block_row\"><div class=\"et_pb_column_3 et_pb_column et_pb_column_4_4 et-last-child et_block_column et_pb_css_mix_blend_mode_passthrough\"><div class=\"et_pb_post_slider_0 et_pb_post_slider et_pb_bg_layout_dark et_pb_slider et_pb_slider_fullwidth_off et_pb_post_slider_image_background et_pb_slider_with_overlay et_pb_module et_block_module\"><div class=\"et_pb_slides\"><div class=\"et_pb_slide et_pb_post_slide-58756\" style=\"background-image:url(https:\/\/www.helvetibox.ch\/wp-content\/uploads\/2021\/09\/Helvetibox_n66_B2003_TI.jpg)\"><div class=\"et_pb_slide_overlay_container\"><\/div><div class=\"et_pb_container clearfix\"><div class=\"et_pb_slider_container_inner\"><div class=\"et_pb_slide_description\"><h2 class=\"et_pb_slide_title\"><a href=\"https:\/\/www.helvetibox.ch\/de\/helvetibox-n66-regionale-produkte-aus-dem-tessin\/\">HelvetiBox N\u00b066 \u2013 Regionale Produkte aus dem Tessin<\/a><\/h2><div class=\"et_pb_slide_content\"><div class=\"et_pb_slide_content_body\"><p>Als einziger Schweizer Kanton ganz s\u00fcdlich der Alpen teilt das Tessin nicht nur eine Sprache, sondern auch eine K\u00fcche mit seinem transalpinen Nachbarn. Unsere Auswahl sechs Tessiner Produkte soll Sie aufmuntern, auch wenn Sie sich gerade in Quarant\u00e4ne befinden. Hier&#8230;<\/p>\n<\/div><\/div><div class=\"et_pb_button_wrapper\"><a class=\"et_pb_button et_pb_more_button\" href=\"https:\/\/www.helvetibox.ch\/de\/helvetibox-n66-regionale-produkte-aus-dem-tessin\/\">weiterlesen<\/a><\/div><\/div><\/div><\/div><\/div><div class=\"et_pb_slide et_pb_post_slide-58725\" style=\"background-image:url(https:\/\/www.helvetibox.ch\/wp-content\/uploads\/2021\/09\/Helvetibox_n65_B2002_ZH-copie-scaled.jpg)\"><div class=\"et_pb_slide_overlay_container\"><\/div><div class=\"et_pb_container clearfix\"><div class=\"et_pb_slider_container_inner\"><div class=\"et_pb_slide_description\"><h2 class=\"et_pb_slide_title\"><a href=\"https:\/\/www.helvetibox.ch\/de\/helvetibox-n65-regionale-produkte-aus-zuerich\/\">HelvetiBox N\u00b065 \u2013 Regionale Produkte aus Z\u00fcrich<\/a><\/h2><div class=\"et_pb_slide_content\"><div class=\"et_pb_slide_content_body\"><p>HelvetiBox N\u00b065 \u2013 Regionale Produkte aus Z\u00fcrich Der Kanton Z\u00fcrich ist gleichzeitig der Kanton mit der h\u00f6chsten Bev\u00f6lkerungsanzahl und der am dicht besiedelte Kanton. Seit langer Zeit sind die Metropole und das umliegende Land besonders wohlhabend. Das spiegelt sich&#8230;<\/p>\n<\/div><\/div><div class=\"et_pb_button_wrapper\"><a class=\"et_pb_button et_pb_more_button\" href=\"https:\/\/www.helvetibox.ch\/de\/helvetibox-n65-regionale-produkte-aus-zuerich\/\">weiterlesen<\/a><\/div><\/div><\/div><\/div><\/div><div class=\"et_pb_slide et_pb_post_slide-58707\" style=\"background-image:url(https:\/\/www.helvetibox.ch\/wp-content\/uploads\/2021\/09\/Helvetibox_n64_B2001_FR-scaled.jpg)\"><div class=\"et_pb_slide_overlay_container\"><\/div><div class=\"et_pb_container clearfix\"><div class=\"et_pb_slider_container_inner\"><div class=\"et_pb_slide_description\"><h2 class=\"et_pb_slide_title\"><a href=\"https:\/\/www.helvetibox.ch\/de\/helvetibox-n64-regionale-produkte-aus-freiburg\/\">HelvetiBox n\u00b064 \u2013 Regionale Produkte aus Freiburg<\/a><\/h2><div class=\"et_pb_slide_content\"><div class=\"et_pb_slide_content_body\"><p>HelvetiBox n\u00b064 \u2013 Regionale Produkte aus Freiburg Um das neue Jahr zu beginnen, empfehlen wir Ihnen, das Terroir des zweisprachigen Kantons Freiburg zu entdecken. Eine Gourmet-Auswahl von sechs Produkten, die die Spezialit\u00e4ten des Kantons mit einem Hauch von&#8230;<\/p>\n<\/div><\/div><div class=\"et_pb_button_wrapper\"><a class=\"et_pb_button et_pb_more_button\" href=\"https:\/\/www.helvetibox.ch\/de\/helvetibox-n64-regionale-produkte-aus-freiburg\/\">weiterlesen<\/a><\/div><\/div><\/div><\/div><\/div><\/div><\/div><\/div><\/div><\/div><div class=\"et_pb_section_1 et_pb_section et_section_regular et_block_section\"><div class=\"et_pb_row_3 et_pb_row et_block_row\"><div class=\"et_pb_column_4 et_pb_column et_pb_column_1_3 et_block_column et_pb_css_mix_blend_mode_passthrough\"><div class=\"et_pb_number_counter_0 et_pb_number_counter et_pb_bg_layout_light et_pb_text_align_center et_pb_with_title et_pb_module et_block_module\"><div class=\"percent\"><p><span class=\"percent-value\"><\/span><span class=\"percent-sign\"><\/span><\/p><\/div><h3 class=\"title\">PRODUKTE<\/h3><\/div><\/div><div class=\"et_pb_column_5 et_pb_column et_pb_column_1_3 et_block_column et_pb_css_mix_blend_mode_passthrough\"><div class=\"et_pb_text_1 et_pb_text et_pb_bg_layout_light et_pb_module et_block_module\"><div class=\"et_pb_text_inner\"><h1 style=\"text-align: center;\">Die HelvetiBox N\u00b024<\/h1>\n<h1 style=\"text-align: center;\">in Zahlen<\/h1>\n<\/div><\/div><\/div><div class=\"et_pb_column_6 et_pb_column et_pb_column_1_3 et-last-child et_block_column et_pb_css_mix_blend_mode_passthrough\"><div class=\"et_pb_number_counter_1 et_pb_number_counter et_pb_bg_layout_light et_pb_text_align_center et_pb_with_title et_pb_module et_block_module\"><div class=\"percent\"><p><span class=\"percent-value\"><\/span><span class=\"percent-sign\"><\/span><\/p><\/div><h3 class=\"title\">PRODUZENTEN<\/h3><\/div><\/div><\/div><\/div><div class=\"et_pb_section_2 et_pb_section et_section_regular et_block_section\"><div class=\"et_pb_row_4 et_pb_row et_block_row\"><div class=\"et_pb_column_7 et_pb_column et_pb_column_4_4 et-last-child et_block_column et_pb_css_mix_blend_mode_passthrough\"><div class=\"et_pb_text_2 et_pb_text et_pb_bg_layout_light et_pb_module et_block_module et_pb_text_align_justified\"><div class=\"et_pb_text_inner\"><h1 style=\"text-align: center;\">Kaviar aus gr\u00fcnen Linsen und Balsamico Essig<\/h1>\n<p style=\"text-align: center;\"><strong>Ferme Cocquio\u00a0La Petite Grave, 1236 Cartigny<\/strong><\/p>\n<\/div><\/div><\/div><\/div><div class=\"et_pb_row_5 et_pb_row et_block_row\"><div class=\"et_pb_column_8 et_pb_column et_pb_column_1_2 et_block_column et_pb_css_mix_blend_mode_passthrough\"><div class=\"et_pb_text_3 et_pb_text et_pb_bg_layout_light et_pb_module et_block_module\"><div class=\"et_pb_text_inner\"><p>Sch\u00f6ne dunkelgr\u00fcne Perlen in einer k\u00fcnstlerisch gew\u00fcrzten Mischung aus Balsamico Essig, ist die neuste Kreation von L\u00e9onie Cocquio. F\u00fcr die junge Mutter und Chefin des Familienbetriebs in Cartigny, denkt bei Linsen, anders als viele Genfer, nicht nur an Longeole (die winterliche Wurst, die typisch f\u00fcr den Kanton ist). L\u00e9onie schl\u00e4gt vor, die heiligen Cornichons beim Raclette doch einmal mit dem Kaviar aus gr\u00fcnen Linsen zu ersetzten, um die Geschmacksknospen anzuregen.\u00a0Man kann dieses Produkt aber auch gut zu ger\u00e4uchertem Lachs, zu Ziegenk\u00e4se oder einfach zu Salat essen.<\/p>\n<p>Das Etikett hat L\u00e9onie als gelernte Grafikerin \u00fcbrigens auch selbst gestalte. Nach ihrer Marketingerfahrung in der Uhrenindustrie, hat sie eine Kehrtwende gemacht, um das Familienland zu \u00fcbernehmen. Seitdem hat sie dem Bauernhof neues Leben eingehaucht, indem sie die verschiedensten Pflanzen anbaut und ausprobiert. Und so versucht sie den Erfolg ihres Vaters zu wiederholen, der aus einer Reise nach Puy-de-D\u00f4me 1992 die Puy-Linse mitgebracht hat. Wer weiss, vielleicht w\u00e4chst in 20 Jahren ja Quinoa in Genf! Auch wenn dieser Versuch bis jetzt noch keine Fr\u00fcchte tr\u00e4gt!<\/p>\n<\/div><\/div><\/div><div class=\"et_pb_column_9 et_pb_column et_pb_column_1_2 et-last-child et_block_column et_pb_css_mix_blend_mode_passthrough\"><div class=\"et_pb_gallery_0 et_pb_gallery et_pb_bg_layout_light et_pb_slider et_pb_gallery_fullwidth clearfix et_pb_module\" data-auto-rotate=\"off\" data-auto-rotate-speed=\"\"><div class=\"et_pb_gallery_items et_post_gallery clearfix\" data-per_page=\"4\"><div class=\"et_pb_gallery_item et_pb_gallery_item_0_0\"><div class=\"et_pb_gallery_image landscape\" data-per_page=\"4\"><a href=\"https:\/\/www.helvetibox.ch\/wp-content\/uploads\/2016\/08\/15.05.2016_Poertraits_OPAGE_AP-02358-1.jpg\" title=\"Portraits pour l&#039;OPAGE\"><img loading=\"lazy\" decoding=\"async\" width=\"801\" height=\"1200\" src=\"https:\/\/www.helvetibox.ch\/wp-content\/uploads\/2016\/08\/15.05.2016_Poertraits_OPAGE_AP-02358-1.jpg\" alt=\"\" class=\"wp-image-13426\" srcset=\"https:\/\/www.helvetibox.ch\/wp-content\/uploads\/2016\/08\/15.05.2016_Poertraits_OPAGE_AP-02358-1.jpg 801w, https:\/\/www.helvetibox.ch\/wp-content\/uploads\/2016\/08\/15.05.2016_Poertraits_OPAGE_AP-02358-1-510x764.jpg 510w, https:\/\/www.helvetibox.ch\/wp-content\/uploads\/2016\/08\/15.05.2016_Poertraits_OPAGE_AP-02358-1-200x300.jpg 200w, https:\/\/www.helvetibox.ch\/wp-content\/uploads\/2016\/08\/15.05.2016_Poertraits_OPAGE_AP-02358-1-768x1151.jpg 768w, https:\/\/www.helvetibox.ch\/wp-content\/uploads\/2016\/08\/15.05.2016_Poertraits_OPAGE_AP-02358-1-684x1024.jpg 684w, https:\/\/www.helvetibox.ch\/wp-content\/uploads\/2016\/08\/15.05.2016_Poertraits_OPAGE_AP-02358-1-610x914.jpg 610w\" sizes=\"(max-width: 801px) 100vw, 801px\" \/><span class=\"et_overlay\" data-icon=\"\" data-icon-tablet=\"\" data-icon-phone=\"\"><\/span><\/a><\/div><\/div><div class=\"et_pb_gallery_item et_pb_gallery_item_0_1\"><div class=\"et_pb_gallery_image landscape\" data-per_page=\"4\"><a href=\"https:\/\/www.helvetibox.ch\/wp-content\/uploads\/2016\/08\/IMAG0738-1.jpg\" title=\"IMAG0738-1\"><img loading=\"lazy\" decoding=\"async\" width=\"1280\" height=\"2276\" src=\"https:\/\/www.helvetibox.ch\/wp-content\/uploads\/2016\/08\/IMAG0738-1.jpg\" alt=\"\" class=\"wp-image-13428\" srcset=\"https:\/\/www.helvetibox.ch\/wp-content\/uploads\/2016\/08\/IMAG0738-1.jpg 1280w, https:\/\/www.helvetibox.ch\/wp-content\/uploads\/2016\/08\/IMAG0738-1-510x907.jpg 510w, https:\/\/www.helvetibox.ch\/wp-content\/uploads\/2016\/08\/IMAG0738-1-169x300.jpg 169w, https:\/\/www.helvetibox.ch\/wp-content\/uploads\/2016\/08\/IMAG0738-1-768x1366.jpg 768w, https:\/\/www.helvetibox.ch\/wp-content\/uploads\/2016\/08\/IMAG0738-1-576x1024.jpg 576w, https:\/\/www.helvetibox.ch\/wp-content\/uploads\/2016\/08\/IMAG0738-1-610x1085.jpg 610w, https:\/\/www.helvetibox.ch\/wp-content\/uploads\/2016\/08\/IMAG0738-1-1080x1920.jpg 1080w\" sizes=\"(max-width: 1280px) 100vw, 1280px\" \/><span class=\"et_overlay\" data-icon=\"\" data-icon-tablet=\"\" data-icon-phone=\"\"><\/span><\/a><\/div><\/div><div class=\"et_pb_gallery_item et_pb_gallery_item_0_2\"><div class=\"et_pb_gallery_image landscape\" data-per_page=\"4\"><a href=\"https:\/\/www.helvetibox.ch\/wp-content\/uploads\/2016\/08\/IMG_20150706_172849.jpg\" title=\"IMG_20150706_172849\"><img loading=\"lazy\" decoding=\"async\" width=\"2448\" height=\"3264\" src=\"https:\/\/www.helvetibox.ch\/wp-content\/uploads\/2016\/08\/IMG_20150706_172849.jpg\" alt=\"\" class=\"wp-image-13430\" srcset=\"https:\/\/www.helvetibox.ch\/wp-content\/uploads\/2016\/08\/IMG_20150706_172849.jpg 2448w, https:\/\/www.helvetibox.ch\/wp-content\/uploads\/2016\/08\/IMG_20150706_172849-510x680.jpg 510w, https:\/\/www.helvetibox.ch\/wp-content\/uploads\/2016\/08\/IMG_20150706_172849-225x300.jpg 225w, https:\/\/www.helvetibox.ch\/wp-content\/uploads\/2016\/08\/IMG_20150706_172849-768x1024.jpg 768w, https:\/\/www.helvetibox.ch\/wp-content\/uploads\/2016\/08\/IMG_20150706_172849-610x813.jpg 610w, https:\/\/www.helvetibox.ch\/wp-content\/uploads\/2016\/08\/IMG_20150706_172849-1080x1440.jpg 1080w\" sizes=\"(max-width: 2448px) 100vw, 2448px\" \/><span class=\"et_overlay\" data-icon=\"\" data-icon-tablet=\"\" data-icon-phone=\"\"><\/span><\/a><\/div><\/div><div class=\"et_pb_gallery_item et_pb_gallery_item_0_3\"><div class=\"et_pb_gallery_image landscape\" data-per_page=\"4\"><a href=\"https:\/\/www.helvetibox.ch\/wp-content\/uploads\/2016\/08\/IMG_20150706_175154.jpg\" title=\"IMG_20150706_175154\"><img loading=\"lazy\" decoding=\"async\" width=\"2448\" height=\"3264\" src=\"https:\/\/www.helvetibox.ch\/wp-content\/uploads\/2016\/08\/IMG_20150706_175154.jpg\" alt=\"\" class=\"wp-image-13432\" srcset=\"https:\/\/www.helvetibox.ch\/wp-content\/uploads\/2016\/08\/IMG_20150706_175154.jpg 2448w, https:\/\/www.helvetibox.ch\/wp-content\/uploads\/2016\/08\/IMG_20150706_175154-510x680.jpg 510w, https:\/\/www.helvetibox.ch\/wp-content\/uploads\/2016\/08\/IMG_20150706_175154-225x300.jpg 225w, https:\/\/www.helvetibox.ch\/wp-content\/uploads\/2016\/08\/IMG_20150706_175154-768x1024.jpg 768w, https:\/\/www.helvetibox.ch\/wp-content\/uploads\/2016\/08\/IMG_20150706_175154-610x813.jpg 610w, https:\/\/www.helvetibox.ch\/wp-content\/uploads\/2016\/08\/IMG_20150706_175154-1080x1440.jpg 1080w\" sizes=\"(max-width: 2448px) 100vw, 2448px\" \/><span class=\"et_overlay\" data-icon=\"\" data-icon-tablet=\"\" data-icon-phone=\"\"><\/span><\/a><\/div><\/div><\/div><\/div><\/div><\/div><\/div><div class=\"et_pb_section_3 et_pb_section et_section_regular et_block_section\"><div class=\"et_pb_row_6 et_pb_row et_block_row\"><div class=\"et_pb_column_10 et_pb_column et_pb_column_4_4 et-last-child et_block_column et_pb_css_mix_blend_mode_passthrough\"><div class=\"et_pb_text_4 et_pb_text et_pb_bg_layout_light et_pb_module et_block_module et_pb_text_align_justified\"><div class=\"et_pb_text_inner\"><h1 style=\"text-align: center;\">Ketchup<\/h1>\n<p style=\"text-align: center;\"><strong>Domaine des Oulaines, 1233 Lully (Bernex)<br \/>\n<\/strong><\/p>\n<\/div><\/div><\/div><\/div><div class=\"et_pb_row_7 et_pb_row et_block_row\"><div class=\"et_pb_column_11 et_pb_column et_pb_column_4_4 et-last-child et_block_column et_pb_css_mix_blend_mode_passthrough\"><div class=\"et_pb_text_5 et_pb_text et_pb_bg_layout_light et_pb_module et_block_module\"><div class=\"et_pb_text_inner\"><p>Obwohl das Leuchtturmprodukt der Genfer Gem\u00fcseg\u00e4rtner der silbrige Kardy von Plainpalai ist, den wir ja schon bei unserem letzten Besuch kenne gelernt haben, so ist das am meisten angebaute Gem\u00fcse die Tomate. Eine von f\u00fcnf Schweizer Tomaten kommt aus Genf. Und das beliebteste Gem\u00fcse der Schweizer (sie hat die Karotte sogar \u00fcberholt), wird sogar jedes Jahr gefeiert. Das 17. Fest der Tomaten hat im Juli im Stadtzentrum von Carouge stattgefunden.<\/p>\n<p>Um diesen Hausketchup herzustellen, hat sich die Domaine des Oulaines mit dem March\u00e9 des Mattines zusammen getan. Der Familienbetrieb, March\u00e9 des Mattines, der Familie Blondin produziert \u00fcber 30 verschiedene Tomatensorten, darunter die, die f\u00fcr die Ketchup-Produktion verwendet wird. Nadine und Daniel Tremblet, vom Domaine des Oulaines, liefern den Essig. So wird Ihr n\u00e4chster Hamburger einen echten regionalen Genfer-Touch bekommen. Und wenn sie einmal wenig Zeit haben, brauchen Sie nur den Ketchup mit Cr\u00e8me Fra\u00eeche und Basilikum zu vermengen um eine superschnelle Pasta-Sauce zu erhalten!<\/p>\n<\/div><\/div><\/div><\/div><\/div><div class=\"et_pb_section_4 et_pb_section et_section_regular et_block_section\"><div class=\"et_pb_row_8 et_pb_row et_block_row\"><div class=\"et_pb_column_12 et_pb_column et_pb_column_4_4 et-last-child et_block_column et_pb_css_mix_blend_mode_passthrough\"><div class=\"et_pb_text_6 et_pb_text et_pb_bg_layout_light et_pb_module et_block_module et_pb_text_align_justified\"><div class=\"et_pb_text_inner\"><h1 style=\"text-align: center;\">Moutarde aux grains noirs<\/h1>\n<p style=\"text-align: center;\"><strong>Domaine des Oulaines, 1233\u00a0Lully (Bernex)<br \/>\n<\/strong><\/p>\n<\/div><\/div><\/div><\/div><div class=\"et_pb_row_9 et_pb_row et_block_row\"><div class=\"et_pb_column_13 et_pb_column et_pb_column_4_4 et-last-child et_block_column et_pb_css_mix_blend_mode_passthrough\"><div class=\"et_pb_text_7 et_pb_text et_pb_bg_layout_light et_pb_module et_block_module et_pb_text_align_justified\"><div class=\"et_pb_text_inner\"><p>Das Domaine des Oulaines geh\u00f6rt der Familie Tremblet. Neben Landwirtschaft, betreibt die Familie auch einen Weinberg von 5 Hektar, von dem aus man eine herrliche Aussicht auf den Sal\u00e8ve hat. Schon 2008 machten Freunde von Nadine und Daniel Scherze dar\u00fcber, dass bei ihren exzellenten Essigen und \u00d6len eigentlich nur noch eine Senfproduktion fehlen w\u00fcrde, um eine Vinaigrette zu machen.<\/p>\n<p>Daniel hat sich also dazu entschlossen es zu versuchen. Zu Beginn verwendete er importierte Samen. Doch er machte auch Versuche mit Samen aus dem Garten der Familie. Heute umfasst die Anbaufl\u00e4che f\u00fcr den Senf 1.5 Hektar und einen j\u00e4hrlichen Ertrag von 300 bis 2100 kg. Und Daniel ist nun einer der einzigen Produzenten in der Schweiz, der mit 100% Schweizer Anbau herstellt. Die Tremblets bauen gelbe, aber auch st\u00e4rkere schwarze Samen an. Das Besondere: die Samen werden zerquetscht und nicht gemahlen, damit der Senf so nat\u00fcrlich wie m\u00f6glich bleibt. Unsere Auswahl f\u00fcr Sie hat eine Silbermedaille im letzten Schweizer Wettbewerb der Regionalprodukte gewonnen. Verwenden Sie nur kleine Mengen, der Senf ist scharf!<\/p>\n<\/div><\/div><\/div><\/div><\/div><div class=\"et_pb_section_5 et_pb_section et_section_regular et_block_section\"><div class=\"et_pb_row_10 et_pb_row et_block_row\"><div class=\"et_pb_column_14 et_pb_column et_pb_column_4_4 et-last-child et_block_column et_pb_css_mix_blend_mode_passthrough\"><div class=\"et_pb_text_8 et_pb_text et_pb_bg_layout_light et_pb_module et_block_module et_pb_text_align_justified\"><div class=\"et_pb_text_inner\"><h1 style=\"text-align: center;\">Kichererbsen<\/h1>\n<p style=\"text-align: center;\"><strong>Carthag\u00e8ne, 1290\u00a0<span class=\"st\">Versoix<\/span><br \/>\n<\/strong><\/p>\n<\/div><\/div><\/div><\/div><div class=\"et_pb_row_11 et_pb_row et_block_row\"><div class=\"et_pb_column_15 et_pb_column et_pb_column_4_4 et-last-child et_block_column et_pb_css_mix_blend_mode_passthrough\"><div class=\"et_pb_text_9 et_pb_text et_pb_bg_layout_light et_pb_module et_block_module\"><div class=\"et_pb_text_inner\"><p>Der Anbau von Kichererbsen ist bei den Genfer Bauern gerade in Mode. Der Verbund Carthag\u00e8ne, der von drei Bauern ins Leben gerufen wurde, die die Genfer Regionalprodukte bekannter machen wollten, macht da keine Ausnahme. Die entfernte Verwandte der Erbse ist normalerweise eher im mediterranen Raum, aus dem sie urspr\u00fcnglich stammt oder in Indien zu finden, das nun der weltweit gr\u00f6sste Produzent ist. Trotzdem hat sie es sich im Genfer Raum gem\u00fctlich gemacht und wer weiss \u2013 vielleicht bekommt sie auch bald ein Fest f\u00fcr sich.<\/p>\n<p>Reich an pflanzlichem Eiweiss, Vitaminen und Mineralien, ist die Kichererbse arm an Fett und Cholesterol und ein Hauptelement der vegetarischen K\u00fcche. Kichererbsen kann man warm oder kalt essen. Zur Zubereitung einfach 12 Stunden lang in der dreifachen Menge Wasser einweichen lassen und danach nicht direkt ins kochende Wasser werfen, sondern noch abtrocknen lassen. Die Kichererbsen von Carthag\u00e8ne sind Gen\u00e8ve R\u00e9gion \u2013 Terre Avenir zertifiziert, was ihre Herkunft und eine nachhaltige und umweltfreundliche Produktion garantiert.<\/p>\n<\/div><\/div><\/div><\/div><\/div><div class=\"et_pb_section_6 et_pb_section et_section_regular et_block_section\"><div class=\"et_pb_row_12 et_pb_row et_block_row\"><div class=\"et_pb_column_16 et_pb_column et_pb_column_4_4 et-last-child et_block_column et_pb_css_mix_blend_mode_passthrough\"><div class=\"et_pb_text_10 et_pb_text et_pb_bg_layout_light et_pb_module et_block_module et_pb_text_align_justified\"><div class=\"et_pb_text_inner\"><h1 style=\"text-align: center;\">Bl\u00e9 souffl\u00e9 sal\u00e9<\/h1>\n<p style=\"text-align: center;\"><strong>Domaine de l&#8217;Abbaye, 1243 Presinge<\/strong><\/p>\n<\/div><\/div><\/div><\/div><div class=\"et_pb_row_13 et_pb_row et_block_row\"><div class=\"et_pb_column_17 et_pb_column et_pb_column_4_4 et-last-child et_block_column et_pb_css_mix_blend_mode_passthrough\"><div class=\"et_pb_text_11 et_pb_text et_pb_bg_layout_light et_pb_module et_block_module\"><div class=\"et_pb_text_inner\"><p>Auf der linken Seeseite, in der N\u00e4he von Presigne gelegen, geh\u00f6rt die Domaine de l\u2019Abbaye seit \u00fcber 20 Jahres dem Kanton Genf. Familie L\u00e4ser pachtet das Land nun schon \u00fcber 90 Jahre. Heute arbeiten die 3. und 4. Generation zusammen auf dem Hof. Das vielseitige Anbaugebiet wird zurzeit auf Bio umgestellt. Es gibt Weizen, Mais, Raps, aber auch Klee und Soja f\u00fcr die Samenproduktion, Wein und eine Herd K\u00fche f\u00fcr die Fleischproduktion. Der geerntete Weizen wird auf dem Grundst\u00fcck aufbewahrt. Das Salz wird aus den Jura Salinen geholt. Familie L\u00e4ser empfiehlt die<strong> salzigen Weizenflocken<\/strong> zum Ap\u00e9ro.<\/p>\n<\/div><\/div><\/div><\/div><\/div><div class=\"et_pb_section_7 et_pb_section et_section_regular et_block_section\"><div class=\"et_pb_row_14 et_pb_row et_block_row\"><div class=\"et_pb_column_18 et_pb_column et_pb_column_4_4 et-last-child et_block_column et_pb_css_mix_blend_mode_passthrough\"><div class=\"et_pb_blurb_0 et_pb_blurb et_pb_bg_layout_light et_pb_text_align_center et_pb_blurb_position_top et_pb_module et_block_module\"><div class=\"et_pb_blurb_content\"><div class=\"et_pb_main_blurb_image\"><span class=\"et_pb_image_wrap\"><span class=\"et-pb-icon et-waypoint et_pb_animation_off et_pb_animation_off_tablet et_pb_animation_off_phone\">\ue01d<\/span><\/span><\/div><div class=\"et_pb_blurb_container\"><h4 class=\"et_pb_module_header\">Standort der Produzenten<\/h4><div class=\"et_pb_blurb_description\"><\/div><\/div><\/div><\/div><div class=\"et_pb_map_0 et_pb_map_container et_pb_module et_flex_module\" data-grayscale=\"\"><div class=\"et_pb_map\" data-center-lat=\"46.237645960144\" data-center-lng=\"6.1596371921875\" data-zoom=\"10\" data-mouse-wheel=\"off\" data-mobile-dragging=\"on\"><\/div><div class=\"et_pb_map_pin_0 et_pb_map_pin\" data-lat=\"46.1731884\" data-lng=\"6.040663\" data-title=\"La Petite Grave\"><h3 style=\"margin-top:10px\">La Petite Grave<\/h3><div class=\"infowindow\"><\/div><\/div><div class=\"et_pb_map_pin_1 et_pb_map_pin\" data-lat=\"46.1663066\" data-lng=\"6.07676\" data-title=\"Domaine des Oulaines\"><h3 style=\"margin-top:10px\">Domaine des Oulaines<\/h3><div class=\"infowindow\"><\/div><\/div><div class=\"et_pb_map_pin_2 et_pb_map_pin\" data-lat=\"46.2777886\" data-lng=\"6.1394513\" data-title=\"Carthag\u00e8ne\"><h3 style=\"margin-top:10px\">Carthag\u00e8ne<\/h3><div class=\"infowindow\"><\/div><\/div><div class=\"et_pb_map_pin_3 et_pb_map_pin\" data-lat=\"46.221411\" data-lng=\"6.2501687\" data-title=\"Domaine de l\u2019Abbaye\"><h3 style=\"margin-top:10px\">Domaine de l\u2019Abbaye<\/h3><div class=\"infowindow\"><\/div><\/div><\/div><\/div><\/div><\/div><div class=\"et_pb_section_8 et_pb_section et_section_regular et_block_section\"><\/div>","protected":false},"excerpt":{"rendered":"<p>Und so kommen wir nun nach fast 2 Jahren wieder in den Kanton Genf zur\u00fcck. Das erste Mal waren wir in der kalten Jahreszeit hier. Es gab also Longeole und Cardons. Diesmal beinhaltet unsere Auswahl nicht weniger als drei Produkte, die w\u00e4hrend unseres ersten Besuches noch gar nicht existierten. Das zeigt, dass es den Genfer Bauern und Kleinproduzenten nicht an Ideen mangelt.<\/p>\n","protected":false},"author":329,"featured_media":13495,"comment_status":"closed","ping_status":"open","sticky":false,"template":"","format":"standard","meta":{"_et_pb_use_builder":"on","_et_pb_old_content":"","_et_gb_content_width":"","footnotes":""},"categories":[43,116],"tags":[],"dipi_cpt_category":[],"class_list":["post-13513","post","type-post","status-publish","format-standard","has-post-thumbnail","hentry","category-box-de","category-box-n24-genf"],"yoast_head":"<!-- This site is optimized with the Yoast SEO plugin v27.5 - https:\/\/yoast.com\/product\/yoast-seo-wordpress\/ -->\n<title>HelvetiBox N\u00b024 \u2013 Regionale Produkte aus Genf - HelvetiBox<\/title>\n<meta name=\"robots\" content=\"index, follow, max-snippet:-1, max-image-preview:large, max-video-preview:-1\" \/>\n<link rel=\"canonical\" href=\"https:\/\/www.helvetibox.ch\/de\/helvetibox-n24-regionale-produkte-aus-genf\/\" \/>\n<meta property=\"og:locale\" content=\"de_DE\" \/>\n<meta property=\"og:type\" content=\"article\" \/>\n<meta property=\"og:title\" content=\"HelvetiBox N\u00b024 \u2013 Regionale Produkte aus Genf - HelvetiBox\" \/>\n<meta property=\"og:description\" content=\"Und so kommen wir nun nach fast 2 Jahren wieder in den Kanton Genf zur\u00fcck. Das erste Mal waren wir in der kalten Jahreszeit hier. Es gab also Longeole und Cardons. Diesmal beinhaltet unsere Auswahl nicht weniger als drei Produkte, die w\u00e4hrend unseres ersten Besuches noch gar nicht existierten. Das zeigt, dass es den Genfer Bauern und Kleinproduzenten nicht an Ideen mangelt.\" \/>\n<meta property=\"og:url\" content=\"https:\/\/www.helvetibox.ch\/de\/helvetibox-n24-regionale-produkte-aus-genf\/\" \/>\n<meta property=\"og:site_name\" content=\"HelvetiBox\" \/>\n<meta property=\"article:publisher\" content=\"http:\/\/www.facebook.com\/helvetibox\" \/>\n<meta property=\"article:published_time\" content=\"2016-08-17T10:00:01+00:00\" \/>\n<meta property=\"article:modified_time\" content=\"2026-03-03T19:46:53+00:00\" \/>\n<meta property=\"og:image\" content=\"https:\/\/www.helvetibox.ch\/wp-content\/uploads\/2016\/08\/Helvetibox_n24-GE-geneve.jpg\" \/>\n\t<meta property=\"og:image:width\" content=\"1600\" \/>\n\t<meta property=\"og:image:height\" content=\"1067\" \/>\n\t<meta property=\"og:image:type\" content=\"image\/jpeg\" \/>\n<meta name=\"author\" content=\"Florian Corth\u00e9sy\" \/>\n<script type=\"application\/ld+json\" class=\"yoast-schema-graph\">{\"@context\":\"https:\\\/\\\/schema.org\",\"@graph\":[{\"@type\":\"Article\",\"@id\":\"https:\\\/\\\/www.helvetibox.ch\\\/de\\\/helvetibox-n24-regionale-produkte-aus-genf\\\/#article\",\"isPartOf\":{\"@id\":\"https:\\\/\\\/www.helvetibox.ch\\\/de\\\/helvetibox-n24-regionale-produkte-aus-genf\\\/\"},\"author\":{\"name\":\"Florian Corth\u00e9sy\",\"@id\":\"https:\\\/\\\/www.helvetibox.ch\\\/de\\\/#\\\/schema\\\/person\\\/570a8ce46d2623290e963592e83b03a4\"},\"headline\":\"HelvetiBox N\u00b024 \u2013 Regionale Produkte aus Genf\",\"datePublished\":\"2016-08-17T10:00:01+00:00\",\"dateModified\":\"2026-03-03T19:46:53+00:00\",\"mainEntityOfPage\":{\"@id\":\"https:\\\/\\\/www.helvetibox.ch\\\/de\\\/helvetibox-n24-regionale-produkte-aus-genf\\\/\"},\"wordCount\":49,\"image\":{\"@id\":\"https:\\\/\\\/www.helvetibox.ch\\\/de\\\/helvetibox-n24-regionale-produkte-aus-genf\\\/#primaryimage\"},\"thumbnailUrl\":\"https:\\\/\\\/www.helvetibox.ch\\\/wp-content\\\/uploads\\\/2016\\\/08\\\/Helvetibox_n24-GE-geneve.jpg\",\"articleSection\":[\"Box\",\"Box N\u00b024 - Genf\"],\"inLanguage\":\"de\"},{\"@type\":\"WebPage\",\"@id\":\"https:\\\/\\\/www.helvetibox.ch\\\/de\\\/helvetibox-n24-regionale-produkte-aus-genf\\\/\",\"url\":\"https:\\\/\\\/www.helvetibox.ch\\\/de\\\/helvetibox-n24-regionale-produkte-aus-genf\\\/\",\"name\":\"HelvetiBox N\u00b024 \u2013 Regionale Produkte aus Genf - HelvetiBox\",\"isPartOf\":{\"@id\":\"https:\\\/\\\/www.helvetibox.ch\\\/de\\\/#website\"},\"primaryImageOfPage\":{\"@id\":\"https:\\\/\\\/www.helvetibox.ch\\\/de\\\/helvetibox-n24-regionale-produkte-aus-genf\\\/#primaryimage\"},\"image\":{\"@id\":\"https:\\\/\\\/www.helvetibox.ch\\\/de\\\/helvetibox-n24-regionale-produkte-aus-genf\\\/#primaryimage\"},\"thumbnailUrl\":\"https:\\\/\\\/www.helvetibox.ch\\\/wp-content\\\/uploads\\\/2016\\\/08\\\/Helvetibox_n24-GE-geneve.jpg\",\"datePublished\":\"2016-08-17T10:00:01+00:00\",\"dateModified\":\"2026-03-03T19:46:53+00:00\",\"author\":{\"@id\":\"https:\\\/\\\/www.helvetibox.ch\\\/de\\\/#\\\/schema\\\/person\\\/570a8ce46d2623290e963592e83b03a4\"},\"breadcrumb\":{\"@id\":\"https:\\\/\\\/www.helvetibox.ch\\\/de\\\/helvetibox-n24-regionale-produkte-aus-genf\\\/#breadcrumb\"},\"inLanguage\":\"de\",\"potentialAction\":[{\"@type\":\"ReadAction\",\"target\":[\"https:\\\/\\\/www.helvetibox.ch\\\/de\\\/helvetibox-n24-regionale-produkte-aus-genf\\\/\"]}]},{\"@type\":\"ImageObject\",\"inLanguage\":\"de\",\"@id\":\"https:\\\/\\\/www.helvetibox.ch\\\/de\\\/helvetibox-n24-regionale-produkte-aus-genf\\\/#primaryimage\",\"url\":\"https:\\\/\\\/www.helvetibox.ch\\\/wp-content\\\/uploads\\\/2016\\\/08\\\/Helvetibox_n24-GE-geneve.jpg\",\"contentUrl\":\"https:\\\/\\\/www.helvetibox.ch\\\/wp-content\\\/uploads\\\/2016\\\/08\\\/Helvetibox_n24-GE-geneve.jpg\",\"width\":1600,\"height\":1067},{\"@type\":\"BreadcrumbList\",\"@id\":\"https:\\\/\\\/www.helvetibox.ch\\\/de\\\/helvetibox-n24-regionale-produkte-aus-genf\\\/#breadcrumb\",\"itemListElement\":[{\"@type\":\"ListItem\",\"position\":1,\"name\":\"Accueil\",\"item\":\"https:\\\/\\\/www.helvetibox.ch\\\/de\\\/homepage\\\/\"},{\"@type\":\"ListItem\",\"position\":2,\"name\":\"HelvetiBox N\u00b024 \u2013 Regionale Produkte aus Genf\"}]},{\"@type\":\"WebSite\",\"@id\":\"https:\\\/\\\/www.helvetibox.ch\\\/de\\\/#website\",\"url\":\"https:\\\/\\\/www.helvetibox.ch\\\/de\\\/\",\"name\":\"HelvetiBox\",\"description\":\"Eine Gourmetreise durch die Schweiz \",\"potentialAction\":[{\"@type\":\"SearchAction\",\"target\":{\"@type\":\"EntryPoint\",\"urlTemplate\":\"https:\\\/\\\/www.helvetibox.ch\\\/de\\\/?s={search_term_string}\"},\"query-input\":{\"@type\":\"PropertyValueSpecification\",\"valueRequired\":true,\"valueName\":\"search_term_string\"}}],\"inLanguage\":\"de\"},{\"@type\":\"Person\",\"@id\":\"https:\\\/\\\/www.helvetibox.ch\\\/de\\\/#\\\/schema\\\/person\\\/570a8ce46d2623290e963592e83b03a4\",\"name\":\"Florian Corth\u00e9sy\",\"image\":{\"@type\":\"ImageObject\",\"inLanguage\":\"de\",\"@id\":\"https:\\\/\\\/secure.gravatar.com\\\/avatar\\\/25feb37f6f232bcff3b90c1032c68ca8b1ad55c1c90c8cc3d77f08e7bbf4224a?s=96&d=mm&r=g\",\"url\":\"https:\\\/\\\/secure.gravatar.com\\\/avatar\\\/25feb37f6f232bcff3b90c1032c68ca8b1ad55c1c90c8cc3d77f08e7bbf4224a?s=96&d=mm&r=g\",\"contentUrl\":\"https:\\\/\\\/secure.gravatar.com\\\/avatar\\\/25feb37f6f232bcff3b90c1032c68ca8b1ad55c1c90c8cc3d77f08e7bbf4224a?s=96&d=mm&r=g\",\"caption\":\"Florian Corth\u00e9sy\"}}]}<\/script>\n<!-- \/ Yoast SEO plugin. -->","yoast_head_json":{"title":"HelvetiBox N\u00b024 \u2013 Regionale Produkte aus Genf - HelvetiBox","robots":{"index":"index","follow":"follow","max-snippet":"max-snippet:-1","max-image-preview":"max-image-preview:large","max-video-preview":"max-video-preview:-1"},"canonical":"https:\/\/www.helvetibox.ch\/de\/helvetibox-n24-regionale-produkte-aus-genf\/","og_locale":"de_DE","og_type":"article","og_title":"HelvetiBox N\u00b024 \u2013 Regionale Produkte aus Genf - HelvetiBox","og_description":"Und so kommen wir nun nach fast 2 Jahren wieder in den Kanton Genf zur\u00fcck. Das erste Mal waren wir in der kalten Jahreszeit hier. Es gab also Longeole und Cardons. Diesmal beinhaltet unsere Auswahl nicht weniger als drei Produkte, die w\u00e4hrend unseres ersten Besuches noch gar nicht existierten. Das zeigt, dass es den Genfer Bauern und Kleinproduzenten nicht an Ideen mangelt.","og_url":"https:\/\/www.helvetibox.ch\/de\/helvetibox-n24-regionale-produkte-aus-genf\/","og_site_name":"HelvetiBox","article_publisher":"http:\/\/www.facebook.com\/helvetibox","article_published_time":"2016-08-17T10:00:01+00:00","article_modified_time":"2026-03-03T19:46:53+00:00","og_image":[{"width":1600,"height":1067,"url":"https:\/\/www.helvetibox.ch\/wp-content\/uploads\/2016\/08\/Helvetibox_n24-GE-geneve.jpg","type":"image\/jpeg"}],"author":"Florian Corth\u00e9sy","schema":{"@context":"https:\/\/schema.org","@graph":[{"@type":"Article","@id":"https:\/\/www.helvetibox.ch\/de\/helvetibox-n24-regionale-produkte-aus-genf\/#article","isPartOf":{"@id":"https:\/\/www.helvetibox.ch\/de\/helvetibox-n24-regionale-produkte-aus-genf\/"},"author":{"name":"Florian Corth\u00e9sy","@id":"https:\/\/www.helvetibox.ch\/de\/#\/schema\/person\/570a8ce46d2623290e963592e83b03a4"},"headline":"HelvetiBox N\u00b024 \u2013 Regionale Produkte aus Genf","datePublished":"2016-08-17T10:00:01+00:00","dateModified":"2026-03-03T19:46:53+00:00","mainEntityOfPage":{"@id":"https:\/\/www.helvetibox.ch\/de\/helvetibox-n24-regionale-produkte-aus-genf\/"},"wordCount":49,"image":{"@id":"https:\/\/www.helvetibox.ch\/de\/helvetibox-n24-regionale-produkte-aus-genf\/#primaryimage"},"thumbnailUrl":"https:\/\/www.helvetibox.ch\/wp-content\/uploads\/2016\/08\/Helvetibox_n24-GE-geneve.jpg","articleSection":["Box","Box N\u00b024 - Genf"],"inLanguage":"de"},{"@type":"WebPage","@id":"https:\/\/www.helvetibox.ch\/de\/helvetibox-n24-regionale-produkte-aus-genf\/","url":"https:\/\/www.helvetibox.ch\/de\/helvetibox-n24-regionale-produkte-aus-genf\/","name":"HelvetiBox N\u00b024 \u2013 Regionale Produkte aus Genf - HelvetiBox","isPartOf":{"@id":"https:\/\/www.helvetibox.ch\/de\/#website"},"primaryImageOfPage":{"@id":"https:\/\/www.helvetibox.ch\/de\/helvetibox-n24-regionale-produkte-aus-genf\/#primaryimage"},"image":{"@id":"https:\/\/www.helvetibox.ch\/de\/helvetibox-n24-regionale-produkte-aus-genf\/#primaryimage"},"thumbnailUrl":"https:\/\/www.helvetibox.ch\/wp-content\/uploads\/2016\/08\/Helvetibox_n24-GE-geneve.jpg","datePublished":"2016-08-17T10:00:01+00:00","dateModified":"2026-03-03T19:46:53+00:00","author":{"@id":"https:\/\/www.helvetibox.ch\/de\/#\/schema\/person\/570a8ce46d2623290e963592e83b03a4"},"breadcrumb":{"@id":"https:\/\/www.helvetibox.ch\/de\/helvetibox-n24-regionale-produkte-aus-genf\/#breadcrumb"},"inLanguage":"de","potentialAction":[{"@type":"ReadAction","target":["https:\/\/www.helvetibox.ch\/de\/helvetibox-n24-regionale-produkte-aus-genf\/"]}]},{"@type":"ImageObject","inLanguage":"de","@id":"https:\/\/www.helvetibox.ch\/de\/helvetibox-n24-regionale-produkte-aus-genf\/#primaryimage","url":"https:\/\/www.helvetibox.ch\/wp-content\/uploads\/2016\/08\/Helvetibox_n24-GE-geneve.jpg","contentUrl":"https:\/\/www.helvetibox.ch\/wp-content\/uploads\/2016\/08\/Helvetibox_n24-GE-geneve.jpg","width":1600,"height":1067},{"@type":"BreadcrumbList","@id":"https:\/\/www.helvetibox.ch\/de\/helvetibox-n24-regionale-produkte-aus-genf\/#breadcrumb","itemListElement":[{"@type":"ListItem","position":1,"name":"Accueil","item":"https:\/\/www.helvetibox.ch\/de\/homepage\/"},{"@type":"ListItem","position":2,"name":"HelvetiBox N\u00b024 \u2013 Regionale Produkte aus Genf"}]},{"@type":"WebSite","@id":"https:\/\/www.helvetibox.ch\/de\/#website","url":"https:\/\/www.helvetibox.ch\/de\/","name":"HelvetiBox","description":"Eine Gourmetreise durch die Schweiz ","potentialAction":[{"@type":"SearchAction","target":{"@type":"EntryPoint","urlTemplate":"https:\/\/www.helvetibox.ch\/de\/?s={search_term_string}"},"query-input":{"@type":"PropertyValueSpecification","valueRequired":true,"valueName":"search_term_string"}}],"inLanguage":"de"},{"@type":"Person","@id":"https:\/\/www.helvetibox.ch\/de\/#\/schema\/person\/570a8ce46d2623290e963592e83b03a4","name":"Florian Corth\u00e9sy","image":{"@type":"ImageObject","inLanguage":"de","@id":"https:\/\/secure.gravatar.com\/avatar\/25feb37f6f232bcff3b90c1032c68ca8b1ad55c1c90c8cc3d77f08e7bbf4224a?s=96&d=mm&r=g","url":"https:\/\/secure.gravatar.com\/avatar\/25feb37f6f232bcff3b90c1032c68ca8b1ad55c1c90c8cc3d77f08e7bbf4224a?s=96&d=mm&r=g","contentUrl":"https:\/\/secure.gravatar.com\/avatar\/25feb37f6f232bcff3b90c1032c68ca8b1ad55c1c90c8cc3d77f08e7bbf4224a?s=96&d=mm&r=g","caption":"Florian Corth\u00e9sy"}}]}},"_links":{"self":[{"href":"https:\/\/www.helvetibox.ch\/de\/wp-json\/wp\/v2\/posts\/13513","targetHints":{"allow":["GET"]}}],"collection":[{"href":"https:\/\/www.helvetibox.ch\/de\/wp-json\/wp\/v2\/posts"}],"about":[{"href":"https:\/\/www.helvetibox.ch\/de\/wp-json\/wp\/v2\/types\/post"}],"author":[{"embeddable":true,"href":"https:\/\/www.helvetibox.ch\/de\/wp-json\/wp\/v2\/users\/329"}],"replies":[{"embeddable":true,"href":"https:\/\/www.helvetibox.ch\/de\/wp-json\/wp\/v2\/comments?post=13513"}],"version-history":[{"count":2,"href":"https:\/\/www.helvetibox.ch\/de\/wp-json\/wp\/v2\/posts\/13513\/revisions"}],"predecessor-version":[{"id":27397607,"href":"https:\/\/www.helvetibox.ch\/de\/wp-json\/wp\/v2\/posts\/13513\/revisions\/27397607"}],"wp:featuredmedia":[{"embeddable":true,"href":"https:\/\/www.helvetibox.ch\/de\/wp-json\/wp\/v2\/media\/13495"}],"wp:attachment":[{"href":"https:\/\/www.helvetibox.ch\/de\/wp-json\/wp\/v2\/media?parent=13513"}],"wp:term":[{"taxonomy":"category","embeddable":true,"href":"https:\/\/www.helvetibox.ch\/de\/wp-json\/wp\/v2\/categories?post=13513"},{"taxonomy":"post_tag","embeddable":true,"href":"https:\/\/www.helvetibox.ch\/de\/wp-json\/wp\/v2\/tags?post=13513"},{"taxonomy":"dipi_cpt_category","embeddable":true,"href":"https:\/\/www.helvetibox.ch\/de\/wp-json\/wp\/v2\/dipi_cpt_category?post=13513"}],"curies":[{"name":"wp","href":"https:\/\/api.w.org\/{rel}","templated":true}]}}