{"id":18960,"date":"2017-03-17T07:55:14","date_gmt":"2017-03-17T05:55:14","guid":{"rendered":"http:\/\/www.helvetibox.ch\/?p=18960\/"},"modified":"2026-03-03T20:47:43","modified_gmt":"2026-03-03T19:47:43","slug":"helvetibox-n31-regionale-produkte-aus-graubuenden","status":"publish","type":"post","link":"https:\/\/www.helvetibox.ch\/de\/helvetibox-n31-regionale-produkte-aus-graubuenden\/","title":{"rendered":"HelvetiBox N\u00b031 \u2013 Regionale Produkte aus Graub\u00fcnden"},"content":{"rendered":"<div class=\"et_pb_section_0 et_pb_section et_section_regular et_block_section\"><div class=\"et_pb_row_0 et_pb_row et_block_row\"><div class=\"et_pb_column_0 et_pb_column et_pb_column_4_4 et-last-child et_block_column et_pb_css_mix_blend_mode_passthrough\"><div class=\"et_pb_module et_d4_element et_pb_post_title et_pb_post_title_8 et_pb_bg_layout_light  et_pb_text_align_center\"   >\n\t\t\t\t\n\t\t\t\t\n\t\t\t\t\n\t\t\t\t\n\t\t\t\t\n\t\t\t\t<div class=\"et_pb_title_container\">\n\t\t\t\t\t<h1 class=\"entry-title\">HelvetiBox N\u00b031 \u2013 Regionale Produkte aus Graub\u00fcnden<\/h1>\n\t\t\t\t<\/div>\n\t\t\t\t\n\t\t\t<\/div><\/div><\/div><div class=\"et_pb_row_1 et_pb_row et_block_row\"><div class=\"et_pb_column_1 et_pb_column et_pb_column_3_4 et_block_column et_pb_css_mix_blend_mode_passthrough\"><div class=\"et_pb_text_0 et_pb_text et_pb_bg_layout_light et_pb_module et_block_module\"><div class=\"et_pb_text_inner\"><p>Im \u00e4ussersten Osten des Landes liegt, mit Grenzen zu Liechtenstein, \u00d6sterreich und Italien, <a href=\"https:\/\/de.wikipedia.org\/wiki\/Kanton_Graub%C3%BCnden\">Graub\u00fcnden<\/a>, der gr\u00f6sste Kanton der Schweiz. Die Bev\u00f6lkerungsdichte ist jedoch, aufgrund komplexer Bergmassive und T\u00e4ler, sehr gering. Um diesen Kanton zu entdecken, muss man sich viel Zeit nehmen und man muss die kurvigen Passstrassen m\u00f6gen. So liegt zwischen unserem Mini-Nusst\u00f6rtli Produzenten in Sedrun bis zum Val Poschiavo etwa 3 Autostunden \u2013 also \u00e4hnlich viel Zeit wie zwischen Z\u00fcrich und Genf!<\/p>\n<p>Unsere Produktauswahl diesen Monat umfasst 6 (also 1 Gratis-Produkt) Bergprodukte. Ihre Herstellungsorte befinden sich durchschnittlich auf einer H\u00f6he von 1265m! Den Bewohnen dieser abgelegenen Gegenden mangelt es jedoch nicht an Ideenreichtum um ihre Existenz zu wahren und Arbeitspl\u00e4tze zu schaffen.<\/p>\n<p>Entdecken Sie also mit uns ein Pesto, das ganz sicher nicht wie andere Pestos ist, eine typische Wurst, jedoch h\u00f6chst elegant, 12 kleine Wunderwerke, einen Eistee, der fr\u00fcher nur den G\u00e4sten eines Hotels vorbehalten war, eine innovative Art zu W\u00fcrzen, und Getreideflocken, die mehr Zeit hatten in der Sonne zu vergolden.<span style=\"font-size: 16px;\">cht.<\/span><\/p>\n<\/div><\/div><\/div><div class=\"et_pb_column_2 et_pb_column et_pb_column_1_4 et-last-child et_block_column et_pb_css_mix_blend_mode_passthrough\"><div class=\"et_pb_image_0 et_pb_image et_animated et_pb_module et_block_module\"><span class=\"et_pb_image_wrap\"><img loading=\"lazy\" decoding=\"async\" src=\"http:\/\/www.helvetibox.ch\/wp-content\/uploads\/2015\/08\/Wappen_Graub\u00fcnden_matt.png\" width=\"400\" height=\"485\" srcset=\"https:\/\/www.helvetibox.ch\/wp-content\/uploads\/2015\/08\/Wappen_Graub\u00fcnden_matt.png 400w, https:\/\/www.helvetibox.ch\/wp-content\/uploads\/2015\/08\/Wappen_Graub\u00fcnden_matt-247x300.png 247w\" sizes=\"(max-width: 400px) 100vw, 400px\" class=\"wp-image-10276\" title=\"Blason canton des Grisons\" alt=\"Blason canton des Grisons\" \/><\/span><\/div><div class=\"et_pb_image_1 et_pb_image et_animated et_pb_module et_block_module\"><span class=\"et_pb_image_wrap\"><img loading=\"lazy\" decoding=\"async\" src=\"http:\/\/www.helvetibox.ch\/wp-content\/uploads\/2017\/03\/500px-Switzerland_Locator_Map_GR.svg_.png\" width=\"500\" height=\"354\" srcset=\"https:\/\/www.helvetibox.ch\/wp-content\/uploads\/2017\/03\/500px-Switzerland_Locator_Map_GR.svg_.png 500w, https:\/\/www.helvetibox.ch\/wp-content\/uploads\/2017\/03\/500px-Switzerland_Locator_Map_GR.svg_-300x212.png 300w, https:\/\/www.helvetibox.ch\/wp-content\/uploads\/2017\/03\/500px-Switzerland_Locator_Map_GR.svg_-400x284.png 400w\" sizes=\"(max-width: 500px) 100vw, 500px\" class=\"wp-image-18953\" title=\"Carte de la Suisse (Canton des Grisons) (Poulpy Wikipedia)\" alt=\"Carte de la Suisse (Canton des Grisons) (Poulpy Wikipedia)\" \/><\/span><\/div><\/div><\/div><div class=\"et_pb_row_2 et_pb_row et_block_row\"><div class=\"et_pb_column_3 et_pb_column et_pb_column_4_4 et-last-child et_block_column et_pb_css_mix_blend_mode_passthrough\"><div class=\"et_pb_post_slider_0 et_pb_post_slider et_pb_bg_layout_dark et_pb_slider et_pb_slider_fullwidth_off et_pb_post_slider_image_background et_pb_slider_with_overlay et_pb_module et_block_module\"><div class=\"et_pb_slides\"><div class=\"et_pb_slide et_pb_post_slide-58756\" style=\"background-image:url(https:\/\/www.helvetibox.ch\/wp-content\/uploads\/2021\/09\/Helvetibox_n66_B2003_TI.jpg)\"><div class=\"et_pb_slide_overlay_container\"><\/div><div class=\"et_pb_container clearfix\"><div class=\"et_pb_slider_container_inner\"><div class=\"et_pb_slide_description\"><h2 class=\"et_pb_slide_title\"><a href=\"https:\/\/www.helvetibox.ch\/de\/helvetibox-n66-regionale-produkte-aus-dem-tessin\/\">HelvetiBox N\u00b066 \u2013 Regionale Produkte aus dem Tessin<\/a><\/h2><div class=\"et_pb_slide_content\"><div class=\"et_pb_slide_content_body\"><p>Als einziger Schweizer Kanton ganz s\u00fcdlich der Alpen teilt das Tessin nicht nur eine Sprache, sondern auch eine K\u00fcche mit seinem transalpinen Nachbarn. Unsere Auswahl sechs Tessiner Produkte soll Sie aufmuntern, auch wenn Sie sich gerade in Quarant\u00e4ne befinden. Hier&#8230;<\/p>\n<\/div><\/div><div class=\"et_pb_button_wrapper\"><a class=\"et_pb_button et_pb_more_button\" href=\"https:\/\/www.helvetibox.ch\/de\/helvetibox-n66-regionale-produkte-aus-dem-tessin\/\">weiterlesen<\/a><\/div><\/div><\/div><\/div><\/div><div class=\"et_pb_slide et_pb_post_slide-58725\" style=\"background-image:url(https:\/\/www.helvetibox.ch\/wp-content\/uploads\/2021\/09\/Helvetibox_n65_B2002_ZH-copie-scaled.jpg)\"><div class=\"et_pb_slide_overlay_container\"><\/div><div class=\"et_pb_container clearfix\"><div class=\"et_pb_slider_container_inner\"><div class=\"et_pb_slide_description\"><h2 class=\"et_pb_slide_title\"><a href=\"https:\/\/www.helvetibox.ch\/de\/helvetibox-n65-regionale-produkte-aus-zuerich\/\">HelvetiBox N\u00b065 \u2013 Regionale Produkte aus Z\u00fcrich<\/a><\/h2><div class=\"et_pb_slide_content\"><div class=\"et_pb_slide_content_body\"><p>HelvetiBox N\u00b065 \u2013 Regionale Produkte aus Z\u00fcrich Der Kanton Z\u00fcrich ist gleichzeitig der Kanton mit der h\u00f6chsten Bev\u00f6lkerungsanzahl und der am dicht besiedelte Kanton. Seit langer Zeit sind die Metropole und das umliegende Land besonders wohlhabend. Das spiegelt sich&#8230;<\/p>\n<\/div><\/div><div class=\"et_pb_button_wrapper\"><a class=\"et_pb_button et_pb_more_button\" href=\"https:\/\/www.helvetibox.ch\/de\/helvetibox-n65-regionale-produkte-aus-zuerich\/\">weiterlesen<\/a><\/div><\/div><\/div><\/div><\/div><div class=\"et_pb_slide et_pb_post_slide-58707\" style=\"background-image:url(https:\/\/www.helvetibox.ch\/wp-content\/uploads\/2021\/09\/Helvetibox_n64_B2001_FR-scaled.jpg)\"><div class=\"et_pb_slide_overlay_container\"><\/div><div class=\"et_pb_container clearfix\"><div class=\"et_pb_slider_container_inner\"><div class=\"et_pb_slide_description\"><h2 class=\"et_pb_slide_title\"><a href=\"https:\/\/www.helvetibox.ch\/de\/helvetibox-n64-regionale-produkte-aus-freiburg\/\">HelvetiBox n\u00b064 \u2013 Regionale Produkte aus Freiburg<\/a><\/h2><div class=\"et_pb_slide_content\"><div class=\"et_pb_slide_content_body\"><p>HelvetiBox n\u00b064 \u2013 Regionale Produkte aus Freiburg Um das neue Jahr zu beginnen, empfehlen wir Ihnen, das Terroir des zweisprachigen Kantons Freiburg zu entdecken. Eine Gourmet-Auswahl von sechs Produkten, die die Spezialit\u00e4ten des Kantons mit einem Hauch von&#8230;<\/p>\n<\/div><\/div><div class=\"et_pb_button_wrapper\"><a class=\"et_pb_button et_pb_more_button\" href=\"https:\/\/www.helvetibox.ch\/de\/helvetibox-n64-regionale-produkte-aus-freiburg\/\">weiterlesen<\/a><\/div><\/div><\/div><\/div><\/div><div class=\"et_pb_slide et_pb_post_slide-58637\" style=\"background-image:url(https:\/\/www.helvetibox.ch\/wp-content\/uploads\/2021\/09\/Helvetibox_n63_B1912_CH.jpg)\"><div class=\"et_pb_slide_overlay_container\"><\/div><div class=\"et_pb_container clearfix\"><div class=\"et_pb_slider_container_inner\"><div class=\"et_pb_slide_description\"><h2 class=\"et_pb_slide_title\"><a href=\"https:\/\/www.helvetibox.ch\/de\/helvetibox-n63-weihnachten-2019\/\">HelvetiBox n\u00b063 \u2013 Weihnachten 2019<\/a><\/h2><div class=\"et_pb_slide_content\"><div class=\"et_pb_slide_content_body\"><p>HelvetiBox n\u00b063 \u2013 Weihnachten 2019 Im ganzen Land haben St\u00e4dte und D\u00f6rfer ihre eigenen Weihnachtsm\u00e4rkte. Die Idee stammt aus Deutschland. Der \u00e4lteste Weihnachtsmarkt der Welt ist der in Dresden. Die Herkunft liegt im Jahr 1434. Urspr\u00fcnglich war es der Ort, an dem die&#8230;<\/p>\n<\/div><\/div><div class=\"et_pb_button_wrapper\"><a class=\"et_pb_button et_pb_more_button\" href=\"https:\/\/www.helvetibox.ch\/de\/helvetibox-n63-weihnachten-2019\/\">weiterlesen<\/a><\/div><\/div><\/div><\/div><\/div><\/div><\/div><\/div><\/div><\/div><div class=\"et_pb_section_1 et_pb_section et_section_regular et_block_section\"><div class=\"et_pb_row_3 et_pb_row et_block_row\"><div class=\"et_pb_column_4 et_pb_column et_pb_column_1_3 et_block_column et_pb_css_mix_blend_mode_passthrough\"><div class=\"et_pb_number_counter_0 et_pb_number_counter et_pb_bg_layout_light et_pb_text_align_center et_pb_with_title et_pb_module et_block_module\"><div class=\"percent\"><p><span class=\"percent-value\"><\/span><span class=\"percent-sign\"><\/span><\/p><\/div><h3 class=\"title\">PRODUKTE<\/h3><\/div><\/div><div class=\"et_pb_column_5 et_pb_column et_pb_column_1_3 et_block_column et_pb_css_mix_blend_mode_passthrough\"><div class=\"et_pb_text_1 et_pb_text et_pb_bg_layout_light et_pb_module et_block_module\"><div class=\"et_pb_text_inner\"><h1 style=\"text-align: center;\">Die HelvetiBox N\u00b031<\/h1>\n<h1 style=\"text-align: center;\">in Zahlen<\/h1>\n<\/div><\/div><\/div><div class=\"et_pb_column_6 et_pb_column et_pb_column_1_3 et-last-child et_block_column et_pb_css_mix_blend_mode_passthrough\"><div class=\"et_pb_number_counter_1 et_pb_number_counter et_pb_bg_layout_light et_pb_text_align_center et_pb_with_title et_pb_module et_block_module\"><div class=\"percent\"><p><span class=\"percent-value\"><\/span><span class=\"percent-sign\"><\/span><\/p><\/div><h3 class=\"title\">PRODUZENTEN<\/h3><\/div><\/div><\/div><\/div><div class=\"et_pb_section_2 et_pb_section et_section_regular et_block_section\"><div class=\"et_pb_row_4 et_pb_row et_block_row\"><div class=\"et_pb_column_7 et_pb_column et_pb_column_4_4 et-last-child et_block_column et_pb_css_mix_blend_mode_passthrough\"><div class=\"et_pb_text_2 et_pb_text et_pb_bg_layout_light et_pb_module et_block_module et_pb_text_align_justified\"><div class=\"et_pb_text_inner\"><h1 style=\"text-align: center;\">B\u00fcnderfleisch-Pesto<\/h1>\n<h1 style=\"text-align: center;\"><span style=\"color: #666666; font-family: 'Open Sans', Arial, sans-serif;\"><span style=\"font-size: 16px;\"><b>Bischi, 7075 Churwalden<\/b><\/span><\/span><\/h1>\n<\/div><\/div><\/div><\/div><div class=\"et_pb_row_5 et_pb_row et_block_row\"><div class=\"et_pb_column_8 et_pb_column et_pb_column_2_3 et_block_column et_pb_css_mix_blend_mode_passthrough\"><div class=\"et_pb_text_3 et_pb_text et_pb_bg_layout_light et_pb_module et_block_module\"><div class=\"et_pb_text_inner\"><p>Das Unternehmen Bischi liegt auf 1203 H\u00f6henmetern und so in idealer Lage um Tockenfleischspezialit\u00e4ten herzustellen. Zudem ist das Tal Churwalden mit seiner Ausrichtung gegen Nord-S\u00fcd besonders f\u00fcr die nat\u00fcrliche Trocknung des P\u00f6kelfleisches geeignet. Alois Schlager hat diesen Traditionsbetrieb, der auch heute noch nach 300-j\u00e4hrigen Fabrikationsprozessen arbeitet, zu Beginn des Jahres 2007 \u00fcbernommen. Diese urspr\u00fcngliche Herstellungsart hat vor kurzer Zeit das Label <a href=\"http:\/\/www.slowfood.ch\/de\/was-wir-tun\/presidi\/\">Presidio Slow Food <\/a>erhalten.<\/p>\n<p>Doch die Tradition h\u00e4lt nicht von Innovation ab. Das B\u00fcndnerfleisch-Pesto aus Bischi ist der Beweis! Das fein geschnittene Fleisch wird mit Steinpilzen, Pinienkernen, getrockneten Tomaten, Knoblauch, Oliven\u00f6l und Gew\u00fcrzen gemischt. Es passt hervorragend zum Ap\u00e9ro auf Toastbrot oder Crackern, zu Teigwaren mit etwas Sbrinz, auf eine Pizza oder einen Flammkuchen, zu Spargel oder auf ein Cordon-Bleu.<\/p>\n<\/div><\/div><\/div><div class=\"et_pb_column_9 et_pb_column et_pb_column_1_3 et-last-child et_block_column et_pb_css_mix_blend_mode_passthrough\"><div class=\"et_pb_image_2 et_pb_image et_pb_module et_block_module\"><span class=\"et_pb_image_wrap\"><img loading=\"lazy\" decoding=\"async\" src=\"http:\/\/www.helvetibox.ch\/wp-content\/uploads\/2017\/03\/presidio-slow-food.jpg\" width=\"222\" height=\"164\" sizes=\"(max-width: 222px) 100vw, 222px\" class=\"wp-image-18926\" title=\"Presidio Slow Food\" alt=\"Presidio Slow Food\" \/><\/span><\/div><\/div><\/div><\/div><div class=\"et_pb_section_3 et_pb_section et_section_regular et_block_section\"><div class=\"et_pb_row_6 et_pb_row et_block_row\"><div class=\"et_pb_column_10 et_pb_column et_pb_column_4_4 et-last-child et_block_column et_pb_css_mix_blend_mode_passthrough\"><div class=\"et_pb_text_4 et_pb_text et_pb_bg_layout_light et_pb_module et_block_module et_pb_text_align_justified\"><div class=\"et_pb_text_inner\"><h1 style=\"text-align: center;\">Salsiz Contadino<\/h1>\n<h1 style=\"text-align: center;\"><span style=\"color: #666666; font-family: 'Open Sans', Arial, sans-serif;\"><span style=\"font-size: 16px;\"><b>Hatecke, 7550 Scuol<\/b><\/span><\/span><\/h1>\n<\/div><\/div><\/div><\/div><div class=\"et_pb_row_7 et_pb_row et_block_row\"><div class=\"et_pb_column_11 et_pb_column et_pb_column_4_4 et-last-child et_block_column et_pb_css_mix_blend_mode_passthrough\"><div class=\"et_pb_text_5 et_pb_text et_pb_bg_layout_light et_pb_module et_block_module\"><div class=\"et_pb_text_inner\"><p>Die Metzgerei von Ludwig Hatecke ist nicht wie andere Metzgereien. Seine Gesch\u00e4ftsstellen in Scuol, Zernez und St. Moritz k\u00f6nnen locker mit einigen Luxusboutiquen mithalten. Auch Ludwig selbst hat nicht viel von einem Bergmetzger. Mit Hemd und Puma-Sneakern bringt er Eleganz bis in seine kleinsten Fleischkreationen. Und deswegen sind bei Hatecke die ber\u00fchmten B\u00fcndner Salsiz auch nicht rechteckig, sondern dreieckig \u2013 eine Form angelehnt an die majest\u00e4tischen Berge des Kantons.<\/p>\n<\/div><\/div><\/div><\/div><div class=\"et_pb_row_8 et_pb_row et_block_row\"><div class=\"et_pb_column_12 et_pb_column et_pb_column_4_4 et-last-child et_block_column et_pb_css_mix_blend_mode_passthrough\"><div class=\"et_pb_text_6 et_pb_text et_pb_bg_layout_light et_pb_module et_block_module\"><div class=\"et_pb_text_inner\"><p>Der Metzger bevorzugt Fleisch von Tieren, die nach biologischen Landwirtschaftsprinzipien aufgezogen wurden. Das mache das Fleisch einfach am besten. Ludwig ist auch gegen eine exzessive Verwendung von Gew\u00fcrzmischungen, obwohl diese das Leben des Metzgers sehr vereinfachen. F\u00fcr ihn muss Fleisch einfach nach Fleisch schmecken. So enth\u00e4lt der Salsiz Contadino neben der Mischung aus Bergrind- (65%) und Schweinefleisch (35%) auch nichts anderes als Salz.<\/p>\n<\/div><\/div><\/div><\/div><div class=\"et_pb_row_9 et_pb_row et_block_row\"><div class=\"et_pb_column_13 et_pb_column et_pb_column_4_4 et-last-child et_block_column et_pb_css_mix_blend_mode_passthrough\"><div class=\"et_pb_image_3 et_pb_image et_animated et_pb_module et_block_module\"><span class=\"et_pb_image_wrap\"><img loading=\"lazy\" decoding=\"async\" src=\"http:\/\/www.helvetibox.ch\/wp-content\/uploads\/2017\/03\/Salsiz_Hatecke-scuol.jpg\" width=\"1000\" height=\"666\" srcset=\"https:\/\/www.helvetibox.ch\/wp-content\/uploads\/2017\/03\/Salsiz_Hatecke-scuol.jpg 1000w, https:\/\/www.helvetibox.ch\/wp-content\/uploads\/2017\/03\/Salsiz_Hatecke-scuol-510x340.jpg 510w, https:\/\/www.helvetibox.ch\/wp-content\/uploads\/2017\/03\/Salsiz_Hatecke-scuol-300x200.jpg 300w, https:\/\/www.helvetibox.ch\/wp-content\/uploads\/2017\/03\/Salsiz_Hatecke-scuol-768x511.jpg 768w, https:\/\/www.helvetibox.ch\/wp-content\/uploads\/2017\/03\/Salsiz_Hatecke-scuol-610x406.jpg 610w\" sizes=\"(max-width: 1000px) 100vw, 1000px\" class=\"wp-image-18932\" title=\"Ludwig Hatecke Scuol\" alt=\"Ludwig Hatecke Scuol\" \/><\/span><\/div><\/div><\/div><\/div><div class=\"et_pb_section_4 et_pb_section et_section_regular et_block_section\"><div class=\"et_pb_row_10 et_pb_row et_block_row\"><div class=\"et_pb_column_14 et_pb_column et_pb_column_4_4 et-last-child et_block_column et_pb_css_mix_blend_mode_passthrough\"><div class=\"et_pb_text_7 et_pb_text et_pb_bg_layout_light et_pb_module et_block_module et_pb_text_align_justified\"><div class=\"et_pb_text_inner\"><h1 style=\"text-align: center;\">12 Mini B\u00fcndner Nusst\u00f6rtli<\/h1>\n<h1 style=\"text-align: center;\"><span style=\"color: #666666; font-family: 'Open Sans', Arial, sans-serif;\"><span style=\"font-size: 16px;\"><b>La Conditoria, 7188 Sedrun (Tujetsch)<\/b><\/span><\/span><\/h1>\n<\/div><\/div><\/div><\/div><div class=\"et_pb_row_11 et_pb_row et_block_row\"><div class=\"et_pb_column_15 et_pb_column et_pb_column_1_2 et_block_column et_pb_css_mix_blend_mode_passthrough\"><div class=\"et_pb_text_8 et_pb_text et_pb_bg_layout_light et_pb_module et_block_module et_pb_text_align_justified\"><div class=\"et_pb_text_inner\"><p>Sedrun, das Dorf in der Surselva ist bekannt f\u00fcr den Tomasee, aus dem der Rhein entspringt. Doch seit 2014 ist es auch der Ort mit den kleinsten Nusst\u00f6rtli der Welt.<\/p>\n<p>Reto Schmid hat 2004 die kleine B\u00e4ckerei seines Vaters, Marcel Schmid, \u00fcbernommen. Wegen der immer k\u00fcrzer werdenden Wintersaison, sowie der Abwanderung in der Region aufgrund der Schliessung der Gotthardtunnelbaustelle, hat Reto Schmid nach L\u00f6sungen gesucht um die Zukunft seines Unternehmens und der damit verbundenen Arbeitspl\u00e4tze zu gew\u00e4hrleisten. Er stand vor den zwei M\u00f6glichkeiten: Innovation oder Schliessung des Familienbetriebs mit einer 50-j\u00e4hrigen Tradition. Und so entstand die Idee der \u201e<strong>kleinsten Nusstorte der Welt<\/strong>\u201c.<\/p>\n<p>Nach 3-j\u00e4hriger Entwicklungsphase und Investitionen von etwa 1 Million Franken, hat Reto es geschafft. Im Sommer 2014 pr\u00e4sentierte er die Miniversion des bekanntesten Produkts des Kantons. Obwohl die Produktion mittlerweile 2-3 Millionen St\u00fcck im Jahr ausmacht, gilt noch immer das Mantra: Qualit\u00e4t vor Quantit\u00e4t. Die T\u00f6rtli werden nur mit B\u00fcndner Berghonig, Schweizer Butter, Premium-Waln\u00fcssen und Vollrahm hergestellt.<\/p>\n<\/div><\/div><\/div><div class=\"et_pb_column_16 et_pb_column et_pb_column_1_2 et-last-child et_block_column et_pb_css_mix_blend_mode_passthrough\"><div class=\"et_pb_image_4 et_pb_image et_animated et_pb_module et_block_module\"><span class=\"et_pb_image_wrap\"><img loading=\"lazy\" decoding=\"async\" src=\"http:\/\/www.helvetibox.ch\/wp-content\/uploads\/2017\/03\/mini-bundner-nusstortli-la-conditoria.jpg\" width=\"618\" height=\"626\" srcset=\"https:\/\/www.helvetibox.ch\/wp-content\/uploads\/2017\/03\/mini-bundner-nusstortli-la-conditoria.jpg 618w, https:\/\/www.helvetibox.ch\/wp-content\/uploads\/2017\/03\/mini-bundner-nusstortli-la-conditoria-100x100.jpg 100w, https:\/\/www.helvetibox.ch\/wp-content\/uploads\/2017\/03\/mini-bundner-nusstortli-la-conditoria-510x517.jpg 510w, https:\/\/www.helvetibox.ch\/wp-content\/uploads\/2017\/03\/mini-bundner-nusstortli-la-conditoria-296x300.jpg 296w, https:\/\/www.helvetibox.ch\/wp-content\/uploads\/2017\/03\/mini-bundner-nusstortli-la-conditoria-610x618.jpg 610w\" sizes=\"(max-width: 618px) 100vw, 618px\" class=\"wp-image-18935\" title=\"Mini B\u00fcndner T\u00f6rtli La Conditoria\" alt=\"Mini B\u00fcndner T\u00f6rtli La Conditoria\" \/><\/span><\/div><\/div><\/div><\/div><div class=\"et_pb_section_5 et_pb_section et_section_regular et_block_section\"><div class=\"et_pb_row_12 et_pb_row et_block_row\"><div class=\"et_pb_column_17 et_pb_column et_pb_column_4_4 et-last-child et_block_column et_pb_css_mix_blend_mode_passthrough\"><div class=\"et_pb_text_9 et_pb_text et_pb_bg_layout_light et_pb_module et_block_module et_pb_text_align_justified\"><div class=\"et_pb_text_inner\"><h1 style=\"text-align: center;\"><span style=\"text-align: justify;\">Hustee<\/span><\/h1>\n<h1 style=\"text-align: center;\"><strong style=\"font-size: 16px; color: #666666; font-family: 'Open Sans', Arial, sans-serif;\">Hustee AG, 7050 Arosa<\/strong><\/h1>\n<\/div><\/div><\/div><\/div><div class=\"et_pb_row_13 et_pb_row et_block_row\"><div class=\"et_pb_column_18 et_pb_column et_pb_column_4_4 et-last-child et_block_column et_pb_css_mix_blend_mode_passthrough\"><div class=\"et_pb_text_10 et_pb_text et_pb_bg_layout_light et_pb_module et_block_module\"><div class=\"et_pb_text_inner\"><p>In Arosa kennt den Hustee jeder. Ob Touristen oder Einheimische, Junge oder Alte \u2013 alle sind sich einig, dass der Tee der Familie Krause schmeckt. Dabei hat die Familie, die ein Hotel in Arosa f\u00fchrt, das Produkt erst 2014 auf den Markt gebracht. Grossvater Housi hat das Rezept vor 35 Jahren kreiert.<\/p>\n<p>Bis vor kurzer Zeit wurde das Getr\u00e4nk noch in der Hotelk\u00fcche zubereitet und den Restaurantg\u00e4sten ausgeschenkt. Auch heute findet die Produktion immer noch in Arosa, auf 1775 H\u00f6henmetern, statt. Doch sie wurde in die Garage der alten Taxi-Zentrale des Ortes verlegt. Der Tee besteht haupts\u00e4chlich aus Hagebutte, Fruchtschalen und Pfefferminz. Ohne Koffein und mit wenig Zucker ist er auch f\u00fcr Kinder geeignet.<\/p>\n<\/div><\/div><\/div><\/div><\/div><div class=\"et_pb_section_6 et_pb_section et_section_regular et_block_section\"><div class=\"et_pb_row_14 et_pb_row et_block_row\"><div class=\"et_pb_column_19 et_pb_column et_pb_column_4_4 et-last-child et_block_column et_pb_css_mix_blend_mode_passthrough\"><div class=\"et_pb_text_11 et_pb_text et_pb_bg_layout_light et_pb_module et_block_module et_pb_text_align_justified\"><div class=\"et_pb_text_inner\"><h1 style=\"text-align: center;\">W\u00fcrz Beutel N\u00b01 Reto &amp; Oskar<\/h1>\n<p style=\"text-align: center;\"><span style=\"text-align: justify;\"><b>Raselli Erboristeria Biologica, 7746\u00a0<\/b><\/span><span style=\"text-align: justify;\"><b>Le Prese<\/b><\/span><\/p>\n<\/div><\/div><\/div><\/div><div class=\"et_pb_row_15 et_pb_row et_block_row\"><div class=\"et_pb_column_20 et_pb_column et_pb_column_1_2 et_block_column et_pb_css_mix_blend_mode_passthrough\"><div class=\"et_pb_text_12 et_pb_text et_pb_bg_layout_light et_pb_module et_block_module\"><div class=\"et_pb_text_inner\"><p>Das Val Poschiavo erstreckt sich vom Berninapass (2328m) bis nach Tirano (441m) in Italien. Tausende Touristen durchfahren es jedes Jahr im Zug, denn die Strecke der Rh\u00e4tischen Bahn schl\u00e4ngelt sich \u00fcber seine H\u00e4nge und Steigungen. Die klimatischen Gegebenheiten machen das Tal zu einem idealen Ort f\u00fcr die Blumen- und Kr\u00e4uterzucht.<\/p>\n<p>So baut auch Reto Raselli auf einer H\u00f6he von mehr als 1000m etwa zwanzig Biokr\u00e4uter und -blumen an und verkauft sie als innovative Gew\u00fcrzbeutel unter der Marke Reto&amp;Oskar. Der W\u00fcrzbeute N\u00b01 enth\u00e4lt eine Mischung, die sich besonders zur Zubereitung von Schmorgerichten eignet. Probieren Sie doch das Rindsragout aus, dessen Rezept sich auf dem Blatt in der Verpackung befindet, um dieses Produkt so richtig zu geniessen.<\/p>\n<\/div><\/div><\/div><div class=\"et_pb_column_21 et_pb_column et_pb_column_1_2 et-last-child et_block_column et_pb_css_mix_blend_mode_passthrough\"><div class=\"et_pb_text_13 et_pb_text et_pb_bg_layout_light et_pb_module et_block_module et_pb_text_align_center\"><div class=\"et_pb_text_inner\"><p>https:\/\/youtu.be\/bVVpZG7X79s<\/p>\n<\/div><\/div><\/div><\/div><\/div><div class=\"et_pb_section_7 et_pb_section et_section_regular et_block_section\"><div class=\"et_pb_row_16 et_pb_row et_block_row\"><div class=\"et_pb_column_22 et_pb_column et_pb_column_4_4 et-last-child et_block_column et_pb_css_mix_blend_mode_passthrough\"><div class=\"et_pb_text_14 et_pb_text et_pb_bg_layout_light et_pb_module et_block_module et_pb_text_align_justified\"><div class=\"et_pb_text_inner\"><h1 style=\"text-align: center;\">Bio 5-Flocken-MixW\u00fcrz Beutel N\u00b01 Reto &amp; Oskar<\/h1>\n<p style=\"text-align: center;\"><span style=\"text-align: justify;\"><b>Gran Alpin, 7450 Tiefencastel<\/b><\/span><\/p>\n<\/div><\/div><\/div><\/div><div class=\"et_pb_row_17 et_pb_row et_block_row\"><div class=\"et_pb_column_23 et_pb_column et_pb_column_1_2 et_block_column et_pb_css_mix_blend_mode_passthrough\"><div class=\"et_pb_text_15 et_pb_text et_pb_bg_layout_light et_pb_module et_block_module\"><div class=\"et_pb_text_inner\"><p>Der Bergackerbau tr\u00e4gt nicht nur zur Artenvielfalt bei, sondern verhindert auch eine einseitige Ausrichtung auf die Viehwirtschaft. Die Genossenschaft Gran Alpin arbeitet seit 1987 trotz der hohen Produktionskosten an der Erhaltung des Bergackerbaus. Die 90 biologischen Betriebe produzieren eine Vielfalt an Getreiden.<\/p>\n<p>In Bergregionen findet die Ernte viel sp\u00e4ter statt als im Flachland und so haben die Getreide gen\u00fcgend Zeit um die ganze Energie der B\u00fcndner Bergsonne aufzunehmen. F\u00fcr Ihr n\u00e4chstes Bircherm\u00fcesli haben wir Ihnen das Non-plus-Ultra der Getreideflocken ausgesucht. Die Mischung besteht zu gleichen Teilen aus den 5 Bio-Getreiden: \u00a0Dinkel-, Hafer-, Roggen-, Weizen- und Gerstenflocken<\/p>\n<\/div><\/div><\/div><div class=\"et_pb_column_24 et_pb_column et_pb_column_1_2 et-last-child et_block_column et_pb_css_mix_blend_mode_passthrough\"><div class=\"et_pb_gallery_0 et_pb_gallery et_pb_bg_layout_light et_pb_slider et_pb_gallery_fullwidth clearfix et_slider_auto et_slider_speed_7000 et_pb_module\" data-auto-rotate=\"off\" data-auto-rotate-speed=\"\"><div class=\"et_pb_gallery_items et_post_gallery clearfix\" data-per_page=\"4\"><div class=\"et_pb_gallery_item et_pb_gallery_item_0_0\"><div class=\"et_pb_gallery_image landscape\" data-per_page=\"4\"><a href=\"https:\/\/www.helvetibox.ch\/wp-content\/uploads\/2017\/03\/gran_alpin_getreide.jpg\" title=\"gran_alpin_getreide\"><img loading=\"lazy\" decoding=\"async\" width=\"800\" height=\"532\" src=\"https:\/\/www.helvetibox.ch\/wp-content\/uploads\/2017\/03\/gran_alpin_getreide.jpg\" alt=\"\" class=\"wp-image-18943\" srcset=\"https:\/\/www.helvetibox.ch\/wp-content\/uploads\/2017\/03\/gran_alpin_getreide.jpg 800w, https:\/\/www.helvetibox.ch\/wp-content\/uploads\/2017\/03\/gran_alpin_getreide-510x339.jpg 510w, https:\/\/www.helvetibox.ch\/wp-content\/uploads\/2017\/03\/gran_alpin_getreide-300x200.jpg 300w, https:\/\/www.helvetibox.ch\/wp-content\/uploads\/2017\/03\/gran_alpin_getreide-768x511.jpg 768w, https:\/\/www.helvetibox.ch\/wp-content\/uploads\/2017\/03\/gran_alpin_getreide-610x406.jpg 610w\" sizes=\"(max-width: 800px) 100vw, 800px\" \/><span class=\"et_overlay\" data-icon=\"\" data-icon-tablet=\"\" data-icon-phone=\"\"><\/span><\/a><\/div><\/div><div class=\"et_pb_gallery_item et_pb_gallery_item_0_1\"><div class=\"et_pb_gallery_image landscape\" data-per_page=\"4\"><a href=\"https:\/\/www.helvetibox.ch\/wp-content\/uploads\/2017\/03\/Gran_Alpin_Flocken.jpg\" title=\"Gran_Alpin_Flocken\"><img loading=\"lazy\" decoding=\"async\" width=\"800\" height=\"450\" src=\"https:\/\/www.helvetibox.ch\/wp-content\/uploads\/2017\/03\/Gran_Alpin_Flocken.jpg\" alt=\"\" class=\"wp-image-18945\" srcset=\"https:\/\/www.helvetibox.ch\/wp-content\/uploads\/2017\/03\/Gran_Alpin_Flocken.jpg 800w, https:\/\/www.helvetibox.ch\/wp-content\/uploads\/2017\/03\/Gran_Alpin_Flocken-510x287.jpg 510w, https:\/\/www.helvetibox.ch\/wp-content\/uploads\/2017\/03\/Gran_Alpin_Flocken-300x169.jpg 300w, https:\/\/www.helvetibox.ch\/wp-content\/uploads\/2017\/03\/Gran_Alpin_Flocken-768x432.jpg 768w, https:\/\/www.helvetibox.ch\/wp-content\/uploads\/2017\/03\/Gran_Alpin_Flocken-610x343.jpg 610w\" sizes=\"(max-width: 800px) 100vw, 800px\" \/><span class=\"et_overlay\" data-icon=\"\" data-icon-tablet=\"\" data-icon-phone=\"\"><\/span><\/a><\/div><\/div><\/div><\/div><\/div><\/div><\/div><div class=\"et_pb_section_8 et_pb_section et_section_regular et_block_section\"><div class=\"et_pb_row_18 et_pb_row et_block_row\"><div class=\"et_pb_column_25 et_pb_column et_pb_column_4_4 et-last-child et_block_column et_pb_css_mix_blend_mode_passthrough\"><div class=\"et_pb_text_16 et_pb_text et_pb_bg_layout_light et_pb_module et_block_module et_pb_text_align_justified\"><div class=\"et_pb_text_inner\"><h1 style=\"text-align: center;\">Minipics mini<\/h1>\n<p style=\"text-align: center;\"><span style=\"text-align: justify;\"><b>Grischuna Fleischtrocknerei Churwalden, 7302 Landquart<\/b><\/span><\/p>\n<\/div><\/div><\/div><\/div><div class=\"et_pb_row_19 et_pb_row et_block_row\"><div class=\"et_pb_column_26 et_pb_column et_pb_column_1_2 et_block_column et_pb_css_mix_blend_mode_passthrough\"><div class=\"et_pb_text_17 et_pb_text et_pb_bg_layout_light et_pb_module et_block_module\"><div class=\"et_pb_text_inner\"><p><strong>IHR GESCHENK<\/strong> \u2013 <a href=\"http:\/\/www.minipic.ch\/de\/home\/\">Minipic<\/a>, der kultige Fleisch-Snack ist der bekannteste und beliebteste der Schweiz und wird im Hause Grischuna im B\u00fcndner Landquart produziert. Die Rezeptur f\u00fcr Minipic ist zwar schon seit 40 Jahren gleich, doch die \u201emini\u201c-Version des Snacks ist ganz neu!<\/p>\n<\/div><\/div><\/div><div class=\"et_pb_column_27 et_pb_column et_pb_column_1_2 et-last-child et_block_column et_pb_css_mix_blend_mode_passthrough\"><div class=\"et_pb_image_5 et_pb_image et_animated et_pb_module et_block_module\"><span class=\"et_pb_image_wrap\"><img loading=\"lazy\" decoding=\"async\" src=\"http:\/\/www.helvetibox.ch\/wp-content\/uploads\/2017\/03\/minipic-miniminis-3Set-de-1.png\" width=\"794\" height=\"595\" srcset=\"https:\/\/www.helvetibox.ch\/wp-content\/uploads\/2017\/03\/minipic-miniminis-3Set-de-1.png 794w, https:\/\/www.helvetibox.ch\/wp-content\/uploads\/2017\/03\/minipic-miniminis-3Set-de-1-510x382.png 510w, https:\/\/www.helvetibox.ch\/wp-content\/uploads\/2017\/03\/minipic-miniminis-3Set-de-1-300x225.png 300w, https:\/\/www.helvetibox.ch\/wp-content\/uploads\/2017\/03\/minipic-miniminis-3Set-de-1-768x576.png 768w, https:\/\/www.helvetibox.ch\/wp-content\/uploads\/2017\/03\/minipic-miniminis-3Set-de-1-610x457.png 610w\" sizes=\"(max-width: 794px) 100vw, 794px\" class=\"wp-image-18989\" title=\"Minipic minis\" alt=\"Minipic minis\" \/><\/span><\/div><\/div><\/div><\/div><div class=\"et_pb_section_9 et_pb_section et_section_regular et_block_section\"><div class=\"et_pb_row_20 et_pb_row et_block_row\"><div class=\"et_pb_column_28 et_pb_column et_pb_column_4_4 et-last-child et_block_column et_pb_css_mix_blend_mode_passthrough\"><div class=\"et_pb_blurb_0 et_pb_blurb et_pb_bg_layout_light et_pb_text_align_center et_pb_blurb_position_top et_pb_module et_block_module\"><div class=\"et_pb_blurb_content\"><div class=\"et_pb_main_blurb_image\"><span class=\"et_pb_image_wrap\"><span class=\"et-pb-icon et-waypoint et_pb_animation_off et_pb_animation_off_tablet et_pb_animation_off_phone\">\ue01d<\/span><\/span><\/div><div class=\"et_pb_blurb_container\"><h4 class=\"et_pb_module_header\">Standort der Produzenten<\/h4><\/div><\/div><\/div><div class=\"et_pb_map_0 et_pb_map_container et_pb_module et_flex_module\" data-grayscale=\"\"><div class=\"et_pb_map\" data-center-lat=\"46.769978196891\" data-center-lng=\"9.55605304375\" data-zoom=\"8\" data-mouse-wheel=\"off\" data-mobile-dragging=\"on\"><\/div><div class=\"et_pb_map_pin_0 et_pb_map_pin\" data-lat=\"46.784318582326\" data-lng=\"9.540820496434\" data-title=\"Bischi Fleischtrocknerei\"><h3 style=\"margin-top:10px\">Bischi Fleischtrocknerei<\/h3><\/div><div class=\"et_pb_map_pin_1 et_pb_map_pin\" data-lat=\"46.799091506925\" data-lng=\"10.302504469056\" data-title=\"Hatecke\"><h3 style=\"margin-top:10px\">Hatecke<\/h3><\/div><div class=\"et_pb_map_pin_2 et_pb_map_pin\" data-lat=\"46.6792636\" data-lng=\"8.7693136\" data-title=\"La Conditoria\"><h3 style=\"margin-top:10px\">La Conditoria<\/h3><\/div><div class=\"et_pb_map_pin_3 et_pb_map_pin\" data-lat=\"46.776273177613\" data-lng=\"9.667266873172\" data-title=\"Hustee\"><h3 style=\"margin-top:10px\">Hustee<\/h3><\/div><div class=\"et_pb_map_pin_4 et_pb_map_pin\" data-lat=\"46.2950557\" data-lng=\"10.0777459\" data-title=\"Raselli\"><h3 style=\"margin-top:10px\">Raselli<\/h3><\/div><div class=\"et_pb_map_pin_5 et_pb_map_pin\" data-lat=\"46.6623186\" data-lng=\"9.576723\" data-title=\"Gran Alpin\"><h3 style=\"margin-top:10px\">Gran Alpin<\/h3><\/div><div class=\"et_pb_map_pin_6 et_pb_map_pin\" data-lat=\"46.9525295\" data-lng=\"9.5627579\" data-title=\"Fleischtrocknerei Churwalden AG Grischuna\"><h3 style=\"margin-top:10px\">Fleischtrocknerei Churwalden AG Grischuna<\/h3><\/div><\/div><\/div><\/div><\/div><div class=\"et_pb_section_10 et_pb_section et_section_regular et_block_section\"><div class=\"et_pb_row_21 et_pb_row et_block_row\"><div class=\"et_pb_column_29 et_pb_column et_pb_column_4_4 et-last-child et_block_column et_pb_css_mix_blend_mode_passthrough\"><div class=\"et_pb_slider_0 et_pb_slider et_pb_slider_fullwidth_off et_pb_module et_block_module\"><div class=\"et_pb_slides\"><div class=\"et_pb_slide_0 et_pb_slide et_pb_media_alignment_center et_pb_bg_layout_dark et_pb_text_align_center\" data-slide-id=\"divi\/slide-0\"><div class=\"et_pb_container\"><div class=\"et_pb_slider_container_inner\"><div class=\"et_pb_slide_description\"><h2 class=\"et_pb_slide_title\"><a href=\"http:\/\/www.helvetibox.ch\/de\/category\/rezepte\/\" target=\"\" class=\"et_pb_slide_title_link\"><\/a><\/h2><div class=\"et_pb_button_wrapper\"><a class=\"et_pb_button et_pb_more_button\" href=\"http:\/\/www.helvetibox.ch\/de\/category\/rezepte\/\">zu den Rezepten<\/a><\/div><\/div><\/div><\/div><\/div><\/div><\/div><\/div><\/div><\/div>","protected":false},"excerpt":{"rendered":"","protected":false},"author":329,"featured_media":19017,"comment_status":"closed","ping_status":"closed","sticky":false,"template":"","format":"standard","meta":{"_et_pb_use_builder":"on","_et_pb_old_content":"","_et_gb_content_width":"","footnotes":""},"categories":[43,820],"tags":[],"dipi_cpt_category":[],"class_list":["post-18960","post","type-post","status-publish","format-standard","has-post-thumbnail","hentry","category-box-de","category-box-n31-graubuenden"],"yoast_head":"<!-- This site is optimized with the Yoast SEO plugin v27.3 - https:\/\/yoast.com\/product\/yoast-seo-wordpress\/ -->\n<title>HelvetiBox N\u00b031 \u2013 Regionale Produkte aus Graub\u00fcnden - HelvetiBox<\/title>\n<meta name=\"robots\" content=\"index, follow, max-snippet:-1, max-image-preview:large, max-video-preview:-1\" \/>\n<link rel=\"canonical\" href=\"https:\/\/www.helvetibox.ch\/de\/helvetibox-n31-regionale-produkte-aus-graubuenden\/\" \/>\n<meta property=\"og:locale\" content=\"de_DE\" \/>\n<meta property=\"og:type\" content=\"article\" \/>\n<meta property=\"og:title\" content=\"HelvetiBox N\u00b031 \u2013 Regionale Produkte aus Graub\u00fcnden - HelvetiBox\" \/>\n<meta property=\"og:url\" content=\"https:\/\/www.helvetibox.ch\/de\/helvetibox-n31-regionale-produkte-aus-graubuenden\/\" \/>\n<meta property=\"og:site_name\" content=\"HelvetiBox\" \/>\n<meta property=\"article:publisher\" content=\"http:\/\/www.facebook.com\/helvetibox\" \/>\n<meta property=\"article:published_time\" content=\"2017-03-17T05:55:14+00:00\" \/>\n<meta property=\"article:modified_time\" content=\"2026-03-03T19:47:43+00:00\" \/>\n<meta property=\"og:image\" content=\"https:\/\/www.helvetibox.ch\/wp-content\/uploads\/2017\/03\/Helvetibox_B1702-GR-opt.jpg\" \/>\n\t<meta property=\"og:image:width\" content=\"1600\" \/>\n\t<meta property=\"og:image:height\" content=\"1066\" \/>\n\t<meta property=\"og:image:type\" content=\"image\/jpeg\" \/>\n<meta name=\"author\" content=\"Florian Corth\u00e9sy\" \/>\n<script type=\"application\/ld+json\" class=\"yoast-schema-graph\">{\"@context\":\"https:\\\/\\\/schema.org\",\"@graph\":[{\"@type\":\"Article\",\"@id\":\"https:\\\/\\\/www.helvetibox.ch\\\/de\\\/helvetibox-n31-regionale-produkte-aus-graubuenden\\\/#article\",\"isPartOf\":{\"@id\":\"https:\\\/\\\/www.helvetibox.ch\\\/de\\\/helvetibox-n31-regionale-produkte-aus-graubuenden\\\/\"},\"author\":{\"name\":\"Florian Corth\u00e9sy\",\"@id\":\"https:\\\/\\\/www.helvetibox.ch\\\/de\\\/#\\\/schema\\\/person\\\/570a8ce46d2623290e963592e83b03a4\"},\"headline\":\"HelvetiBox N\u00b031 \u2013 Regionale Produkte aus Graub\u00fcnden\",\"datePublished\":\"2017-03-17T05:55:14+00:00\",\"dateModified\":\"2026-03-03T19:47:43+00:00\",\"mainEntityOfPage\":{\"@id\":\"https:\\\/\\\/www.helvetibox.ch\\\/de\\\/helvetibox-n31-regionale-produkte-aus-graubuenden\\\/\"},\"wordCount\":35,\"image\":{\"@id\":\"https:\\\/\\\/www.helvetibox.ch\\\/de\\\/helvetibox-n31-regionale-produkte-aus-graubuenden\\\/#primaryimage\"},\"thumbnailUrl\":\"https:\\\/\\\/www.helvetibox.ch\\\/wp-content\\\/uploads\\\/2017\\\/03\\\/Helvetibox_B1702-GR-opt.jpg\",\"articleSection\":[\"Box\",\"Box N\u00b031 - Graub\u00fcnden\"],\"inLanguage\":\"de\"},{\"@type\":\"WebPage\",\"@id\":\"https:\\\/\\\/www.helvetibox.ch\\\/de\\\/helvetibox-n31-regionale-produkte-aus-graubuenden\\\/\",\"url\":\"https:\\\/\\\/www.helvetibox.ch\\\/de\\\/helvetibox-n31-regionale-produkte-aus-graubuenden\\\/\",\"name\":\"HelvetiBox N\u00b031 \u2013 Regionale Produkte aus Graub\u00fcnden - HelvetiBox\",\"isPartOf\":{\"@id\":\"https:\\\/\\\/www.helvetibox.ch\\\/de\\\/#website\"},\"primaryImageOfPage\":{\"@id\":\"https:\\\/\\\/www.helvetibox.ch\\\/de\\\/helvetibox-n31-regionale-produkte-aus-graubuenden\\\/#primaryimage\"},\"image\":{\"@id\":\"https:\\\/\\\/www.helvetibox.ch\\\/de\\\/helvetibox-n31-regionale-produkte-aus-graubuenden\\\/#primaryimage\"},\"thumbnailUrl\":\"https:\\\/\\\/www.helvetibox.ch\\\/wp-content\\\/uploads\\\/2017\\\/03\\\/Helvetibox_B1702-GR-opt.jpg\",\"datePublished\":\"2017-03-17T05:55:14+00:00\",\"dateModified\":\"2026-03-03T19:47:43+00:00\",\"author\":{\"@id\":\"https:\\\/\\\/www.helvetibox.ch\\\/de\\\/#\\\/schema\\\/person\\\/570a8ce46d2623290e963592e83b03a4\"},\"breadcrumb\":{\"@id\":\"https:\\\/\\\/www.helvetibox.ch\\\/de\\\/helvetibox-n31-regionale-produkte-aus-graubuenden\\\/#breadcrumb\"},\"inLanguage\":\"de\",\"potentialAction\":[{\"@type\":\"ReadAction\",\"target\":[\"https:\\\/\\\/www.helvetibox.ch\\\/de\\\/helvetibox-n31-regionale-produkte-aus-graubuenden\\\/\"]}]},{\"@type\":\"ImageObject\",\"inLanguage\":\"de\",\"@id\":\"https:\\\/\\\/www.helvetibox.ch\\\/de\\\/helvetibox-n31-regionale-produkte-aus-graubuenden\\\/#primaryimage\",\"url\":\"https:\\\/\\\/www.helvetibox.ch\\\/wp-content\\\/uploads\\\/2017\\\/03\\\/Helvetibox_B1702-GR-opt.jpg\",\"contentUrl\":\"https:\\\/\\\/www.helvetibox.ch\\\/wp-content\\\/uploads\\\/2017\\\/03\\\/Helvetibox_B1702-GR-opt.jpg\",\"width\":1600,\"height\":1066},{\"@type\":\"BreadcrumbList\",\"@id\":\"https:\\\/\\\/www.helvetibox.ch\\\/de\\\/helvetibox-n31-regionale-produkte-aus-graubuenden\\\/#breadcrumb\",\"itemListElement\":[{\"@type\":\"ListItem\",\"position\":1,\"name\":\"Accueil\",\"item\":\"https:\\\/\\\/www.helvetibox.ch\\\/de\\\/homepage\\\/\"},{\"@type\":\"ListItem\",\"position\":2,\"name\":\"HelvetiBox N\u00b031 \u2013 Regionale Produkte aus Graub\u00fcnden\"}]},{\"@type\":\"WebSite\",\"@id\":\"https:\\\/\\\/www.helvetibox.ch\\\/de\\\/#website\",\"url\":\"https:\\\/\\\/www.helvetibox.ch\\\/de\\\/\",\"name\":\"HelvetiBox\",\"description\":\"Eine Gourmetreise durch die Schweiz \",\"potentialAction\":[{\"@type\":\"SearchAction\",\"target\":{\"@type\":\"EntryPoint\",\"urlTemplate\":\"https:\\\/\\\/www.helvetibox.ch\\\/de\\\/?s={search_term_string}\"},\"query-input\":{\"@type\":\"PropertyValueSpecification\",\"valueRequired\":true,\"valueName\":\"search_term_string\"}}],\"inLanguage\":\"de\"},{\"@type\":\"Person\",\"@id\":\"https:\\\/\\\/www.helvetibox.ch\\\/de\\\/#\\\/schema\\\/person\\\/570a8ce46d2623290e963592e83b03a4\",\"name\":\"Florian Corth\u00e9sy\",\"image\":{\"@type\":\"ImageObject\",\"inLanguage\":\"de\",\"@id\":\"https:\\\/\\\/secure.gravatar.com\\\/avatar\\\/25feb37f6f232bcff3b90c1032c68ca8b1ad55c1c90c8cc3d77f08e7bbf4224a?s=96&d=mm&r=g\",\"url\":\"https:\\\/\\\/secure.gravatar.com\\\/avatar\\\/25feb37f6f232bcff3b90c1032c68ca8b1ad55c1c90c8cc3d77f08e7bbf4224a?s=96&d=mm&r=g\",\"contentUrl\":\"https:\\\/\\\/secure.gravatar.com\\\/avatar\\\/25feb37f6f232bcff3b90c1032c68ca8b1ad55c1c90c8cc3d77f08e7bbf4224a?s=96&d=mm&r=g\",\"caption\":\"Florian Corth\u00e9sy\"}}]}<\/script>\n<!-- \/ Yoast SEO plugin. -->","yoast_head_json":{"title":"HelvetiBox N\u00b031 \u2013 Regionale Produkte aus Graub\u00fcnden - HelvetiBox","robots":{"index":"index","follow":"follow","max-snippet":"max-snippet:-1","max-image-preview":"max-image-preview:large","max-video-preview":"max-video-preview:-1"},"canonical":"https:\/\/www.helvetibox.ch\/de\/helvetibox-n31-regionale-produkte-aus-graubuenden\/","og_locale":"de_DE","og_type":"article","og_title":"HelvetiBox N\u00b031 \u2013 Regionale Produkte aus Graub\u00fcnden - HelvetiBox","og_url":"https:\/\/www.helvetibox.ch\/de\/helvetibox-n31-regionale-produkte-aus-graubuenden\/","og_site_name":"HelvetiBox","article_publisher":"http:\/\/www.facebook.com\/helvetibox","article_published_time":"2017-03-17T05:55:14+00:00","article_modified_time":"2026-03-03T19:47:43+00:00","og_image":[{"width":1600,"height":1066,"url":"https:\/\/www.helvetibox.ch\/wp-content\/uploads\/2017\/03\/Helvetibox_B1702-GR-opt.jpg","type":"image\/jpeg"}],"author":"Florian Corth\u00e9sy","schema":{"@context":"https:\/\/schema.org","@graph":[{"@type":"Article","@id":"https:\/\/www.helvetibox.ch\/de\/helvetibox-n31-regionale-produkte-aus-graubuenden\/#article","isPartOf":{"@id":"https:\/\/www.helvetibox.ch\/de\/helvetibox-n31-regionale-produkte-aus-graubuenden\/"},"author":{"name":"Florian Corth\u00e9sy","@id":"https:\/\/www.helvetibox.ch\/de\/#\/schema\/person\/570a8ce46d2623290e963592e83b03a4"},"headline":"HelvetiBox N\u00b031 \u2013 Regionale Produkte aus Graub\u00fcnden","datePublished":"2017-03-17T05:55:14+00:00","dateModified":"2026-03-03T19:47:43+00:00","mainEntityOfPage":{"@id":"https:\/\/www.helvetibox.ch\/de\/helvetibox-n31-regionale-produkte-aus-graubuenden\/"},"wordCount":35,"image":{"@id":"https:\/\/www.helvetibox.ch\/de\/helvetibox-n31-regionale-produkte-aus-graubuenden\/#primaryimage"},"thumbnailUrl":"https:\/\/www.helvetibox.ch\/wp-content\/uploads\/2017\/03\/Helvetibox_B1702-GR-opt.jpg","articleSection":["Box","Box N\u00b031 - Graub\u00fcnden"],"inLanguage":"de"},{"@type":"WebPage","@id":"https:\/\/www.helvetibox.ch\/de\/helvetibox-n31-regionale-produkte-aus-graubuenden\/","url":"https:\/\/www.helvetibox.ch\/de\/helvetibox-n31-regionale-produkte-aus-graubuenden\/","name":"HelvetiBox N\u00b031 \u2013 Regionale Produkte aus Graub\u00fcnden - HelvetiBox","isPartOf":{"@id":"https:\/\/www.helvetibox.ch\/de\/#website"},"primaryImageOfPage":{"@id":"https:\/\/www.helvetibox.ch\/de\/helvetibox-n31-regionale-produkte-aus-graubuenden\/#primaryimage"},"image":{"@id":"https:\/\/www.helvetibox.ch\/de\/helvetibox-n31-regionale-produkte-aus-graubuenden\/#primaryimage"},"thumbnailUrl":"https:\/\/www.helvetibox.ch\/wp-content\/uploads\/2017\/03\/Helvetibox_B1702-GR-opt.jpg","datePublished":"2017-03-17T05:55:14+00:00","dateModified":"2026-03-03T19:47:43+00:00","author":{"@id":"https:\/\/www.helvetibox.ch\/de\/#\/schema\/person\/570a8ce46d2623290e963592e83b03a4"},"breadcrumb":{"@id":"https:\/\/www.helvetibox.ch\/de\/helvetibox-n31-regionale-produkte-aus-graubuenden\/#breadcrumb"},"inLanguage":"de","potentialAction":[{"@type":"ReadAction","target":["https:\/\/www.helvetibox.ch\/de\/helvetibox-n31-regionale-produkte-aus-graubuenden\/"]}]},{"@type":"ImageObject","inLanguage":"de","@id":"https:\/\/www.helvetibox.ch\/de\/helvetibox-n31-regionale-produkte-aus-graubuenden\/#primaryimage","url":"https:\/\/www.helvetibox.ch\/wp-content\/uploads\/2017\/03\/Helvetibox_B1702-GR-opt.jpg","contentUrl":"https:\/\/www.helvetibox.ch\/wp-content\/uploads\/2017\/03\/Helvetibox_B1702-GR-opt.jpg","width":1600,"height":1066},{"@type":"BreadcrumbList","@id":"https:\/\/www.helvetibox.ch\/de\/helvetibox-n31-regionale-produkte-aus-graubuenden\/#breadcrumb","itemListElement":[{"@type":"ListItem","position":1,"name":"Accueil","item":"https:\/\/www.helvetibox.ch\/de\/homepage\/"},{"@type":"ListItem","position":2,"name":"HelvetiBox N\u00b031 \u2013 Regionale Produkte aus Graub\u00fcnden"}]},{"@type":"WebSite","@id":"https:\/\/www.helvetibox.ch\/de\/#website","url":"https:\/\/www.helvetibox.ch\/de\/","name":"HelvetiBox","description":"Eine Gourmetreise durch die Schweiz ","potentialAction":[{"@type":"SearchAction","target":{"@type":"EntryPoint","urlTemplate":"https:\/\/www.helvetibox.ch\/de\/?s={search_term_string}"},"query-input":{"@type":"PropertyValueSpecification","valueRequired":true,"valueName":"search_term_string"}}],"inLanguage":"de"},{"@type":"Person","@id":"https:\/\/www.helvetibox.ch\/de\/#\/schema\/person\/570a8ce46d2623290e963592e83b03a4","name":"Florian Corth\u00e9sy","image":{"@type":"ImageObject","inLanguage":"de","@id":"https:\/\/secure.gravatar.com\/avatar\/25feb37f6f232bcff3b90c1032c68ca8b1ad55c1c90c8cc3d77f08e7bbf4224a?s=96&d=mm&r=g","url":"https:\/\/secure.gravatar.com\/avatar\/25feb37f6f232bcff3b90c1032c68ca8b1ad55c1c90c8cc3d77f08e7bbf4224a?s=96&d=mm&r=g","contentUrl":"https:\/\/secure.gravatar.com\/avatar\/25feb37f6f232bcff3b90c1032c68ca8b1ad55c1c90c8cc3d77f08e7bbf4224a?s=96&d=mm&r=g","caption":"Florian Corth\u00e9sy"}}]}},"_links":{"self":[{"href":"https:\/\/www.helvetibox.ch\/de\/wp-json\/wp\/v2\/posts\/18960","targetHints":{"allow":["GET"]}}],"collection":[{"href":"https:\/\/www.helvetibox.ch\/de\/wp-json\/wp\/v2\/posts"}],"about":[{"href":"https:\/\/www.helvetibox.ch\/de\/wp-json\/wp\/v2\/types\/post"}],"author":[{"embeddable":true,"href":"https:\/\/www.helvetibox.ch\/de\/wp-json\/wp\/v2\/users\/329"}],"replies":[{"embeddable":true,"href":"https:\/\/www.helvetibox.ch\/de\/wp-json\/wp\/v2\/comments?post=18960"}],"version-history":[{"count":1,"href":"https:\/\/www.helvetibox.ch\/de\/wp-json\/wp\/v2\/posts\/18960\/revisions"}],"predecessor-version":[{"id":27397626,"href":"https:\/\/www.helvetibox.ch\/de\/wp-json\/wp\/v2\/posts\/18960\/revisions\/27397626"}],"wp:featuredmedia":[{"embeddable":true,"href":"https:\/\/www.helvetibox.ch\/de\/wp-json\/wp\/v2\/media\/19017"}],"wp:attachment":[{"href":"https:\/\/www.helvetibox.ch\/de\/wp-json\/wp\/v2\/media?parent=18960"}],"wp:term":[{"taxonomy":"category","embeddable":true,"href":"https:\/\/www.helvetibox.ch\/de\/wp-json\/wp\/v2\/categories?post=18960"},{"taxonomy":"post_tag","embeddable":true,"href":"https:\/\/www.helvetibox.ch\/de\/wp-json\/wp\/v2\/tags?post=18960"},{"taxonomy":"dipi_cpt_category","embeddable":true,"href":"https:\/\/www.helvetibox.ch\/de\/wp-json\/wp\/v2\/dipi_cpt_category?post=18960"}],"curies":[{"name":"wp","href":"https:\/\/api.w.org\/{rel}","templated":true}]}}