{"id":19341,"date":"2017-06-20T15:08:24","date_gmt":"2017-06-20T13:08:24","guid":{"rendered":"http:\/\/www.helvetibox.ch\/helvetibox-n34-produits-terroir-schwyzois\/"},"modified":"2026-03-03T21:00:23","modified_gmt":"2026-03-03T20:00:23","slug":"helvetibox-n34-regionale-produkte-aus-schwyz","status":"publish","type":"post","link":"https:\/\/www.helvetibox.ch\/de\/helvetibox-n34-regionale-produkte-aus-schwyz\/","title":{"rendered":"HelvetiBox N\u00b034 \u2013 Regionale Produkte aus Schwyz"},"content":{"rendered":"<div class=\"et_pb_section_0 et_pb_section et_section_regular et_block_section\"><div class=\"et_pb_row_0 et_pb_row et_block_row\"><div class=\"et_pb_column_0 et_pb_column et_pb_column_4_4 et-last-child et_block_column et_pb_css_mix_blend_mode_passthrough\"><div class=\"et_pb_module et_d4_element et_pb_post_title et_pb_post_title_8 et_pb_bg_layout_light  et_pb_text_align_center\"   >\n\t\t\t\t\n\t\t\t\t\n\t\t\t\t\n\t\t\t\t\n\t\t\t\t\n\t\t\t\t<div class=\"et_pb_title_container\">\n\t\t\t\t\t<h1 class=\"entry-title\">HelvetiBox N\u00b034 \u2013 Regionale Produkte aus Schwyz<\/h1>\n\t\t\t\t<\/div>\n\t\t\t\t\n\t\t\t<\/div><\/div><\/div><div class=\"et_pb_row_1 et_pb_row et_block_row\"><div class=\"et_pb_column_1 et_pb_column et_pb_column_3_4 et_block_column et_pb_css_mix_blend_mode_passthrough\"><div class=\"et_pb_text_0 et_pb_text et_pb_bg_layout_light et_pb_module et_block_module\"><div class=\"et_pb_text_inner\"><p>Zusammen mit Uri und Unterwald ist Schwyz einer der \u00e4ltesten Kantone der Schweiz. Doch primitiv sind seine Einwohner deswegen ganz und gar nicht \u2013 den Schwyzer Produzenten mangelt es nicht an kreativen Ideen. Von den Besuchen bei unseren Produzenten ist uns besonders ihre freundliche und offene Art geblieben. Vielleicht hat sich unser Volksheld, Roger Federer, deswegen daf\u00fcr entschieden in Schwyz zu wohnen. Oder vielleicht hat er dabei doch eher an die Schwyzer Gourmetprodukte gedacht?<\/p>\n<p>Die acht Produkte, die wir diesen Monat f\u00fcr Sie ausgew\u00e4hlt haben, kommen aus allen Ecken des Kantons! So geht unsere Rundreise von den Steilufern des Vierwaldst\u00e4ttersees, \u00fcber Einsiedeln mit seinem Kloster, das mysteri\u00f6se Muotatal, bis hin zu den fruchtbaren Ufern der Linth.<\/p>\n<p>Sie werden mehrere Produkte aus dem kulinarischen Erbe der Schweiz probieren: Schafb\u00f6cke aus Einsiedeln, Linthmais und Rosoli. Aber auch ein paar innovative Produkte stehen auf dem Plan: Rinderheu (Heu aus getrocknetem Rindfleisch) und Kr\u00e4uterpolenta im Baumwollsack, die ganz von selbst kocht. Und weil es Sommer ist, haben wir noch ein Maisbier und eine Dip Sauce f\u00fcr Tortillas f\u00fcr Sie.<\/p>\n<\/div><\/div><\/div><div class=\"et_pb_column_2 et_pb_column et_pb_column_1_4 et-last-child et_block_column et_pb_css_mix_blend_mode_passthrough\"><div class=\"et_pb_image_0 et_pb_image et_animated et_pb_module et_block_module\"><a href=\"https:\/\/de.wikipedia.org\/wiki\/Kanton_Schwyz\" target=\"_blank\"><span class=\"et_pb_image_wrap\"><img loading=\"lazy\" decoding=\"async\" src=\"http:\/\/www.helvetibox.ch\/wp-content\/uploads\/2014\/12\/Wappen_des_Kantons_Schwyz.png\" width=\"416\" height=\"504\" srcset=\"https:\/\/www.helvetibox.ch\/wp-content\/uploads\/2014\/12\/Wappen_des_Kantons_Schwyz.png 416w, https:\/\/www.helvetibox.ch\/wp-content\/uploads\/2014\/12\/Wappen_des_Kantons_Schwyz-247x300.png 247w\" sizes=\"(max-width: 416px) 100vw, 416px\" class=\"wp-image-1247\" title=\"Wappen Kanton Schwyz (Wikipedia)\" alt=\"Wappen Kanton Schwyz (Wikipedia)\" \/><\/span><\/a><\/div><div class=\"et_pb_image_1 et_pb_image et_animated et_pb_module et_block_module\"><span class=\"et_pb_image_wrap\"><img loading=\"lazy\" decoding=\"async\" src=\"http:\/\/www.helvetibox.ch\/wp-content\/uploads\/2014\/12\/Switzerland__Map_SZ.svg_.png\" width=\"280\" height=\"198\" sizes=\"(max-width: 280px) 100vw, 280px\" class=\"wp-image-12567\" title=\"Carte de la Suisse (Canton de Schwyz) (Bas\u00e9 sur Wikipedia)\" alt=\"Carte de la Suisse (Canton de Schwyz) (Bas\u00e9 sur Wikipedia)\" \/><\/span><\/div><\/div><\/div><div class=\"et_pb_row_2 et_pb_row et_block_row\"><div class=\"et_pb_column_3 et_pb_column et_pb_column_4_4 et-last-child et_block_column et_pb_css_mix_blend_mode_passthrough\"><div class=\"et_pb_post_slider_0 et_pb_post_slider et_pb_bg_layout_dark et_pb_slider et_pb_slider_fullwidth_off et_pb_post_slider_image_background et_pb_slider_with_overlay et_pb_module et_block_module\"><div class=\"et_pb_slides\"><div class=\"et_pb_slide et_pb_post_slide-58756\" style=\"background-image:url(https:\/\/www.helvetibox.ch\/wp-content\/uploads\/2021\/09\/Helvetibox_n66_B2003_TI.jpg)\"><div class=\"et_pb_slide_overlay_container\"><\/div><div class=\"et_pb_container clearfix\"><div class=\"et_pb_slider_container_inner\"><div class=\"et_pb_slide_description\"><h2 class=\"et_pb_slide_title\"><a href=\"https:\/\/www.helvetibox.ch\/de\/helvetibox-n66-regionale-produkte-aus-dem-tessin\/\">HelvetiBox N\u00b066 \u2013 Regionale Produkte aus dem Tessin<\/a><\/h2><div class=\"et_pb_slide_content\"><div class=\"et_pb_slide_content_body\"><p>Als einziger Schweizer Kanton ganz s\u00fcdlich der Alpen teilt das Tessin nicht nur eine Sprache, sondern auch eine K\u00fcche mit seinem transalpinen Nachbarn. Unsere Auswahl sechs Tessiner Produkte soll Sie aufmuntern, auch wenn Sie sich gerade in Quarant\u00e4ne befinden. Hier&#8230;<\/p>\n<\/div><\/div><div class=\"et_pb_button_wrapper\"><a class=\"et_pb_button et_pb_more_button\" href=\"https:\/\/www.helvetibox.ch\/de\/helvetibox-n66-regionale-produkte-aus-dem-tessin\/\">weiterlesen<\/a><\/div><\/div><\/div><\/div><\/div><div class=\"et_pb_slide et_pb_post_slide-58725\" style=\"background-image:url(https:\/\/www.helvetibox.ch\/wp-content\/uploads\/2021\/09\/Helvetibox_n65_B2002_ZH-copie-scaled.jpg)\"><div class=\"et_pb_slide_overlay_container\"><\/div><div class=\"et_pb_container clearfix\"><div class=\"et_pb_slider_container_inner\"><div class=\"et_pb_slide_description\"><h2 class=\"et_pb_slide_title\"><a href=\"https:\/\/www.helvetibox.ch\/de\/helvetibox-n65-regionale-produkte-aus-zuerich\/\">HelvetiBox N\u00b065 \u2013 Regionale Produkte aus Z\u00fcrich<\/a><\/h2><div class=\"et_pb_slide_content\"><div class=\"et_pb_slide_content_body\"><p>HelvetiBox N\u00b065 \u2013 Regionale Produkte aus Z\u00fcrich Der Kanton Z\u00fcrich ist gleichzeitig der Kanton mit der h\u00f6chsten Bev\u00f6lkerungsanzahl und der am dicht besiedelte Kanton. Seit langer Zeit sind die Metropole und das umliegende Land besonders wohlhabend. Das spiegelt sich&#8230;<\/p>\n<\/div><\/div><div class=\"et_pb_button_wrapper\"><a class=\"et_pb_button et_pb_more_button\" href=\"https:\/\/www.helvetibox.ch\/de\/helvetibox-n65-regionale-produkte-aus-zuerich\/\">weiterlesen<\/a><\/div><\/div><\/div><\/div><\/div><div class=\"et_pb_slide et_pb_post_slide-58707\" style=\"background-image:url(https:\/\/www.helvetibox.ch\/wp-content\/uploads\/2021\/09\/Helvetibox_n64_B2001_FR-scaled.jpg)\"><div class=\"et_pb_slide_overlay_container\"><\/div><div class=\"et_pb_container clearfix\"><div class=\"et_pb_slider_container_inner\"><div class=\"et_pb_slide_description\"><h2 class=\"et_pb_slide_title\"><a href=\"https:\/\/www.helvetibox.ch\/de\/helvetibox-n64-regionale-produkte-aus-freiburg\/\">HelvetiBox n\u00b064 \u2013 Regionale Produkte aus Freiburg<\/a><\/h2><div class=\"et_pb_slide_content\"><div class=\"et_pb_slide_content_body\"><p>HelvetiBox n\u00b064 \u2013 Regionale Produkte aus Freiburg Um das neue Jahr zu beginnen, empfehlen wir Ihnen, das Terroir des zweisprachigen Kantons Freiburg zu entdecken. Eine Gourmet-Auswahl von sechs Produkten, die die Spezialit\u00e4ten des Kantons mit einem Hauch von&#8230;<\/p>\n<\/div><\/div><div class=\"et_pb_button_wrapper\"><a class=\"et_pb_button et_pb_more_button\" href=\"https:\/\/www.helvetibox.ch\/de\/helvetibox-n64-regionale-produkte-aus-freiburg\/\">weiterlesen<\/a><\/div><\/div><\/div><\/div><\/div><div class=\"et_pb_slide et_pb_post_slide-58637\" style=\"background-image:url(https:\/\/www.helvetibox.ch\/wp-content\/uploads\/2021\/09\/Helvetibox_n63_B1912_CH.jpg)\"><div class=\"et_pb_slide_overlay_container\"><\/div><div class=\"et_pb_container clearfix\"><div class=\"et_pb_slider_container_inner\"><div class=\"et_pb_slide_description\"><h2 class=\"et_pb_slide_title\"><a href=\"https:\/\/www.helvetibox.ch\/de\/helvetibox-n63-weihnachten-2019\/\">HelvetiBox n\u00b063 \u2013 Weihnachten 2019<\/a><\/h2><div class=\"et_pb_slide_content\"><div class=\"et_pb_slide_content_body\"><p>HelvetiBox n\u00b063 \u2013 Weihnachten 2019 Im ganzen Land haben St\u00e4dte und D\u00f6rfer ihre eigenen Weihnachtsm\u00e4rkte. Die Idee stammt aus Deutschland. Der \u00e4lteste Weihnachtsmarkt der Welt ist der in Dresden. Die Herkunft liegt im Jahr 1434. Urspr\u00fcnglich war es der Ort, an dem die&#8230;<\/p>\n<\/div><\/div><div class=\"et_pb_button_wrapper\"><a class=\"et_pb_button et_pb_more_button\" href=\"https:\/\/www.helvetibox.ch\/de\/helvetibox-n63-weihnachten-2019\/\">weiterlesen<\/a><\/div><\/div><\/div><\/div><\/div><\/div><\/div><\/div><\/div><\/div><div class=\"et_pb_section_1 et_pb_section et_section_regular et_block_section\"><div class=\"et_pb_row_3 et_pb_row et_block_row\"><div class=\"et_pb_column_4 et_pb_column et_pb_column_1_3 et_block_column et_pb_css_mix_blend_mode_passthrough\"><div class=\"et_pb_number_counter_0 et_pb_number_counter et_pb_bg_layout_light et_pb_text_align_center et_pb_with_title et_pb_module et_block_module\"><div class=\"percent\"><p><span class=\"percent-value\"><\/span><span class=\"percent-sign\"><\/span><\/p><\/div><h3 class=\"title\">PRODUKTE<\/h3><\/div><\/div><div class=\"et_pb_column_5 et_pb_column et_pb_column_1_3 et_block_column et_pb_css_mix_blend_mode_passthrough\"><div class=\"et_pb_text_1 et_pb_text et_pb_bg_layout_light et_pb_module et_block_module\"><div class=\"et_pb_text_inner\"><h1 style=\"text-align: center;\">Die HelvetiBox N\u00b034<\/h1>\n<h1 style=\"text-align: center;\">in Zahlen<\/h1>\n<\/div><\/div><\/div><div class=\"et_pb_column_6 et_pb_column et_pb_column_1_3 et-last-child et_block_column et_pb_css_mix_blend_mode_passthrough\"><div class=\"et_pb_number_counter_1 et_pb_number_counter et_pb_bg_layout_light et_pb_text_align_center et_pb_with_title et_pb_module et_block_module\"><div class=\"percent\"><p><span class=\"percent-value\"><\/span><span class=\"percent-sign\"><\/span><\/p><\/div><h3 class=\"title\">PRODUZENTEN<\/h3><\/div><\/div><\/div><\/div><div class=\"et_pb_section_2 et_pb_section et_section_regular et_block_section\"><div class=\"et_pb_row_4 et_pb_row et_block_row\"><div class=\"et_pb_column_7 et_pb_column et_pb_column_4_4 et-last-child et_block_column et_pb_css_mix_blend_mode_passthrough\"><div class=\"et_pb_text_2 et_pb_text et_pb_bg_layout_light et_pb_module et_block_module et_pb_text_align_justified\"><div class=\"et_pb_text_inner\"><h1 style=\"text-align: center;\">3er Spezialit\u00e4t<\/h1>\n<h1 style=\"text-align: center;\"><span style=\"color: #666666; font-family: 'Open Sans', Arial, sans-serif;\"><span style=\"font-size: 16px;\"><b>Goldapfel, 8840 Einsiedeln<\/b><\/span><\/span><\/h1>\n<\/div><\/div><\/div><\/div><div class=\"et_pb_row_5 et_pb_row et_block_row\"><div class=\"et_pb_column_8 et_pb_column et_pb_column_4_4 et-last-child et_block_column et_pb_css_mix_blend_mode_passthrough\"><div class=\"et_pb_text_3 et_pb_text et_pb_bg_layout_light et_pb_module et_block_module\"><div class=\"et_pb_text_inner\"><p>Dieses S\u00e4ckli enth\u00e4lt die drei unumg\u00e4nglichen Spezialit\u00e4ten Einsiedelns. Der Einsiedler Schafbock ist ein Honigkuchen ohne F\u00fcllung mit einer sehr speziellen Form. Besonders bei den vielen Pilgern beliebt, ist er zum wahren Kultgeb\u00e4ck Einsiedelns geworden. Noch bis 1850 wurde er von den Hausfrauen der Region im Kachelofen gebacken. Dann wurde er zur Spezialit\u00e4t des Hauses Goldapfel, das schon damals f\u00fcr seine Lebkuchen bekannt war und die Schafb\u00f6cke nun schon seit mehr als 150 Jahren verkauft. Der Honigkuchen ist mit einem weidenden Schaf bedruckt. Dies Verzierung ist auf ein heidnisches Ritual zur\u00fcckzuf\u00fchren, welches ach von den ersten Christen \u00fcbernommen wurde. Die anderen beiden Produkte im S\u00e4ckli sind mit Mandel- und Haselnussmassen gef\u00fcllt. Die Braunen bestehen aus demselben Teig wie die Schafb\u00f6cke, es wurden nur ein paar Lebkuchengew\u00fcrze hinzugef\u00fcgt. Bei den Weissen wurde wieder dieselbe Masse mit schaumig-geschlagenem Eiweiss vermengt.<\/p>\n<\/div><\/div><\/div><\/div><div class=\"et_pb_row_6 et_pb_row et_block_row\"><div class=\"et_pb_column_9 et_pb_column et_pb_column_4_4 et-last-child et_block_column et_pb_css_mix_blend_mode_passthrough\"><div class=\"et_pb_image_2 et_pb_image et_animated et_pb_module et_block_module\"><span class=\"et_pb_image_wrap\"><img loading=\"lazy\" decoding=\"async\" src=\"http:\/\/www.helvetibox.ch\/wp-content\/uploads\/2014\/12\/Goldapfel-magasin.jpg\" width=\"1200\" height=\"862\" srcset=\"https:\/\/www.helvetibox.ch\/wp-content\/uploads\/2014\/12\/Goldapfel-magasin.jpg 1200w, https:\/\/www.helvetibox.ch\/wp-content\/uploads\/2014\/12\/Goldapfel-magasin-510x366.jpg 510w, https:\/\/www.helvetibox.ch\/wp-content\/uploads\/2014\/12\/Goldapfel-magasin-300x215.jpg 300w, https:\/\/www.helvetibox.ch\/wp-content\/uploads\/2014\/12\/Goldapfel-magasin-1024x735.jpg 1024w, https:\/\/www.helvetibox.ch\/wp-content\/uploads\/2014\/12\/Goldapfel-magasin-1080x775.jpg 1080w\" sizes=\"(max-width: 1200px) 100vw, 1200px\" class=\"wp-image-1263\" title=\"Goldapfel.ch\" alt=\"Goldapfel.ch\" \/><\/span><\/div><\/div><\/div><\/div><div class=\"et_pb_section_3 et_pb_section et_section_regular et_block_section\"><div class=\"et_pb_row_7 et_pb_row et_block_row\"><div class=\"et_pb_column_10 et_pb_column et_pb_column_4_4 et-last-child et_block_column et_pb_css_mix_blend_mode_passthrough\"><div class=\"et_pb_text_4 et_pb_text et_pb_bg_layout_light et_pb_module et_block_module et_pb_text_align_justified\"><div class=\"et_pb_text_inner\"><h1 style=\"text-align: center;\">Muotathaler Wetterschm\u00f6ckerli<\/h1>\n<h1 style=\"text-align: center;\"><span style=\"color: #666666; font-family: 'Open Sans', Arial, sans-serif;\"><span style=\"font-size: 16px;\"><b>Heinzer Metzgerei, 6436 Muotathal<\/b><\/span><\/span><\/h1>\n<\/div><\/div><\/div><\/div><div class=\"et_pb_row_8 et_pb_row et_block_row\"><div class=\"et_pb_column_11 et_pb_column et_pb_column_4_4 et-last-child et_block_column et_pb_css_mix_blend_mode_passthrough\"><div class=\"et_pb_text_5 et_pb_text et_pb_bg_layout_light et_pb_module et_block_module\"><div class=\"et_pb_text_inner\"><p>Glaubt man den ber\u00fchmten &#8222;Muotathaler Wetterschm\u00f6cker&#8220; (die \u201eWetterpropheten\u201c sind Hobbymeteorologen die zweimal im Jahr mit viel Humor das Wetter f\u00fcr die n\u00e4chsten sechs Monate hervorsagen), geh\u00f6rt die Heinzer Metzgerei zu den Besten ihres Faches in der Schweiz. Die Traditions-Metzgerei aus dem Schwyzer Dorf Muotathal produziert bereits in dritter Generation die, \u00fcber die Kantonsgrenzen hinaus bekannten, Muotathaler Fleischspezialit\u00e4ten. Die Tiere werden von regionalen Bauern im Muotathal und der Region Rigi-Mythen bezogen. Kein Tiertransport zum betriebseigenen Schlachthof dauert daher l\u00e4nger als eine Stunde. Der gesamte Verarbeitungsprozess, von der Schlachtung bis hin zur Verpackung, wird im eigenen Betrieb vollzogen und es entstehen dabei wertvolle Produkte, die \u00fcber Monate mit grossem Fachwissen und viel Liebe gepflegt werden. Die Wetterschm\u00f6ckerli sind das Spitzenprodukt der Metzgerei. Die ger\u00e4ucherten Sch\u00fcbligs passen hervorragend in den Rucksack und so ist diese legend\u00e4re Schwyzer Wurst der ideale Begleiter f\u00fcr Ihre n\u00e4chste Wanderung unter blauem Himmel! Gut zu wissen: Man kann sie auch auf dem Grill zubereiten.<\/p>\n<\/div><\/div><\/div><\/div><\/div><div class=\"et_pb_section_4 et_pb_section et_section_regular et_block_section\"><div class=\"et_pb_row_9 et_pb_row et_block_row\"><div class=\"et_pb_column_12 et_pb_column et_pb_column_4_4 et-last-child et_block_column et_pb_css_mix_blend_mode_passthrough\"><div class=\"et_pb_text_6 et_pb_text et_pb_bg_layout_light et_pb_module et_block_module et_pb_text_align_justified\"><div class=\"et_pb_text_inner\"><h1 style=\"text-align: center;\"><span style=\"text-align: justify;\">Rinderheu<\/span><\/h1>\n<h1 style=\"background-color: #ffffff; text-align: center;\"><span style=\"font-size: 30px; color: #666666; font-family: 'Open Sans', Arial, sans-serif;\"><span style=\"font-size: 16px;\"><b style=\"font-size: 16px;\">Heinzer Metzgerei, 6436 Muotathal<\/b><\/span><\/span><\/h1>\n<\/div><\/div><\/div><\/div><div class=\"et_pb_row_10 et_pb_row et_block_row\"><div class=\"et_pb_column_13 et_pb_column et_pb_column_1_2 et_block_column et_pb_css_mix_blend_mode_passthrough\"><div class=\"et_pb_text_7 et_pb_text et_pb_bg_layout_light et_pb_module et_block_module\"><div class=\"et_pb_text_inner\"><p>Das Muotatal ist ein gr\u00fcnes, lang gezogenes und von Bergen ums\u00e4umtes Schwyzer Bergtal, das nahe beim Kantonshauptort seinen Taleingang hat. In dieser Idylle stellen Rainer und Markus Heinzer ihre innovativen Produkte her. Vor einigen Jahren haben die Br\u00fcder sich dort auch das \u201eHeu\u201c aus Trockenfleisch ausgedacht, mit dem man ganz hervorragend kreativ Kochen kann. Es eignet sich f\u00fcr Sandwichs, Canap\u00e9s, Sommer-Raclette, Salate, Saucen, Pizzen, Suppen, R\u00f6sti, Omelette, Quiches, etc.<\/p>\n<\/div><\/div><\/div><div class=\"et_pb_column_14 et_pb_column et_pb_column_1_2 et-last-child et_block_column et_pb_css_mix_blend_mode_passthrough\"><div class=\"et_pb_image_3 et_pb_image et_animated et_pb_module et_block_module\"><span class=\"et_pb_image_wrap\"><img loading=\"lazy\" decoding=\"async\" src=\"http:\/\/www.helvetibox.ch\/wp-content\/uploads\/2017\/06\/heinzer-metzgerei-muotathaler_heu-1024x680-min-e1498133826609.jpg\" width=\"800\" height=\"531\" srcset=\"https:\/\/www.helvetibox.ch\/wp-content\/uploads\/2017\/06\/heinzer-metzgerei-muotathaler_heu-1024x680-min-e1498133826609.jpg 800w, https:\/\/www.helvetibox.ch\/wp-content\/uploads\/2017\/06\/heinzer-metzgerei-muotathaler_heu-1024x680-min-e1498133826609-510x339.jpg 510w\" sizes=\"(max-width: 800px) 100vw, 800px\" class=\"wp-image-19309\" title=\"Hustee\" alt=\"Hustee\" \/><\/span><\/div><\/div><\/div><\/div><div class=\"et_pb_section_5 et_pb_section et_section_regular et_block_section\"><div class=\"et_pb_row_11 et_pb_row et_block_row\"><div class=\"et_pb_column_15 et_pb_column et_pb_column_4_4 et-last-child et_block_column et_pb_css_mix_blend_mode_passthrough\"><div class=\"et_pb_text_8 et_pb_text et_pb_bg_layout_light et_pb_module et_block_module et_pb_text_align_justified\"><div class=\"et_pb_text_inner\"><h1 style=\"text-align: center;\">UR Rosoli<\/h1>\n<h1 style=\"text-align: center;\"><span style=\"color: #666666; font-family: 'Open Sans', Arial, sans-serif;\"><span style=\"font-size: 16px;\"><b>Einsiedler Drogerie, 8840 Einsiedeln<\/b><\/span><\/span><\/h1>\n<\/div><\/div><\/div><\/div><div class=\"et_pb_row_12 et_pb_row et_block_row\"><div class=\"et_pb_column_16 et_pb_column et_pb_column_1_2 et_block_column et_pb_css_mix_blend_mode_passthrough\"><div class=\"et_pb_text_9 et_pb_text et_pb_bg_layout_light et_pb_module et_block_module et_pb_text_align_justified\"><div class=\"et_pb_text_inner\"><p>Rosoli und der verwandte R\u00f6teli aus dem B\u00fcndnerland sind Kirschlik\u00f6re, die man traditionell zu Weihnachten und Neujahr trinkt. Das Getr\u00e4nk, das seit Jahrhunderten von Landwirtfamilien hergestellt wird, hat seinen Ursprung im Norditalien des 15. Jahrhunderts. Rosoli ist ein naturreiner Lik\u00f6r. Getrocknete Kirschen werden zusammen mit einer nat\u00fcrlichen Gew\u00fcrzmischung \u00fcber eine l\u00e4ngere Zeit in Kernobstbrand eingelegt. Der Produzent des Ur Rosoli in Einsiedeln f\u00fcgt Sternanis und Zimt hinzu. Heutzutage trinkt man den Lik\u00f6r das ganze Jahr \u00fcber, gerne mit einem Birnenbrot. Sollte ihnen das Produkt gefallen, bestellen Sie sich doch eine gr\u00f6ssere Flasche auf: <a href=\"http:\/\/www.rosoli.ch\/\">www.rosoli.ch<\/a>.<\/p>\n<\/div><\/div><\/div><div class=\"et_pb_column_17 et_pb_column et_pb_column_1_2 et-last-child et_block_column et_pb_css_mix_blend_mode_passthrough\"><div class=\"et_pb_image_4 et_pb_image et_animated et_pb_module et_block_module\"><span class=\"et_pb_image_wrap\"><img loading=\"lazy\" decoding=\"async\" src=\"http:\/\/www.helvetibox.ch\/wp-content\/uploads\/2017\/06\/epice-ur-rosoli-min.png\" width=\"400\" height=\"306\" srcset=\"https:\/\/www.helvetibox.ch\/wp-content\/uploads\/2017\/06\/epice-ur-rosoli-min.png 400w, https:\/\/www.helvetibox.ch\/wp-content\/uploads\/2017\/06\/epice-ur-rosoli-min-300x230.png 300w\" sizes=\"(max-width: 400px) 100vw, 400px\" class=\"wp-image-19321\" title=\"Mini B\u00fcndner T\u00f6rtli La Conditoria\" alt=\"Mini B\u00fcndner T\u00f6rtli La Conditoria\" \/><\/span><\/div><\/div><\/div><\/div><div class=\"et_pb_section_6 et_pb_section et_section_regular et_block_section\"><div class=\"et_pb_row_13 et_pb_row et_block_row\"><div class=\"et_pb_column_18 et_pb_column et_pb_column_4_4 et-last-child et_block_column et_pb_css_mix_blend_mode_passthrough\"><div class=\"et_pb_text_10 et_pb_text et_pb_bg_layout_light et_pb_module et_block_module et_pb_text_align_justified\"><div class=\"et_pb_text_inner\"><h1 style=\"text-align: center;\">Chr\u00fctli Polenta im T\u00fc\u00e4chli<\/h1>\n<p style=\"text-align: center;\"><span style=\"text-align: justify;\"><b>Linthma\u00efs, 8856 Tuggen<\/b><\/span><\/p>\n<\/div><\/div><\/div><\/div><div class=\"et_pb_row_14 et_pb_row et_block_row\"><div class=\"et_pb_column_19 et_pb_column et_pb_column_1_2 et_block_column et_pb_css_mix_blend_mode_passthrough\"><div class=\"et_pb_text_11 et_pb_text et_pb_bg_layout_light et_pb_module et_block_module\"><div class=\"et_pb_text_inner\"><p>Kr\u00e4uterpolente im Baumwollsack, die selber kocht? Diese Innovation von Christian Bruhin wurde mit dem Prix d\u2019excellence und einer Goldmedaille am Schweizer Wettbewerb der Regionalprodukte ausgezeichnet. Damit hat er den Mais aus der Region rund um die Linth wieder popul\u00e4r gemacht. Mais wurde dort seit dem 15. Jahrhundert angebaut, doch dann, wie so oft in der Schweiz, f\u00fcr Tierkraftfuttermais aufgegeben. Die Kr\u00e4uterpolenta wird in einer Behindertenwerkstatt in Rapperswil in die Baumwolls\u00e4ckli umgef\u00fcllt.<\/p>\n<\/div><\/div><\/div><div class=\"et_pb_column_20 et_pb_column et_pb_column_1_2 et-last-child et_block_column et_pb_css_mix_blend_mode_passthrough\"><div class=\"et_pb_image_5 et_pb_image et_animated et_pb_module et_block_module\"><span class=\"et_pb_image_wrap\"><img loading=\"lazy\" decoding=\"async\" src=\"http:\/\/www.helvetibox.ch\/wp-content\/uploads\/2017\/06\/linthmais.jpg\" width=\"600\" height=\"400\" srcset=\"https:\/\/www.helvetibox.ch\/wp-content\/uploads\/2017\/06\/linthmais.jpg 600w, https:\/\/www.helvetibox.ch\/wp-content\/uploads\/2017\/06\/linthmais-510x340.jpg 510w, https:\/\/www.helvetibox.ch\/wp-content\/uploads\/2017\/06\/linthmais-300x200.jpg 300w\" sizes=\"(max-width: 600px) 100vw, 600px\" class=\"wp-image-19323\" \/><\/span><\/div><\/div><\/div><\/div><div class=\"et_pb_section_7 et_pb_section et_section_regular et_block_section\"><div class=\"et_pb_row_15 et_pb_row et_block_row\"><div class=\"et_pb_column_21 et_pb_column et_pb_column_4_4 et-last-child et_block_column et_pb_css_mix_blend_mode_passthrough\"><div class=\"et_pb_text_12 et_pb_text et_pb_bg_layout_light et_pb_module et_block_module et_pb_text_align_justified\"><div class=\"et_pb_text_inner\"><h1 style=\"text-align: center;\">Dip Sauce zu Tortilla Chips<\/h1>\n<h1 style=\"text-align: center;\"><b style=\"background-color: #ffffff; font-size: 16px; color: #666666; font-family: 'Open Sans', Arial, sans-serif; text-align: justify;\">Linthma\u00efs, 8856 Tuggen<\/b><\/h1>\n<\/div><\/div><\/div><\/div><div class=\"et_pb_row_16 et_pb_row et_block_row\"><div class=\"et_pb_column_22 et_pb_column et_pb_column_1_2 et_block_column et_pb_css_mix_blend_mode_passthrough\"><div class=\"et_pb_text_13 et_pb_text et_pb_bg_layout_light et_pb_module et_block_module\"><div class=\"et_pb_text_inner\"><p>Passend zu ihren Maistortillas von der Linth hat die Familie Bruhin zwei Dipsaucen kreiert. Eine in ansprechender Verpackung, aber aus industrieller Herstellung \u2013 die andere in einer einfachen Verpackung, doch in kleiner Menge handgemacht. Nat\u00fcrlich wollten wir Ihnen die Letztere nicht vorenthalten, denn sie ist einfach wundervoll! Und nat\u00fcrlich passt sie auch hervorragend zu Ihren industriell hergestellten Tortillachips zu Hause!<\/p>\n<\/div><\/div><\/div><div class=\"et_pb_column_23 et_pb_column et_pb_column_1_2 et-last-child et_block_column et_pb_css_mix_blend_mode_passthrough\"><div class=\"et_pb_image_6 et_pb_image et_animated et_pb_module et_block_module\"><span class=\"et_pb_image_wrap\"><img loading=\"lazy\" decoding=\"async\" src=\"http:\/\/www.helvetibox.ch\/wp-content\/uploads\/2017\/06\/Bruhin-Muehle_Logo-min.png\" width=\"500\" height=\"500\" srcset=\"https:\/\/www.helvetibox.ch\/wp-content\/uploads\/2017\/06\/Bruhin-Muehle_Logo-min.png 500w, https:\/\/www.helvetibox.ch\/wp-content\/uploads\/2017\/06\/Bruhin-Muehle_Logo-min-400x400.png 400w, https:\/\/www.helvetibox.ch\/wp-content\/uploads\/2017\/06\/Bruhin-Muehle_Logo-min-100x100.png 100w, https:\/\/www.helvetibox.ch\/wp-content\/uploads\/2017\/06\/Bruhin-Muehle_Logo-min-150x150.png 150w, https:\/\/www.helvetibox.ch\/wp-content\/uploads\/2017\/06\/Bruhin-Muehle_Logo-min-300x300.png 300w\" sizes=\"(max-width: 500px) 100vw, 500px\" class=\"wp-image-19326\" \/><\/span><\/div><\/div><\/div><\/div><div class=\"et_pb_section_8 et_pb_section et_section_regular et_block_section\"><div class=\"et_pb_row_17 et_pb_row et_block_row\"><div class=\"et_pb_column_24 et_pb_column et_pb_column_4_4 et-last-child et_block_column et_pb_css_mix_blend_mode_passthrough\"><div class=\"et_pb_text_14 et_pb_text et_pb_bg_layout_light et_pb_module et_block_module et_pb_text_align_justified\"><div class=\"et_pb_text_inner\"><h1 style=\"text-align: center;\">Maisgold<\/h1>\n<p style=\"text-align: center;\"><span style=\"text-align: justify;\"><b>Brauerei Rosengarten<\/b><\/span><span style=\"text-align: justify;\"><b>, 8840 Einsiedeln<\/b><\/span><\/p>\n<\/div><\/div><\/div><\/div><div class=\"et_pb_row_18 et_pb_row et_block_row\"><div class=\"et_pb_column_25 et_pb_column et_pb_column_1_2 et_block_column et_pb_css_mix_blend_mode_passthrough\"><div class=\"et_pb_text_15 et_pb_text et_pb_bg_layout_light et_pb_module et_block_module\"><div class=\"et_pb_text_inner\"><p>Das Maisgold-Bier enth\u00e4lt zu 30% Linthmais. Obwohl es in Einsiedeln auf 900 H\u00f6henmeter, ganz in der N\u00e4he der Benediktinerm\u00f6nche, gebraut wird, ist es kein Klosterbier. Alois Gm\u00fcr, Bierbraumeister und Nationalrat, hat eine der letzten Brauereien, die noch nicht von einer grossen Gruppe aufgekauft wurden. Die Brauerei produziert sehr viele Biere, doch das Maisgold ist ihr Hauptprodukt. Eigentlich war es mehr als Frauenbier gedacht, da der Mais ihm einen milden Geschmack verleiht. Doch schmeckt es den Herren genauso gut wie den Damen.<\/p>\n<\/div><\/div><\/div><div class=\"et_pb_column_26 et_pb_column et_pb_column_1_2 et-last-child et_block_column et_pb_css_mix_blend_mode_passthrough\"><div class=\"et_pb_image_7 et_pb_image et_animated et_pb_module et_block_module\"><span class=\"et_pb_image_wrap\"><img loading=\"lazy\" decoding=\"async\" src=\"http:\/\/www.helvetibox.ch\/wp-content\/uploads\/2017\/06\/christian-bruhin-gmuer-maisgold.jpg\" width=\"580\" height=\"435\" srcset=\"https:\/\/www.helvetibox.ch\/wp-content\/uploads\/2017\/06\/christian-bruhin-gmuer-maisgold.jpg 580w, https:\/\/www.helvetibox.ch\/wp-content\/uploads\/2017\/06\/christian-bruhin-gmuer-maisgold-510x382.jpg 510w, https:\/\/www.helvetibox.ch\/wp-content\/uploads\/2017\/06\/christian-bruhin-gmuer-maisgold-300x225.jpg 300w\" sizes=\"(max-width: 580px) 100vw, 580px\" class=\"wp-image-19325\" title=\"Christian Br\u00fchin et Alo\u00efs Gm\u00fcr\" alt=\"Christian Br\u00fchin et Alo\u00efs Gm\u00fcr\" \/><\/span><\/div><\/div><\/div><\/div><div class=\"et_pb_section_9 et_pb_section et_section_regular et_block_section\"><div class=\"et_pb_row_19 et_pb_row et_block_row\"><div class=\"et_pb_column_27 et_pb_column et_pb_column_4_4 et-last-child et_block_column et_pb_css_mix_blend_mode_passthrough\"><div class=\"et_pb_text_16 et_pb_text et_pb_bg_layout_light et_pb_module et_block_module et_pb_text_align_justified\"><div class=\"et_pb_text_inner\"><h1 style=\"text-align: center;\">Zwetschgen-Konfit\u00fcre EXTRA<\/h1>\n<p style=\"text-align: center;\"><span style=\"text-align: justify;\"><b>R\u00e4ber, 6403 K\u00fcssnacht<\/b><\/span><\/p>\n<\/div><\/div><\/div><\/div><div class=\"et_pb_row_20 et_pb_row et_block_row\"><div class=\"et_pb_column_28 et_pb_column et_pb_column_1_2 et_block_column et_pb_css_mix_blend_mode_passthrough\"><div class=\"et_pb_text_17 et_pb_text et_pb_bg_layout_light et_pb_module et_block_module\"><div class=\"et_pb_text_inner\"><p><span style=\"background-color: #ffffff; font-size: 16px;\"><b>I<\/b><strong>HR GESCHENK<\/strong><\/span><span style=\"font-size: 16px;\">\u00a0&#8211; <\/span><a style=\"font-size: 16px;\" href=\"http:\/\/www.raeberswiss.ch\/\">R\u00e4ber<\/a><span style=\"font-size: 16px;\">\u00a0Zwetschgen-Konfit\u00fcre EXTRA. R\u00e4ber ist ein Unternehmen in K\u00fcssnacht am Rigi, das 1877 gegr\u00fcndet wurde. In Zusammenarbeit mit den Zentralschweizer Bauern werden aus Fr\u00fcchten feine Br\u00e4nde und exquisite Konfit\u00fcren hergestellt. Mit seinen 25 Mitarbeitern exportiert das Unternehmen seine Kreationen in mehr als 12 L\u00e4nder.\u00a0<\/span><\/p>\n<\/div><\/div><\/div><div class=\"et_pb_column_29 et_pb_column et_pb_column_1_2 et-last-child et_block_column et_pb_css_mix_blend_mode_passthrough\"><div class=\"et_pb_gallery_0 et_pb_gallery et_pb_bg_layout_light et_pb_slider et_pb_gallery_fullwidth clearfix et_slider_auto et_slider_speed_3500 et_pb_module\" data-auto-rotate=\"off\" data-auto-rotate-speed=\"\"><div class=\"et_pb_gallery_items et_post_gallery clearfix\" data-per_page=\"4\"><div class=\"et_pb_gallery_item et_pb_gallery_item_0_0\"><div class=\"et_pb_gallery_image landscape\" data-per_page=\"4\"><a href=\"https:\/\/www.helvetibox.ch\/wp-content\/uploads\/2017\/06\/Raeber_Konfi_Royale.jpg\" title=\"Raeber_Konfi_Royale\"><img loading=\"lazy\" decoding=\"async\" width=\"500\" height=\"242\" src=\"https:\/\/www.helvetibox.ch\/wp-content\/uploads\/2017\/06\/Raeber_Konfi_Royale.jpg\" alt=\"\" class=\"wp-image-19329\" srcset=\"https:\/\/www.helvetibox.ch\/wp-content\/uploads\/2017\/06\/Raeber_Konfi_Royale.jpg 500w, https:\/\/www.helvetibox.ch\/wp-content\/uploads\/2017\/06\/Raeber_Konfi_Royale-300x145.jpg 300w\" sizes=\"(max-width: 500px) 100vw, 500px\" \/><span class=\"et_overlay\" data-icon=\"\" data-icon-tablet=\"\" data-icon-phone=\"\"><\/span><\/a><\/div><\/div><div class=\"et_pb_gallery_item et_pb_gallery_item_0_1\"><div class=\"et_pb_gallery_image landscape\" data-per_page=\"4\"><a href=\"https:\/\/www.helvetibox.ch\/wp-content\/uploads\/2017\/06\/logo-r\u00e4ber-min.jpg\" title=\"logo-r\u00e4ber-min\"><img loading=\"lazy\" decoding=\"async\" width=\"1100\" height=\"514\" src=\"https:\/\/www.helvetibox.ch\/wp-content\/uploads\/2017\/06\/logo-r\u00e4ber-min.jpg\" alt=\"\" class=\"wp-image-19331\" srcset=\"https:\/\/www.helvetibox.ch\/wp-content\/uploads\/2017\/06\/logo-r\u00e4ber-min.jpg 1100w, https:\/\/www.helvetibox.ch\/wp-content\/uploads\/2017\/06\/logo-r\u00e4ber-min-510x238.jpg 510w, https:\/\/www.helvetibox.ch\/wp-content\/uploads\/2017\/06\/logo-r\u00e4ber-min-300x140.jpg 300w, https:\/\/www.helvetibox.ch\/wp-content\/uploads\/2017\/06\/logo-r\u00e4ber-min-768x359.jpg 768w, https:\/\/www.helvetibox.ch\/wp-content\/uploads\/2017\/06\/logo-r\u00e4ber-min-1024x478.jpg 1024w, https:\/\/www.helvetibox.ch\/wp-content\/uploads\/2017\/06\/logo-r\u00e4ber-min-610x285.jpg 610w, https:\/\/www.helvetibox.ch\/wp-content\/uploads\/2017\/06\/logo-r\u00e4ber-min-1080x505.jpg 1080w\" sizes=\"(max-width: 1100px) 100vw, 1100px\" \/><span class=\"et_overlay\" data-icon=\"\" data-icon-tablet=\"\" data-icon-phone=\"\"><\/span><\/a><\/div><\/div><\/div><\/div><\/div><\/div><\/div><div class=\"et_pb_section_10 et_pb_section et_section_regular et_block_section\"><div class=\"et_pb_row_21 et_pb_row et_block_row\"><div class=\"et_pb_column_30 et_pb_column et_pb_column_4_4 et-last-child et_block_column et_pb_css_mix_blend_mode_passthrough\"><div class=\"et_pb_blurb_0 et_pb_blurb et_pb_bg_layout_light et_pb_text_align_center et_pb_blurb_position_top et_pb_module et_block_module\"><div class=\"et_pb_blurb_content\"><div class=\"et_pb_main_blurb_image\"><span class=\"et_pb_image_wrap\"><span class=\"et-pb-icon et-waypoint et_pb_animation_off et_pb_animation_off_tablet et_pb_animation_off_phone\">\ue01d<\/span><\/span><\/div><div class=\"et_pb_blurb_container\"><h4 class=\"et_pb_module_header\">Standort der Produzenten<\/h4><\/div><\/div><\/div><div class=\"et_pb_map_0 et_pb_map_container et_pb_module et_flex_module\" data-grayscale=\"\"><div class=\"et_pb_map\" data-center-lat=\"47.0723828\" data-center-lng=\"8.7903648\" data-zoom=\"9\" data-mouse-wheel=\"off\" data-mobile-dragging=\"on\"><\/div><div class=\"et_pb_map_pin_0 et_pb_map_pin\" data-lat=\"47.1273353\" data-lng=\"8.7485593\" data-title=\"Goldapfel\"><h3 style=\"margin-top:10px\">Goldapfel<\/h3><\/div><div class=\"et_pb_map_pin_1 et_pb_map_pin\" data-lat=\"46.9747978\" data-lng=\"8.7565413\" data-title=\"Heinzer Metzgerei\"><h3 style=\"margin-top:10px\">Heinzer Metzgerei<\/h3><\/div><div class=\"et_pb_map_pin_2 et_pb_map_pin\" data-lat=\"47.184340573143\" data-lng=\"8.943843580426\" data-title=\"Linthmais Br\u00fchin-M\u00fchle\"><h3 style=\"margin-top:10px\">Linthmais Br\u00fchin-M\u00fchle<\/h3><\/div><div class=\"et_pb_map_pin_3 et_pb_map_pin\" data-lat=\"47.128953\" data-lng=\"8.7419594\" data-title=\"Brasserie Rosengarten\"><h3 style=\"margin-top:10px\">Brasserie Rosengarten<\/h3><\/div><div class=\"et_pb_map_pin_4 et_pb_map_pin\" data-lat=\"47.0696731\" data-lng=\"8.4162771\" data-title=\"R\u00e4ber\"><h3 style=\"margin-top:10px\">R\u00e4ber<\/h3><\/div><div class=\"et_pb_map_pin_5 et_pb_map_pin\" data-lat=\"47.1286761\" data-lng=\"8.7459228\" data-title=\"Einsiedler Drogerie\"><h3 style=\"margin-top:10px\">Einsiedler Drogerie<\/h3><\/div><\/div><\/div><\/div><div class=\"et_pb_row_22 et_pb_row et_block_row\"><div class=\"et_pb_column_31 et_pb_column et_pb_column_4_4 et-last-child et_block_column et_pb_css_mix_blend_mode_passthrough\"><div class=\"et_pb_slider_0 et_pb_slider et_pb_slider_fullwidth_off et_pb_module et_block_module\"><div class=\"et_pb_slides\"><div class=\"et_pb_slide_0 et_pb_slide et_pb_media_alignment_center et_pb_bg_layout_dark et_pb_text_align_center\" data-slide-id=\"divi\/slide-0\"><div class=\"et_pb_container\"><div class=\"et_pb_slider_container_inner\"><div class=\"et_pb_slide_description\"><h2 class=\"et_pb_slide_title\"><a href=\"http:\/\/www.helvetibox.ch\/de\/category\/rezepte\/\" target=\"\" class=\"et_pb_slide_title_link\"><\/a><\/h2><div class=\"et_pb_button_wrapper\"><a class=\"et_pb_button et_pb_more_button\" href=\"http:\/\/www.helvetibox.ch\/de\/category\/rezepte\/\">zu den Rezepten<\/a><\/div><\/div><\/div><\/div><\/div><\/div><\/div><\/div><\/div><\/div>","protected":false},"excerpt":{"rendered":"","protected":false},"author":329,"featured_media":19334,"comment_status":"closed","ping_status":"closed","sticky":false,"template":"","format":"standard","meta":{"_et_pb_use_builder":"on","_et_pb_old_content":"","_et_gb_content_width":"","footnotes":""},"categories":[43,1270],"tags":[],"dipi_cpt_category":[],"class_list":["post-19341","post","type-post","status-publish","format-standard","has-post-thumbnail","hentry","category-box-de","category-box-n34-schwyz-de"],"yoast_head":"<!-- This site is optimized with the Yoast SEO plugin v27.5 - https:\/\/yoast.com\/product\/yoast-seo-wordpress\/ -->\n<title>HelvetiBox N\u00b034 \u2013 Regionale Produkte aus Schwyz - HelvetiBox<\/title>\n<meta name=\"robots\" content=\"index, follow, max-snippet:-1, max-image-preview:large, max-video-preview:-1\" \/>\n<link rel=\"canonical\" href=\"https:\/\/www.helvetibox.ch\/de\/helvetibox-n34-regionale-produkte-aus-schwyz\/\" \/>\n<meta property=\"og:locale\" content=\"de_DE\" \/>\n<meta property=\"og:type\" content=\"article\" \/>\n<meta property=\"og:title\" content=\"HelvetiBox N\u00b034 \u2013 Regionale Produkte aus Schwyz - HelvetiBox\" \/>\n<meta property=\"og:url\" content=\"https:\/\/www.helvetibox.ch\/de\/helvetibox-n34-regionale-produkte-aus-schwyz\/\" \/>\n<meta property=\"og:site_name\" content=\"HelvetiBox\" \/>\n<meta property=\"article:publisher\" content=\"http:\/\/www.facebook.com\/helvetibox\" \/>\n<meta property=\"article:published_time\" content=\"2017-06-20T13:08:24+00:00\" \/>\n<meta property=\"article:modified_time\" content=\"2026-03-03T20:00:23+00:00\" \/>\n<meta property=\"og:image\" content=\"https:\/\/www.helvetibox.ch\/wp-content\/uploads\/2017\/06\/Helvetibox_B1706-SZ-1920px-min.jpg\" \/>\n\t<meta property=\"og:image:width\" content=\"1920\" \/>\n\t<meta property=\"og:image:height\" content=\"1281\" \/>\n\t<meta property=\"og:image:type\" content=\"image\/jpeg\" \/>\n<meta name=\"author\" content=\"Florian Corth\u00e9sy\" \/>\n<script type=\"application\/ld+json\" class=\"yoast-schema-graph\">{\"@context\":\"https:\\\/\\\/schema.org\",\"@graph\":[{\"@type\":\"Article\",\"@id\":\"https:\\\/\\\/www.helvetibox.ch\\\/de\\\/helvetibox-n34-regionale-produkte-aus-schwyz\\\/#article\",\"isPartOf\":{\"@id\":\"https:\\\/\\\/www.helvetibox.ch\\\/de\\\/helvetibox-n34-regionale-produkte-aus-schwyz\\\/\"},\"author\":{\"name\":\"Florian Corth\u00e9sy\",\"@id\":\"https:\\\/\\\/www.helvetibox.ch\\\/de\\\/#\\\/schema\\\/person\\\/570a8ce46d2623290e963592e83b03a4\"},\"headline\":\"HelvetiBox N\u00b034 \u2013 Regionale Produkte aus Schwyz\",\"datePublished\":\"2017-06-20T13:08:24+00:00\",\"dateModified\":\"2026-03-03T20:00:23+00:00\",\"mainEntityOfPage\":{\"@id\":\"https:\\\/\\\/www.helvetibox.ch\\\/de\\\/helvetibox-n34-regionale-produkte-aus-schwyz\\\/\"},\"wordCount\":42,\"image\":{\"@id\":\"https:\\\/\\\/www.helvetibox.ch\\\/de\\\/helvetibox-n34-regionale-produkte-aus-schwyz\\\/#primaryimage\"},\"thumbnailUrl\":\"https:\\\/\\\/www.helvetibox.ch\\\/wp-content\\\/uploads\\\/2017\\\/06\\\/Helvetibox_B1706-SZ-1920px-min.jpg\",\"articleSection\":[\"Box\",\"Box N\u00b034 \u2013 Schwyz\"],\"inLanguage\":\"de\"},{\"@type\":\"WebPage\",\"@id\":\"https:\\\/\\\/www.helvetibox.ch\\\/de\\\/helvetibox-n34-regionale-produkte-aus-schwyz\\\/\",\"url\":\"https:\\\/\\\/www.helvetibox.ch\\\/de\\\/helvetibox-n34-regionale-produkte-aus-schwyz\\\/\",\"name\":\"HelvetiBox N\u00b034 \u2013 Regionale Produkte aus Schwyz - HelvetiBox\",\"isPartOf\":{\"@id\":\"https:\\\/\\\/www.helvetibox.ch\\\/de\\\/#website\"},\"primaryImageOfPage\":{\"@id\":\"https:\\\/\\\/www.helvetibox.ch\\\/de\\\/helvetibox-n34-regionale-produkte-aus-schwyz\\\/#primaryimage\"},\"image\":{\"@id\":\"https:\\\/\\\/www.helvetibox.ch\\\/de\\\/helvetibox-n34-regionale-produkte-aus-schwyz\\\/#primaryimage\"},\"thumbnailUrl\":\"https:\\\/\\\/www.helvetibox.ch\\\/wp-content\\\/uploads\\\/2017\\\/06\\\/Helvetibox_B1706-SZ-1920px-min.jpg\",\"datePublished\":\"2017-06-20T13:08:24+00:00\",\"dateModified\":\"2026-03-03T20:00:23+00:00\",\"author\":{\"@id\":\"https:\\\/\\\/www.helvetibox.ch\\\/de\\\/#\\\/schema\\\/person\\\/570a8ce46d2623290e963592e83b03a4\"},\"breadcrumb\":{\"@id\":\"https:\\\/\\\/www.helvetibox.ch\\\/de\\\/helvetibox-n34-regionale-produkte-aus-schwyz\\\/#breadcrumb\"},\"inLanguage\":\"de\",\"potentialAction\":[{\"@type\":\"ReadAction\",\"target\":[\"https:\\\/\\\/www.helvetibox.ch\\\/de\\\/helvetibox-n34-regionale-produkte-aus-schwyz\\\/\"]}]},{\"@type\":\"ImageObject\",\"inLanguage\":\"de\",\"@id\":\"https:\\\/\\\/www.helvetibox.ch\\\/de\\\/helvetibox-n34-regionale-produkte-aus-schwyz\\\/#primaryimage\",\"url\":\"https:\\\/\\\/www.helvetibox.ch\\\/wp-content\\\/uploads\\\/2017\\\/06\\\/Helvetibox_B1706-SZ-1920px-min.jpg\",\"contentUrl\":\"https:\\\/\\\/www.helvetibox.ch\\\/wp-content\\\/uploads\\\/2017\\\/06\\\/Helvetibox_B1706-SZ-1920px-min.jpg\",\"width\":1920,\"height\":1281},{\"@type\":\"BreadcrumbList\",\"@id\":\"https:\\\/\\\/www.helvetibox.ch\\\/de\\\/helvetibox-n34-regionale-produkte-aus-schwyz\\\/#breadcrumb\",\"itemListElement\":[{\"@type\":\"ListItem\",\"position\":1,\"name\":\"Accueil\",\"item\":\"https:\\\/\\\/www.helvetibox.ch\\\/de\\\/homepage\\\/\"},{\"@type\":\"ListItem\",\"position\":2,\"name\":\"HelvetiBox N\u00b034 \u2013 Regionale Produkte aus Schwyz\"}]},{\"@type\":\"WebSite\",\"@id\":\"https:\\\/\\\/www.helvetibox.ch\\\/de\\\/#website\",\"url\":\"https:\\\/\\\/www.helvetibox.ch\\\/de\\\/\",\"name\":\"HelvetiBox\",\"description\":\"Eine Gourmetreise durch die Schweiz \",\"potentialAction\":[{\"@type\":\"SearchAction\",\"target\":{\"@type\":\"EntryPoint\",\"urlTemplate\":\"https:\\\/\\\/www.helvetibox.ch\\\/de\\\/?s={search_term_string}\"},\"query-input\":{\"@type\":\"PropertyValueSpecification\",\"valueRequired\":true,\"valueName\":\"search_term_string\"}}],\"inLanguage\":\"de\"},{\"@type\":\"Person\",\"@id\":\"https:\\\/\\\/www.helvetibox.ch\\\/de\\\/#\\\/schema\\\/person\\\/570a8ce46d2623290e963592e83b03a4\",\"name\":\"Florian Corth\u00e9sy\",\"image\":{\"@type\":\"ImageObject\",\"inLanguage\":\"de\",\"@id\":\"https:\\\/\\\/secure.gravatar.com\\\/avatar\\\/25feb37f6f232bcff3b90c1032c68ca8b1ad55c1c90c8cc3d77f08e7bbf4224a?s=96&d=mm&r=g\",\"url\":\"https:\\\/\\\/secure.gravatar.com\\\/avatar\\\/25feb37f6f232bcff3b90c1032c68ca8b1ad55c1c90c8cc3d77f08e7bbf4224a?s=96&d=mm&r=g\",\"contentUrl\":\"https:\\\/\\\/secure.gravatar.com\\\/avatar\\\/25feb37f6f232bcff3b90c1032c68ca8b1ad55c1c90c8cc3d77f08e7bbf4224a?s=96&d=mm&r=g\",\"caption\":\"Florian Corth\u00e9sy\"}}]}<\/script>\n<!-- \/ Yoast SEO plugin. -->","yoast_head_json":{"title":"HelvetiBox N\u00b034 \u2013 Regionale Produkte aus Schwyz - HelvetiBox","robots":{"index":"index","follow":"follow","max-snippet":"max-snippet:-1","max-image-preview":"max-image-preview:large","max-video-preview":"max-video-preview:-1"},"canonical":"https:\/\/www.helvetibox.ch\/de\/helvetibox-n34-regionale-produkte-aus-schwyz\/","og_locale":"de_DE","og_type":"article","og_title":"HelvetiBox N\u00b034 \u2013 Regionale Produkte aus Schwyz - HelvetiBox","og_url":"https:\/\/www.helvetibox.ch\/de\/helvetibox-n34-regionale-produkte-aus-schwyz\/","og_site_name":"HelvetiBox","article_publisher":"http:\/\/www.facebook.com\/helvetibox","article_published_time":"2017-06-20T13:08:24+00:00","article_modified_time":"2026-03-03T20:00:23+00:00","og_image":[{"width":1920,"height":1281,"url":"https:\/\/www.helvetibox.ch\/wp-content\/uploads\/2017\/06\/Helvetibox_B1706-SZ-1920px-min.jpg","type":"image\/jpeg"}],"author":"Florian Corth\u00e9sy","schema":{"@context":"https:\/\/schema.org","@graph":[{"@type":"Article","@id":"https:\/\/www.helvetibox.ch\/de\/helvetibox-n34-regionale-produkte-aus-schwyz\/#article","isPartOf":{"@id":"https:\/\/www.helvetibox.ch\/de\/helvetibox-n34-regionale-produkte-aus-schwyz\/"},"author":{"name":"Florian Corth\u00e9sy","@id":"https:\/\/www.helvetibox.ch\/de\/#\/schema\/person\/570a8ce46d2623290e963592e83b03a4"},"headline":"HelvetiBox N\u00b034 \u2013 Regionale Produkte aus Schwyz","datePublished":"2017-06-20T13:08:24+00:00","dateModified":"2026-03-03T20:00:23+00:00","mainEntityOfPage":{"@id":"https:\/\/www.helvetibox.ch\/de\/helvetibox-n34-regionale-produkte-aus-schwyz\/"},"wordCount":42,"image":{"@id":"https:\/\/www.helvetibox.ch\/de\/helvetibox-n34-regionale-produkte-aus-schwyz\/#primaryimage"},"thumbnailUrl":"https:\/\/www.helvetibox.ch\/wp-content\/uploads\/2017\/06\/Helvetibox_B1706-SZ-1920px-min.jpg","articleSection":["Box","Box N\u00b034 \u2013 Schwyz"],"inLanguage":"de"},{"@type":"WebPage","@id":"https:\/\/www.helvetibox.ch\/de\/helvetibox-n34-regionale-produkte-aus-schwyz\/","url":"https:\/\/www.helvetibox.ch\/de\/helvetibox-n34-regionale-produkte-aus-schwyz\/","name":"HelvetiBox N\u00b034 \u2013 Regionale Produkte aus Schwyz - HelvetiBox","isPartOf":{"@id":"https:\/\/www.helvetibox.ch\/de\/#website"},"primaryImageOfPage":{"@id":"https:\/\/www.helvetibox.ch\/de\/helvetibox-n34-regionale-produkte-aus-schwyz\/#primaryimage"},"image":{"@id":"https:\/\/www.helvetibox.ch\/de\/helvetibox-n34-regionale-produkte-aus-schwyz\/#primaryimage"},"thumbnailUrl":"https:\/\/www.helvetibox.ch\/wp-content\/uploads\/2017\/06\/Helvetibox_B1706-SZ-1920px-min.jpg","datePublished":"2017-06-20T13:08:24+00:00","dateModified":"2026-03-03T20:00:23+00:00","author":{"@id":"https:\/\/www.helvetibox.ch\/de\/#\/schema\/person\/570a8ce46d2623290e963592e83b03a4"},"breadcrumb":{"@id":"https:\/\/www.helvetibox.ch\/de\/helvetibox-n34-regionale-produkte-aus-schwyz\/#breadcrumb"},"inLanguage":"de","potentialAction":[{"@type":"ReadAction","target":["https:\/\/www.helvetibox.ch\/de\/helvetibox-n34-regionale-produkte-aus-schwyz\/"]}]},{"@type":"ImageObject","inLanguage":"de","@id":"https:\/\/www.helvetibox.ch\/de\/helvetibox-n34-regionale-produkte-aus-schwyz\/#primaryimage","url":"https:\/\/www.helvetibox.ch\/wp-content\/uploads\/2017\/06\/Helvetibox_B1706-SZ-1920px-min.jpg","contentUrl":"https:\/\/www.helvetibox.ch\/wp-content\/uploads\/2017\/06\/Helvetibox_B1706-SZ-1920px-min.jpg","width":1920,"height":1281},{"@type":"BreadcrumbList","@id":"https:\/\/www.helvetibox.ch\/de\/helvetibox-n34-regionale-produkte-aus-schwyz\/#breadcrumb","itemListElement":[{"@type":"ListItem","position":1,"name":"Accueil","item":"https:\/\/www.helvetibox.ch\/de\/homepage\/"},{"@type":"ListItem","position":2,"name":"HelvetiBox N\u00b034 \u2013 Regionale Produkte aus Schwyz"}]},{"@type":"WebSite","@id":"https:\/\/www.helvetibox.ch\/de\/#website","url":"https:\/\/www.helvetibox.ch\/de\/","name":"HelvetiBox","description":"Eine Gourmetreise durch die Schweiz ","potentialAction":[{"@type":"SearchAction","target":{"@type":"EntryPoint","urlTemplate":"https:\/\/www.helvetibox.ch\/de\/?s={search_term_string}"},"query-input":{"@type":"PropertyValueSpecification","valueRequired":true,"valueName":"search_term_string"}}],"inLanguage":"de"},{"@type":"Person","@id":"https:\/\/www.helvetibox.ch\/de\/#\/schema\/person\/570a8ce46d2623290e963592e83b03a4","name":"Florian Corth\u00e9sy","image":{"@type":"ImageObject","inLanguage":"de","@id":"https:\/\/secure.gravatar.com\/avatar\/25feb37f6f232bcff3b90c1032c68ca8b1ad55c1c90c8cc3d77f08e7bbf4224a?s=96&d=mm&r=g","url":"https:\/\/secure.gravatar.com\/avatar\/25feb37f6f232bcff3b90c1032c68ca8b1ad55c1c90c8cc3d77f08e7bbf4224a?s=96&d=mm&r=g","contentUrl":"https:\/\/secure.gravatar.com\/avatar\/25feb37f6f232bcff3b90c1032c68ca8b1ad55c1c90c8cc3d77f08e7bbf4224a?s=96&d=mm&r=g","caption":"Florian Corth\u00e9sy"}}]}},"_links":{"self":[{"href":"https:\/\/www.helvetibox.ch\/de\/wp-json\/wp\/v2\/posts\/19341","targetHints":{"allow":["GET"]}}],"collection":[{"href":"https:\/\/www.helvetibox.ch\/de\/wp-json\/wp\/v2\/posts"}],"about":[{"href":"https:\/\/www.helvetibox.ch\/de\/wp-json\/wp\/v2\/types\/post"}],"author":[{"embeddable":true,"href":"https:\/\/www.helvetibox.ch\/de\/wp-json\/wp\/v2\/users\/329"}],"replies":[{"embeddable":true,"href":"https:\/\/www.helvetibox.ch\/de\/wp-json\/wp\/v2\/comments?post=19341"}],"version-history":[{"count":3,"href":"https:\/\/www.helvetibox.ch\/de\/wp-json\/wp\/v2\/posts\/19341\/revisions"}],"predecessor-version":[{"id":27397695,"href":"https:\/\/www.helvetibox.ch\/de\/wp-json\/wp\/v2\/posts\/19341\/revisions\/27397695"}],"wp:featuredmedia":[{"embeddable":true,"href":"https:\/\/www.helvetibox.ch\/de\/wp-json\/wp\/v2\/media\/19334"}],"wp:attachment":[{"href":"https:\/\/www.helvetibox.ch\/de\/wp-json\/wp\/v2\/media?parent=19341"}],"wp:term":[{"taxonomy":"category","embeddable":true,"href":"https:\/\/www.helvetibox.ch\/de\/wp-json\/wp\/v2\/categories?post=19341"},{"taxonomy":"post_tag","embeddable":true,"href":"https:\/\/www.helvetibox.ch\/de\/wp-json\/wp\/v2\/tags?post=19341"},{"taxonomy":"dipi_cpt_category","embeddable":true,"href":"https:\/\/www.helvetibox.ch\/de\/wp-json\/wp\/v2\/dipi_cpt_category?post=19341"}],"curies":[{"name":"wp","href":"https:\/\/api.w.org\/{rel}","templated":true}]}}