{"id":20489,"date":"2018-02-19T19:00:36","date_gmt":"2018-02-19T17:00:36","guid":{"rendered":"http:\/\/www.helvetibox.ch\/?p=20489"},"modified":"2026-03-03T21:00:24","modified_gmt":"2026-03-03T20:00:24","slug":"helvetibox-n42-regionale-produkte-aus-zug","status":"publish","type":"post","link":"https:\/\/www.helvetibox.ch\/de\/helvetibox-n42-regionale-produkte-aus-zug\/","title":{"rendered":"HelvetiBox N\u00b042 \u2013 Regionale Produkte aus Zug"},"content":{"rendered":"<div class=\"et_pb_section_0 et_pb_section et_section_regular et_block_section\"><div class=\"et_pb_row_0 et_pb_row et_block_row\"><div class=\"et_pb_column_0 et_pb_column et_pb_column_4_4 et-last-child et_block_column et_pb_css_mix_blend_mode_passthrough\"><div class=\"et_pb_module et_d4_element et_pb_post_title et_pb_post_title_6 et_pb_bg_layout_light  et_pb_text_align_center\"   >\n\t\t\t\t\n\t\t\t\t\n\t\t\t\t\n\t\t\t\t\n\t\t\t\t\n\t\t\t\t<div class=\"et_pb_title_container\">\n\t\t\t\t\t<h1 class=\"entry-title\">HelvetiBox N\u00b042 \u2013 Regionale Produkte aus Zug<\/h1>\n\t\t\t\t<\/div>\n\t\t\t\t\n\t\t\t<\/div><\/div><\/div><div class=\"et_pb_row_1 et_pb_row et_block_row\"><div class=\"et_pb_column_1 et_pb_column et_pb_column_3_4 et_block_column et_pb_css_mix_blend_mode_passthrough\"><div class=\"et_pb_text_0 et_pb_text et_pb_bg_layout_light et_pb_module et_block_module\"><div class=\"et_pb_text_inner\"><p>Der <a href=\"https:\/\/de.wikipedia.org\/wiki\/Kanton_Zug\">Kanton Zug<\/a> ist bekannt f\u00fcr seine florierende Wirtschaft, verf\u00fcgt \u00fcber bezaubernde Landschaften und eine charmante Hauptstadt. Die Steueroase ist nicht nur voller Briefk\u00e4sten, sondern auch voller Kirschb\u00e4ume. Der Anbau von Chriesi spielt im Kanton Zug seit langem eine wichtige Rolle.<\/p>\n<p>Die ersten Berichte \u00fcber den grossfl\u00e4chigen Kirschanbau stammen aus dem 17. Jahrhundert. Im Jahre 1627 fand in der Stadt Zug ein Kirschmarkt statt. Rezepte von Kirschgerichten und Getr\u00e4nken finden sich bereits im 18. Jahrhundert. Insbesondere die Herstellung von Kirschwasser hat eine lange Tradition. Um 1915 erfand der Appenzeller Konditor Heinrich H\u00f6hen die Zuger Kirschtorte. Heute produzieren einige Industriebrennereien und viele handwerkliche Brennereien mehr als 60.000 Liter Kirschwasser pro Jahr, davon 15.000 Liter allein f\u00fcr den Zuger Kirschkuchen!<\/p>\n<p>Jetzt haben Sie bestimmt schon verstanden, dass Kirschen in diesem Monat eine Schl\u00fcsselrolle spielen! Und sie werden Sie \u00fcberraschen: in Sirup, unter einer Schokoladendecke oder um Nudeln zu f\u00e4rben. Wenn Sie nicht das Gl\u00fcck haben, in Zug zu wohnen, und sich \u00fcber die Abgabe Ihrer Steuererkl\u00e4rung gestresst f\u00fchlen, entspannen Sie sich mit einem besonderen Schokoladenkuchen. Zum Abschluss geniessen Sie einen Aperitif mit kleinen ger\u00e4ucherten W\u00fcrstchen, die den ber\u00fchmten Kirschst\u00e4bchen \u00e4hneln.<\/p>\n<\/div><\/div><\/div><div class=\"et_pb_column_2 et_pb_column et_pb_column_1_4 et-last-child et_block_column et_pb_css_mix_blend_mode_passthrough\"><div class=\"et_pb_image_0 et_pb_image et_animated et_pb_module et_block_module\"><a href=\"https:\/\/fr.wikipedia.org\/wiki\/Canton_de_Zoug#\/media\/File:Wappen_Zug_matt.svg\" target=\"_blank\"><span class=\"et_pb_image_wrap\"><img loading=\"lazy\" decoding=\"async\" src=\"http:\/\/www.helvetibox.ch\/wp-content\/uploads\/2016\/07\/blason-zug.png\" width=\"198\" height=\"240\" sizes=\"(max-width: 198px) 100vw, 198px\" class=\"wp-image-13283\" title=\"Blason canton de Zoug (wikipedia)\" alt=\"Blason canton de Zoug (wikipedia)\" \/><\/span><\/a><\/div><div class=\"et_pb_image_1 et_pb_image et_animated et_pb_module et_block_module\"><a href=\"https:\/\/fr.wikipedia.org\/wiki\/Canton_de_Zoug#\/media\/File:Switzerland_Locator_Map_ZG.svg\" target=\"_blank\"><span class=\"et_pb_image_wrap\"><img loading=\"lazy\" decoding=\"async\" src=\"http:\/\/www.helvetibox.ch\/wp-content\/uploads\/2016\/07\/carte-zoug.png\" width=\"420\" height=\"297\" srcset=\"https:\/\/www.helvetibox.ch\/wp-content\/uploads\/2016\/07\/carte-zoug.png 420w, https:\/\/www.helvetibox.ch\/wp-content\/uploads\/2016\/07\/carte-zoug-300x212.png 300w, https:\/\/www.helvetibox.ch\/wp-content\/uploads\/2016\/07\/carte-zoug-400x284.png 400w\" sizes=\"(max-width: 420px) 100vw, 420px\" class=\"wp-image-13285\" title=\"Carte de la Suisse (Zoug) (Wikipedia Poulpy)\" alt=\"Carte de la Suisse (Zoug) (Wikipedia Poulpy)\" \/><\/span><\/a><\/div><\/div><\/div><div class=\"et_pb_row_2 et_pb_row et_block_row\"><div class=\"et_pb_column_3 et_pb_column et_pb_column_4_4 et-last-child et_block_column et_pb_css_mix_blend_mode_passthrough\"><div class=\"et_pb_post_slider_0 et_pb_post_slider et_pb_bg_layout_dark et_pb_slider et_pb_slider_fullwidth_off et_pb_post_slider_image_background et_pb_slider_with_overlay et_pb_module et_block_module\"><div class=\"et_pb_slides\"><div class=\"et_pb_slide et_pb_post_slide-12718\" style=\"background-image:url(https:\/\/www.helvetibox.ch\/wp-content\/uploads\/2014\/09\/box-neuenburg-helvetibox.jpg)\"><div class=\"et_pb_slide_overlay_container\"><\/div><div class=\"et_pb_container clearfix\"><div class=\"et_pb_slider_container_inner\"><div class=\"et_pb_slide_description\"><h2 class=\"et_pb_slide_title\"><a href=\"https:\/\/www.helvetibox.ch\/de\/helvetibox-n1-regionale-produkte-aus-neuenburg\/\">HelvetiBox n\u00b01 \u2013 Regionale Produkte aus Neuenburg<\/a><\/h2><div class=\"et_pb_slide_content\"><div class=\"et_pb_slide_content_body\"><p>Im September 2014 pr\u00e4sentiert die HelvetiBox die regionalen Produkte aus Neuenburg: Truffes \u00e0 l\u2019\u0152il-de-Perdrix, Wodey-Suchard, Neuch\u00e2tel Cr\u00e8me de caramel au sel des Alpes, Cr\u00e8me Renversante, Les Ponts-de-Martel Sirop de Dents-de-Lion, Le Panier de la F\u00e9e, Le Sapel&#8230;<\/p>\n<\/div><\/div><div class=\"et_pb_button_wrapper\"><a class=\"et_pb_button et_pb_more_button\" href=\"https:\/\/www.helvetibox.ch\/de\/helvetibox-n1-regionale-produkte-aus-neuenburg\/\">weiterlesen<\/a><\/div><\/div><\/div><\/div><\/div><div class=\"et_pb_slide et_pb_post_slide-12710\" style=\"background-image:url(https:\/\/www.helvetibox.ch\/wp-content\/uploads\/2014\/10\/HB_Box2_ZH_v.1_opt.jpg)\"><div class=\"et_pb_slide_overlay_container\"><\/div><div class=\"et_pb_container clearfix\"><div class=\"et_pb_slider_container_inner\"><div class=\"et_pb_slide_description\"><h2 class=\"et_pb_slide_title\"><a href=\"https:\/\/www.helvetibox.ch\/de\/helvetibox-n2-regionale-produkte-aus-zuerich\/\">HelvetiBox n\u00b02 \u2013 Regionale Produkte aus Z\u00fcrich<\/a><\/h2><div class=\"et_pb_slide_content\"><div class=\"et_pb_slide_content_body\"><p>HelvetiBox n\u00b02 \u2013 Regionale Produkte aus Z\u00fcrich Im Oktober 2014 pr\u00e4sentiert die HelvetiBox die regionalen Produkte aus Z\u00fcrich: Tirggel, Honegger Tirggel, Wald Schoggiw\u00fcrfel, MiniShoggi.ch, Hirzel Bio Pesto K\u00fcrbis Curry, Nudelwerkstatt,\u00a0Wetzikon Sorrel, Zobo, Z\u00fcrich&#8230;<\/p>\n<\/div><\/div><div class=\"et_pb_button_wrapper\"><a class=\"et_pb_button et_pb_more_button\" href=\"https:\/\/www.helvetibox.ch\/de\/helvetibox-n2-regionale-produkte-aus-zuerich\/\">weiterlesen<\/a><\/div><\/div><\/div><\/div><\/div><div class=\"et_pb_slide et_pb_post_slide-12702\" style=\"background-image:url(https:\/\/www.helvetibox.ch\/wp-content\/uploads\/2014\/11\/helvetiBox-produit-terroir-tessin-blog3.jpg)\"><div class=\"et_pb_slide_overlay_container\"><\/div><div class=\"et_pb_container clearfix\"><div class=\"et_pb_slider_container_inner\"><div class=\"et_pb_slide_description\"><h2 class=\"et_pb_slide_title\"><a href=\"https:\/\/www.helvetibox.ch\/de\/helvetibox-n3-regionale-produkte-aus-tessin\/\">HelvetiBox N\u00b03 \u2013 Regionale Produkte aus Tessin<\/a><\/h2><div class=\"et_pb_slide_content\"><div class=\"et_pb_slide_content_body\"><p>HelvetiBox N\u00b03 \u2013 Regionale Produkte aus Tessin Im November 2014 pr\u00e4sentiert die HelvetiBox die regionalen Produkte aus Tessin: Salsa Ticino Rustica, Orticola Bassi, Sant\u2019Antonino Marmellata di castagne, Nicoletta Zacchi, Lodrino Miele di castagno Bio, Fausto&#8230;<\/p>\n<\/div><\/div><div class=\"et_pb_button_wrapper\"><a class=\"et_pb_button et_pb_more_button\" href=\"https:\/\/www.helvetibox.ch\/de\/helvetibox-n3-regionale-produkte-aus-tessin\/\">weiterlesen<\/a><\/div><\/div><\/div><\/div><\/div><div class=\"et_pb_slide et_pb_post_slide-11457\" style=\"background-image:url(https:\/\/www.helvetibox.ch\/wp-content\/uploads\/2014\/11\/image-AGRI.jpg)\"><div class=\"et_pb_slide_overlay_container\"><\/div><div class=\"et_pb_container clearfix\"><div class=\"et_pb_slider_container_inner\"><div class=\"et_pb_slide_description\"><h2 class=\"et_pb_slide_title\"><a href=\"https:\/\/www.helvetibox.ch\/de\/agri-28-octobre-2014-surprises-du-terroir-mises-en-boites\/\">Agri &#8211; 28 octobre 2014 &#8211; Surprises du terroir mises en bo\u00eetes<\/a><\/h2><div class=\"et_pb_slide_content\"><div class=\"et_pb_slide_content_body\"><p>&nbsp; &#8222;HelvetiBox &#8211; Surprises du terroir mises en bo\u00eetes&#8220; &#8211; 28.11.2014 &#8211; N\u00b048 &#8211; p.30. Par\u00a0R\u00e9ane Ahmad. Agri &#8211;\u00a0www.agrihebdo.ch &nbsp; &nbsp;<\/p>\n<\/div><\/div><div class=\"et_pb_button_wrapper\"><a class=\"et_pb_button et_pb_more_button\" href=\"https:\/\/www.helvetibox.ch\/de\/agri-28-octobre-2014-surprises-du-terroir-mises-en-boites\/\">weiterlesen<\/a><\/div><\/div><\/div><\/div><\/div><\/div><\/div><\/div><\/div><\/div><div class=\"et_pb_section_1 et_pb_section et_section_regular et_block_section\"><div class=\"et_pb_row_3 et_pb_row et_block_row\"><div class=\"et_pb_column_4 et_pb_column et_pb_column_1_3 et_block_column et_pb_css_mix_blend_mode_passthrough\"><div class=\"et_pb_number_counter_0 et_pb_number_counter et_pb_bg_layout_light et_pb_text_align_center et_pb_with_title et_pb_module et_block_module\"><div class=\"percent\"><p><span class=\"percent-value\"><\/span><span class=\"percent-sign\"><\/span><\/p><\/div><h3 class=\"title\">PRODUKTE<\/h3><\/div><\/div><div class=\"et_pb_column_5 et_pb_column et_pb_column_1_3 et_block_column et_pb_css_mix_blend_mode_passthrough\"><div class=\"et_pb_text_1 et_pb_text et_pb_bg_layout_light et_pb_module et_block_module\"><div class=\"et_pb_text_inner\"><h1 style=\"text-align: center;\">Die HelvetiBox N\u00b042<\/h1>\n<h1 style=\"text-align: center;\">in Zahlen<\/h1>\n<\/div><\/div><\/div><div class=\"et_pb_column_6 et_pb_column et_pb_column_1_3 et-last-child et_block_column et_pb_css_mix_blend_mode_passthrough\"><div class=\"et_pb_number_counter_1 et_pb_number_counter et_pb_bg_layout_light et_pb_text_align_center et_pb_with_title et_pb_module et_block_module\"><div class=\"percent\"><p><span class=\"percent-value\"><\/span><span class=\"percent-sign\"><\/span><\/p><\/div><h3 class=\"title\">PRODUZENTEN<\/h3><\/div><\/div><\/div><\/div><div class=\"et_pb_section_2 et_pb_section et_section_regular et_block_section\"><div class=\"et_pb_row_4 et_pb_row et_block_row\"><div class=\"et_pb_column_7 et_pb_column et_pb_column_4_4 et-last-child et_block_column et_pb_css_mix_blend_mode_passthrough\"><div class=\"et_pb_text_2 et_pb_text et_pb_bg_layout_light et_pb_module et_block_module et_pb_text_align_justified\"><div class=\"et_pb_text_inner\"><h1 style=\"text-align: center;\">Hanf-Speckli<\/h1>\n<h1 style=\"text-align: center;\"><span style=\"color: #666666; font-family: 'Open Sans', Arial, sans-serif;\"><span style=\"font-size: 16px;\"><b>Speck, 6300 Zug<\/b><\/span><\/span><\/h1>\n<\/div><\/div><\/div><\/div><div class=\"et_pb_row_5 et_pb_row et_block_row\"><div class=\"et_pb_column_8 et_pb_column et_pb_column_1_2 et_block_column et_pb_css_mix_blend_mode_passthrough\"><div class=\"et_pb_text_3 et_pb_text et_pb_bg_layout_light et_pb_module et_block_module\"><div class=\"et_pb_text_inner\"><p>Der Absatz von CBD-Cannabis in der Schweiz boomt seit einigen Monaten. CBD oder Cannabidiol ist der Name eines Molek\u00fcls, das in Cannabis gefunden wird. Das THC, das f\u00fcr die psychotrope Wirkung der Pflanze verantwortlich ist, wird auf weniger als 1% reduziert, wodurch dieses Kraut zu 100% legal ist. Im Gegenzug ist das Produkt reich an CBD. Diese Substanz bewirkt ein entspannendes Gef\u00fchl und vermeidet gleichzeitig die Wirkung von THC. Gem\u00e4ss Swissmedic kann CBD antioxidative, entz\u00fcndungshemmende, antikonvulsive, antiemetische, anxiolytische, hypnotische oder antipsychotische Wirkungen haben. Peter Speck, Inhaber der ber\u00fchmten gleichnamigen Zuger Konditorei, brauchte nicht mehr als das, um ein Cannabis-S\u00fcsswarenprodukt herzustellen. Es handelt sich um ein &#8222;Speckli&#8220;. Seit 1934 ist diese Spezialit\u00e4t des Hauses ein handgefertigter Mandelkeks. Die Lancierung des Cannabis Speckli im vergangenen Oktober wurde von den gr\u00f6ssten deutschsprachigen Medien \u00fcbertragen. Peter gibt zu, dass Cannabis in erster Linie ein Gew\u00fcrz ist. Es passt perfekt zu Schokolade. Allerdings k\u00f6nnte es sein, dass Sie nach dem Essen eines St\u00fccks einen entspannenden Effekt erleben (f\u00fcr eine Person mit einem K\u00f6rpergewicht von ca. 50 kg).<\/p>\n<\/div><\/div><\/div><div class=\"et_pb_column_9 et_pb_column et_pb_column_1_2 et-last-child et_block_column et_pb_css_mix_blend_mode_passthrough\"><div class=\"et_pb_image_2 et_pb_image et_pb_module et_block_module\"><span class=\"et_pb_image_wrap\"><img loading=\"lazy\" decoding=\"async\" src=\"http:\/\/www.helvetibox.ch\/wp-content\/uploads\/2018\/02\/speck-hanf-speckli-1.jpg\" width=\"800\" height=\"533\" srcset=\"https:\/\/www.helvetibox.ch\/wp-content\/uploads\/2018\/02\/speck-hanf-speckli-1.jpg 800w, https:\/\/www.helvetibox.ch\/wp-content\/uploads\/2018\/02\/speck-hanf-speckli-1-300x200.jpg 300w, https:\/\/www.helvetibox.ch\/wp-content\/uploads\/2018\/02\/speck-hanf-speckli-1-768x512.jpg 768w, https:\/\/www.helvetibox.ch\/wp-content\/uploads\/2018\/02\/speck-hanf-speckli-1-610x406.jpg 610w, https:\/\/www.helvetibox.ch\/wp-content\/uploads\/2018\/02\/speck-hanf-speckli-1-510x340.jpg 510w\" sizes=\"(max-width: 800px) 100vw, 800px\" class=\"wp-image-20476\" \/><\/span><\/div><\/div><\/div><\/div><div class=\"et_pb_section_3 et_pb_section et_section_regular et_block_section\"><div class=\"et_pb_row_6 et_pb_row et_block_row\"><div class=\"et_pb_column_10 et_pb_column et_pb_column_4_4 et-last-child et_block_column et_pb_css_mix_blend_mode_passthrough\"><div class=\"et_pb_text_4 et_pb_text et_pb_bg_layout_light et_pb_module et_block_module et_pb_text_align_justified\"><div class=\"et_pb_text_inner\"><h1 style=\"text-align: center;\">Chriesi Bohne<\/h1>\n<h1 style=\"text-align: center;\"><b style=\"font-size: 16px; color: #666666; font-family: 'Open Sans', Arial, sans-serif;\">zuger-rigi-chriesi, 6343 Rotkreuz<\/b><\/h1>\n<\/div><\/div><\/div><\/div><div class=\"et_pb_row_7 et_pb_row et_block_row\"><div class=\"et_pb_column_11 et_pb_column et_pb_column_1_2 et_block_column et_pb_css_mix_blend_mode_passthrough\"><div class=\"et_pb_text_5 et_pb_text et_pb_bg_layout_light et_pb_module et_block_module\"><div class=\"et_pb_text_inner\"><p>Der Anstieg der bebauten Fl\u00e4chen und der R\u00fcckgang der Landwirtschaft f\u00fchrten im 20. Jahrhundert zu einem R\u00fcckgang der Kirschplantagen. Seit 2008 wurden mehrere Interessengruppen gegr\u00fcndet, um diese Bewegung durch das Pflanzen von Kirschb\u00e4umen auszugleichen. So auch die Firma &#8222;zuger-rigi-chriesi&#8220;, die das Ziel verfolgt, die Kirsche in all ihren Formen zu entwickeln. Sie will die 400 Jahre alte Kirschtradition lebendig halten und sie zum untrennbaren Symbol dieser Region im Herzen der Schweiz machen. Das Unternehmen zahlt einen fairen Preis f\u00fcr die Hochstamm-Kirschen der Region. Dies veranlasst die Bauernfamilien, sich wieder um ihre Obstg\u00e4rten zu k\u00fcmmern und so die typische Landschaft der Region zu erhalten. Es kommt dabei nicht in Frage, sich nur auf die Kirschen zu konzentrieren, die sich am besten f\u00fcr Superm\u00e4rkte eignen. Einige Sorten, von denen viele selten sind, werden zu einer Vielzahl von k\u00f6stlichen Produkten verarbeitet. Mit Milchschokolade \u00fcberzogene getrocknete Kirschen sind ein Beispiel f\u00fcr diese Politik. Wenn die Kirschen reif sind, werden sie von Hand gepfl\u00fcckt. Anschliessend werden sie mit einer Maschine entkernt und 3 Tage lang in \u00d6fen bei 21 Grad getrocknet. Dann, nach dem Sommer, werden die Konditoren mit der Umh\u00fcllung der Edelvollmilchschokolade von Felchin betraut.<\/p>\n<\/div><\/div><\/div><div class=\"et_pb_column_12 et_pb_column et_pb_column_1_2 et-last-child et_block_column et_pb_css_mix_blend_mode_passthrough\"><div class=\"et_pb_gallery_0 et_pb_gallery et_pb_bg_layout_light et_pb_slider et_pb_gallery_fullwidth clearfix et_pb_module\" data-auto-rotate=\"off\" data-auto-rotate-speed=\"\"><div class=\"et_pb_gallery_items et_post_gallery clearfix\" data-per_page=\"4\"><div class=\"et_pb_gallery_item et_pb_gallery_item_0_0\"><div class=\"et_pb_gallery_image landscape\" data-per_page=\"4\"><a href=\"https:\/\/www.helvetibox.ch\/wp-content\/uploads\/2016\/07\/zuger-rigi-chriesi_2.jpg\" title=\"zuger-rigi-chriesi_2\"><img loading=\"lazy\" decoding=\"async\" width=\"4352\" height=\"2901\" src=\"https:\/\/www.helvetibox.ch\/wp-content\/uploads\/2016\/07\/zuger-rigi-chriesi_2.jpg\" alt=\"\" class=\"wp-image-13309\" srcset=\"https:\/\/www.helvetibox.ch\/wp-content\/uploads\/2016\/07\/zuger-rigi-chriesi_2.jpg 4352w, https:\/\/www.helvetibox.ch\/wp-content\/uploads\/2016\/07\/zuger-rigi-chriesi_2-510x340.jpg 510w, https:\/\/www.helvetibox.ch\/wp-content\/uploads\/2016\/07\/zuger-rigi-chriesi_2-300x200.jpg 300w, https:\/\/www.helvetibox.ch\/wp-content\/uploads\/2016\/07\/zuger-rigi-chriesi_2-768x512.jpg 768w, https:\/\/www.helvetibox.ch\/wp-content\/uploads\/2016\/07\/zuger-rigi-chriesi_2-1024x683.jpg 1024w, https:\/\/www.helvetibox.ch\/wp-content\/uploads\/2016\/07\/zuger-rigi-chriesi_2-610x407.jpg 610w, https:\/\/www.helvetibox.ch\/wp-content\/uploads\/2016\/07\/zuger-rigi-chriesi_2-1080x720.jpg 1080w\" sizes=\"(max-width: 4352px) 100vw, 4352px\" \/><span class=\"et_overlay\" data-icon=\"\" data-icon-tablet=\"\" data-icon-phone=\"\"><\/span><\/a><\/div><\/div><div class=\"et_pb_gallery_item et_pb_gallery_item_0_1\"><div class=\"et_pb_gallery_image landscape\" data-per_page=\"4\"><a href=\"https:\/\/www.helvetibox.ch\/wp-content\/uploads\/2016\/07\/zuger-rigi-chriesi_5.jpg\" title=\"zuger-rigi-chriesi_5\"><img loading=\"lazy\" decoding=\"async\" width=\"4928\" height=\"3280\" src=\"https:\/\/www.helvetibox.ch\/wp-content\/uploads\/2016\/07\/zuger-rigi-chriesi_5.jpg\" alt=\"\" class=\"wp-image-13313\" srcset=\"https:\/\/www.helvetibox.ch\/wp-content\/uploads\/2016\/07\/zuger-rigi-chriesi_5.jpg 4928w, https:\/\/www.helvetibox.ch\/wp-content\/uploads\/2016\/07\/zuger-rigi-chriesi_5-510x339.jpg 510w, https:\/\/www.helvetibox.ch\/wp-content\/uploads\/2016\/07\/zuger-rigi-chriesi_5-300x200.jpg 300w, https:\/\/www.helvetibox.ch\/wp-content\/uploads\/2016\/07\/zuger-rigi-chriesi_5-768x511.jpg 768w, https:\/\/www.helvetibox.ch\/wp-content\/uploads\/2016\/07\/zuger-rigi-chriesi_5-1024x682.jpg 1024w, https:\/\/www.helvetibox.ch\/wp-content\/uploads\/2016\/07\/zuger-rigi-chriesi_5-610x406.jpg 610w, https:\/\/www.helvetibox.ch\/wp-content\/uploads\/2016\/07\/zuger-rigi-chriesi_5-1080x719.jpg 1080w\" sizes=\"(max-width: 4928px) 100vw, 4928px\" \/><span class=\"et_overlay\" data-icon=\"\" data-icon-tablet=\"\" data-icon-phone=\"\"><\/span><\/a><\/div><\/div><div class=\"et_pb_gallery_item et_pb_gallery_item_0_2\"><div class=\"et_pb_gallery_image landscape\" data-per_page=\"4\"><a href=\"https:\/\/www.helvetibox.ch\/wp-content\/uploads\/2016\/07\/zuger-rigi-chriesi_1.jpg\" title=\"zuger-rigi-chriesi_1\"><img loading=\"lazy\" decoding=\"async\" width=\"2863\" height=\"1908\" src=\"https:\/\/www.helvetibox.ch\/wp-content\/uploads\/2016\/07\/zuger-rigi-chriesi_1.jpg\" alt=\"\" class=\"wp-image-13307\" srcset=\"https:\/\/www.helvetibox.ch\/wp-content\/uploads\/2016\/07\/zuger-rigi-chriesi_1.jpg 2863w, https:\/\/www.helvetibox.ch\/wp-content\/uploads\/2016\/07\/zuger-rigi-chriesi_1-510x340.jpg 510w, https:\/\/www.helvetibox.ch\/wp-content\/uploads\/2016\/07\/zuger-rigi-chriesi_1-300x200.jpg 300w, https:\/\/www.helvetibox.ch\/wp-content\/uploads\/2016\/07\/zuger-rigi-chriesi_1-768x512.jpg 768w, https:\/\/www.helvetibox.ch\/wp-content\/uploads\/2016\/07\/zuger-rigi-chriesi_1-1024x682.jpg 1024w, https:\/\/www.helvetibox.ch\/wp-content\/uploads\/2016\/07\/zuger-rigi-chriesi_1-610x407.jpg 610w, https:\/\/www.helvetibox.ch\/wp-content\/uploads\/2016\/07\/zuger-rigi-chriesi_1-1080x720.jpg 1080w\" sizes=\"(max-width: 2863px) 100vw, 2863px\" \/><span class=\"et_overlay\" data-icon=\"\" data-icon-tablet=\"\" data-icon-phone=\"\"><\/span><\/a><\/div><\/div><\/div><\/div><\/div><\/div><\/div><div class=\"et_pb_section_4 et_pb_section et_section_regular et_block_section\"><div class=\"et_pb_row_8 et_pb_row et_block_row\"><div class=\"et_pb_column_13 et_pb_column et_pb_column_4_4 et-last-child et_block_column et_pb_css_mix_blend_mode_passthrough\"><div class=\"et_pb_text_6 et_pb_text et_pb_bg_layout_light et_pb_module et_block_module et_pb_text_align_justified\"><div class=\"et_pb_text_inner\"><h1 style=\"text-align: center;\">Zuger Chriesi Nudeln<\/h1>\n<h1 style=\"background-color: #ffffff; text-align: center;\"><span style=\"font-size: 30px; color: #666666; font-family: 'Open Sans', Arial, sans-serif;\"><span style=\"font-size: 16px;\"><b style=\"font-size: 16px;\">Feines vom Hotzenhof, 6340 Baar<\/b><\/span><\/span><\/h1>\n<\/div><\/div><\/div><\/div><div class=\"et_pb_row_9 et_pb_row et_block_row\"><div class=\"et_pb_column_14 et_pb_column et_pb_column_1_2 et_block_column et_pb_css_mix_blend_mode_passthrough\"><div class=\"et_pb_text_7 et_pb_text et_pb_bg_layout_light et_pb_module et_block_module\"><div class=\"et_pb_text_inner\"><p>Seit 1531 bewirtschaftet die Familie Hotz ihren Hof in Baar. Hermann und Bernadette Hotz sind die 12. Generation. Als sie vor 20 Jahren das 19 Hektar grosse Anwesen \u00fcbernahmen, trafen sie die schwierige Entscheidung, die Milchproduktion aufzugeben. Von da an werden auf dem Anwesen j\u00e4hrlich fast 500 Tonnen Obst und Beeren produziert. Ausserdem umfasst es Gem\u00fcse, eine Brennerei, eine Reihe von landwirtschaftlichen Produkten und ist ein beliebter Ort f\u00fcr Gruppenausfl\u00fcge. &#8222;Farm Safari&#8220; bietet eine Besichtigung der Farm an Bord eines Traktorwagens an! An jeder Haltestelle bietet sich die Gelegenheit, auf spielerische Weise mehr \u00fcber das Leben auf dem Bauernhof zu erfahren. Besonders sch\u00f6n ist es, wenn der Obstgarten mit 70 hochst\u00e4mmigen Kirschb\u00e4umen bl\u00fcht. Ihre Fr\u00fcchte werden zu k\u00f6stlichen Produkten verarbeitet. Zum Beispiel zu Zuger Kirschteigwaren! Mit der Originalfarbe k\u00f6nnen Sie Ihr n\u00e4chstes Nudelgericht selbst einf\u00e4rben.<\/p>\n<\/div><\/div><\/div><div class=\"et_pb_column_15 et_pb_column et_pb_column_1_2 et-last-child et_block_column et_pb_css_mix_blend_mode_passthrough\"><div class=\"et_pb_image_3 et_pb_image et_pb_module et_block_module\"><a href=\"http:\/\/www.hofmaercht.ch\/angebot\/farm-safari.html\" target=\"_blank\"><span class=\"et_pb_image_wrap\"><img loading=\"lazy\" decoding=\"async\" src=\"http:\/\/www.helvetibox.ch\/wp-content\/uploads\/2018\/02\/FarmSafari_hofmaercht.jpg\" width=\"800\" height=\"600\" srcset=\"https:\/\/www.helvetibox.ch\/wp-content\/uploads\/2018\/02\/FarmSafari_hofmaercht.jpg 800w, https:\/\/www.helvetibox.ch\/wp-content\/uploads\/2018\/02\/FarmSafari_hofmaercht-300x225.jpg 300w, https:\/\/www.helvetibox.ch\/wp-content\/uploads\/2018\/02\/FarmSafari_hofmaercht-768x576.jpg 768w, https:\/\/www.helvetibox.ch\/wp-content\/uploads\/2018\/02\/FarmSafari_hofmaercht-610x458.jpg 610w, https:\/\/www.helvetibox.ch\/wp-content\/uploads\/2018\/02\/FarmSafari_hofmaercht-510x383.jpg 510w\" sizes=\"(max-width: 800px) 100vw, 800px\" class=\"wp-image-20478\" title=\"Farm Safari Hotzenhof, Hof-M\u00e4rcht\" alt=\"Farm Safari Hotzenhof, Hof-M\u00e4rcht\" \/><\/span><\/a><\/div><\/div><\/div><\/div><div class=\"et_pb_section_5 et_pb_section et_section_regular et_block_section\"><div class=\"et_pb_row_10 et_pb_row et_block_row\"><div class=\"et_pb_column_16 et_pb_column et_pb_column_4_4 et-last-child et_block_column et_pb_css_mix_blend_mode_passthrough\"><div class=\"et_pb_text_8 et_pb_text et_pb_bg_layout_light et_pb_module et_block_module et_pb_text_align_justified\"><div class=\"et_pb_text_inner\"><h1 style=\"text-align: center;\">Zuger Chriesi Sirup<\/h1>\n<h1 style=\"text-align: center;\"><b style=\"font-size: 16px; color: #666666; font-family: 'Open Sans', Arial, sans-serif;\">Feines vom Hotzenhof, 6340 Baar<\/b><\/h1>\n<\/div><\/div><\/div><\/div><div class=\"et_pb_row_11 et_pb_row et_block_row\"><div class=\"et_pb_column_17 et_pb_column et_pb_column_1_2 et_block_column et_pb_css_mix_blend_mode_passthrough\"><div class=\"et_pb_text_9 et_pb_text et_pb_bg_layout_light et_pb_module et_block_module et_pb_text_align_justified\"><div class=\"et_pb_text_inner\"><p>Hermann Hotz wurde 2009 zum &#8222;Landwirt des Jahres&#8220; gew\u00e4hlt und ist zudem Pr\u00e4sident des Direktvertriebsverbandes des Hofes. Er ist daher logischerweise auf den M\u00e4rkten der Region pr\u00e4sent. Seine Produkte werden zu Konfit\u00fcren, Sirupen, Trockenfr\u00fcchten, Fruchts\u00e4ften, Br\u00e4nden, Lik\u00f6ren und Fruchtweinen verarbeitet. Unter dieser reichhaltigen Auswahl haben wir uns f\u00fcr eine Kirschwasservariante f\u00fcr Kinder entschieden: Kirschsirup. Der von Hotz ist sicherlich der beste in der Region.<\/p>\n<\/div><\/div><\/div><div class=\"et_pb_column_18 et_pb_column et_pb_column_1_2 et-last-child et_block_column et_pb_css_mix_blend_mode_passthrough\"><div class=\"et_pb_image_4 et_pb_image et_pb_module et_block_module\"><a href=\"http:\/\/www.hofmaercht.ch\/angebot\/farm-safari.html\" target=\"_blank\"><span class=\"et_pb_image_wrap\"><img loading=\"lazy\" decoding=\"async\" src=\"http:\/\/www.helvetibox.ch\/wp-content\/uploads\/2018\/02\/familie-hotz-hof-maercht-zug.jpg\" width=\"345\" height=\"518\" srcset=\"https:\/\/www.helvetibox.ch\/wp-content\/uploads\/2018\/02\/familie-hotz-hof-maercht-zug.jpg 345w, https:\/\/www.helvetibox.ch\/wp-content\/uploads\/2018\/02\/familie-hotz-hof-maercht-zug-200x300.jpg 200w\" sizes=\"(max-width: 345px) 100vw, 345px\" class=\"wp-image-20480\" title=\"Farm Safari Hotzenhof, Hof-M\u00e4rcht\" alt=\"Farm Safari Hotzenhof, Hof-M\u00e4rcht\" \/><\/span><\/a><\/div><\/div><\/div><\/div><div class=\"et_pb_section_6 et_pb_section et_section_regular et_block_section\"><div class=\"et_pb_row_12 et_pb_row et_block_row\"><div class=\"et_pb_column_19 et_pb_column et_pb_column_4_4 et-last-child et_block_column et_pb_css_mix_blend_mode_passthrough\"><div class=\"et_pb_text_10 et_pb_text et_pb_bg_layout_light et_pb_module et_block_module et_pb_text_align_justified\"><div class=\"et_pb_text_inner\"><h1 style=\"text-align: center;\">Knabberli Rauch &amp; Chili<\/h1>\n<h1 style=\"text-align: center;\"><span style=\"color: #666666; font-family: 'Open Sans', Arial, sans-serif;\"><span style=\"font-size: 16px;\"><b>Metzgerei Berchtold, 6343 Rotkreuz<\/b><\/span><\/span><\/h1>\n<\/div><\/div><\/div><\/div><div class=\"et_pb_row_13 et_pb_row et_block_row\"><div class=\"et_pb_column_20 et_pb_column et_pb_column_2_3 et_block_column et_pb_css_mix_blend_mode_passthrough\"><div class=\"et_pb_text_11 et_pb_text et_pb_bg_layout_light et_pb_module et_block_module\"><div class=\"et_pb_text_inner\"><p>Klaus Berchtold a v\u00e9cu en Afrique du Sud en tant que fabricant de saucisses europ\u00e9ennes. Il a ensuite voyag\u00e9 \u00e0 travers l&#8217;Am\u00e9rique du Sud jusqu\u2019au Canada. Erna Berchtold travaillait \u00e0 Toronto dans une boucherie. C\u2019est dans la m\u00e9tropole canadienne que Klaus et Erna se sont rencontr\u00e9s en 1974. Apr\u00e8s leur retour en Suisse, ils ont tous les deux os\u00e9 se lancer en tant qu\u2019ind\u00e9pendants en ouvrant leur propre boucherie. C\u2019est ainsi que depuis 40 ans, la boucherie de la famille Berchtold de Rotkreuz ravit les gourmets de la r\u00e9gion et partage sa passion pour la viande, la gastronomie et les aliments de qualit\u00e9.<\/p>\n<p>Depuis 2016, c\u2019est la nouvelle g\u00e9n\u00e9ration qui est aux commandes. Si ce changement se traduit par un design au go\u00fbt du jour, ce qui ne change pas c\u2019est sa structure. Tout le monde n\u2019a pas la chance d\u2019avoir acc\u00e8s \u00e0 une telle boucherie. \u00c9tant l\u2019une des derni\u00e8res avec abattoir priv\u00e9, elle attache une grande importance au bien-\u00eatre des animaux en provenance des fermes voisines. Un trajet en transport raccourci et la qualit\u00e9 de l\u2019\u00e9levage (aussi biologique) sont la base d&#8217;une viande bonne et saine. Le reste est le travail du boucher : la salaison, l\u2019assaisonnement et le s\u00e9chage sont r\u00e9alis\u00e9s dans la boucherie elle-m\u00eame. Ce travail lui a d\u00e9j\u00e0 valu de nombreuses m\u00e9dailles du monde professionnel. C\u2019est le cas des \u00ab Knabberli \u00bb fum\u00e9s et au chili qui ont remport\u00e9 une m\u00e9daille d\u2019argent. Ils ont une allure rappelant les fameux b\u00e2tons au kirsch ! A l\u2019ap\u00e9ro, en snack, ou coup\u00e9s en rondelles et l\u00e9g\u00e8rement grill\u00e9s, ils donneront du pep \u00e0 votre plat de p\u00e2tes, risotto ou polenta.<\/p>\n<\/div><\/div><\/div><div class=\"et_pb_column_21 et_pb_column et_pb_column_1_3 et-last-child et_block_column et_pb_css_mix_blend_mode_passthrough\"><div class=\"et_pb_image_5 et_pb_image et_pb_module et_block_module\"><span class=\"et_pb_image_wrap\"><img loading=\"lazy\" decoding=\"async\" src=\"http:\/\/www.helvetibox.ch\/wp-content\/uploads\/2018\/02\/knaberli-berchtold.jpg\" width=\"480\" height=\"640\" srcset=\"https:\/\/www.helvetibox.ch\/wp-content\/uploads\/2018\/02\/knaberli-berchtold.jpg 480w, https:\/\/www.helvetibox.ch\/wp-content\/uploads\/2018\/02\/knaberli-berchtold-225x300.jpg 225w\" sizes=\"(max-width: 480px) 100vw, 480px\" class=\"wp-image-20482\" title=\"Bio Gourmet\" alt=\"Bio Gourmet\" \/><\/span><\/div><\/div><\/div><\/div><div class=\"et_pb_section_7 et_pb_section et_section_regular et_block_section\"><div class=\"et_pb_row_14 et_pb_row et_block_row\"><div class=\"et_pb_column_22 et_pb_column et_pb_column_4_4 et-last-child et_block_column et_pb_css_mix_blend_mode_passthrough\"><div class=\"et_pb_blurb_0 et_pb_blurb et_pb_bg_layout_light et_pb_text_align_center et_pb_blurb_position_top et_pb_module et_block_module\"><div class=\"et_pb_blurb_content\"><div class=\"et_pb_main_blurb_image\"><span class=\"et_pb_image_wrap\"><span class=\"et-pb-icon et-waypoint et_pb_animation_off et_pb_animation_off_tablet et_pb_animation_off_phone\">\ue01d<\/span><\/span><\/div><div class=\"et_pb_blurb_container\"><h4 class=\"et_pb_module_header\">Standort der Produzenten<\/h4><\/div><\/div><\/div><div class=\"et_pb_map_0 et_pb_map_container et_pb_module et_flex_module\" data-grayscale=\"\"><div class=\"et_pb_map\" data-center-lat=\"47.1661672\" data-center-lng=\"8.5154946\" data-zoom=\"9\" data-mouse-wheel=\"off\" data-mobile-dragging=\"on\"><\/div><div class=\"et_pb_map_pin_0 et_pb_map_pin\" data-lat=\"47.1409476\" data-lng=\"8.4285783\" data-title=\"Berchtold\"><h3 style=\"margin-top:10px\">Berchtold<\/h3><\/div><div class=\"et_pb_map_pin_1 et_pb_map_pin\" data-lat=\"47.2075025\" data-lng=\"8.5389064999999\" data-title=\"Hotzenhof\"><h3 style=\"margin-top:10px\">Hotzenhof<\/h3><\/div><div class=\"et_pb_map_pin_2 et_pb_map_pin\" data-lat=\"47.1458627\" data-lng=\"8.4278979000001\" data-title=\"zuger-rigi-chriesi\"><h3 style=\"margin-top:10px\">zuger-rigi-chriesi<\/h3><\/div><div class=\"et_pb_map_pin_3 et_pb_map_pin\" data-lat=\"47.1727806\" data-lng=\"8.5149957\" data-title=\"Speck\"><h3 style=\"margin-top:10px\">Speck<\/h3><\/div><\/div><\/div><\/div><\/div><div class=\"et_pb_section_8 et_pb_section et_section_regular et_block_section\"><div class=\"et_pb_row_15 et_pb_row et_block_row\"><div class=\"et_pb_column_23 et_pb_column et_pb_column_4_4 et-last-child et_block_column et_pb_css_mix_blend_mode_passthrough\"><div class=\"et_pb_slider_0 et_pb_slider et_pb_slider_fullwidth_off et_pb_module et_block_module\"><div class=\"box-shadow-overlay\"><\/div><div class=\"et_pb_slides\"><div class=\"et_pb_slide_0 et_pb_slide et_pb_media_alignment_center et_pb_bg_layout_dark et_pb_text_align_center\" data-slide-id=\"divi\/slide-0\"><div class=\"et_pb_container\"><div class=\"et_pb_slider_container_inner\"><div class=\"et_pb_slide_description\"><h2 class=\"et_pb_slide_title\"><a href=\"http:\/\/www.helvetibox.ch\/de\/category\/rezepte\/\" target=\"\" class=\"et_pb_slide_title_link\"><\/a><\/h2><div class=\"et_pb_button_wrapper\"><a class=\"et_pb_button et_pb_more_button\" href=\"http:\/\/www.helvetibox.ch\/de\/category\/rezepte\/\">zu den Rezepten<\/a><\/div><\/div><\/div><\/div><\/div><\/div><\/div><\/div><\/div><\/div>","protected":false},"excerpt":{"rendered":"","protected":false},"author":329,"featured_media":20521,"comment_status":"closed","ping_status":"closed","sticky":false,"template":"","format":"standard","meta":{"_et_pb_use_builder":"on","_et_pb_old_content":"","_et_gb_content_width":"","footnotes":""},"categories":[43,2487],"tags":[],"dipi_cpt_category":[],"class_list":["post-20489","post","type-post","status-publish","format-standard","has-post-thumbnail","hentry","category-box-de","category-box-n42-zug"],"yoast_head":"<!-- This site is optimized with the Yoast SEO plugin v27.5 - https:\/\/yoast.com\/product\/yoast-seo-wordpress\/ -->\n<title>HelvetiBox N\u00b042 \u2013 Regionale Produkte aus Zug - HelvetiBox<\/title>\n<meta name=\"robots\" content=\"index, follow, max-snippet:-1, max-image-preview:large, max-video-preview:-1\" \/>\n<link rel=\"canonical\" href=\"https:\/\/www.helvetibox.ch\/de\/helvetibox-n42-regionale-produkte-aus-zug\/\" \/>\n<meta property=\"og:locale\" content=\"de_DE\" \/>\n<meta property=\"og:type\" content=\"article\" \/>\n<meta property=\"og:title\" content=\"HelvetiBox N\u00b042 \u2013 Regionale Produkte aus Zug - HelvetiBox\" \/>\n<meta property=\"og:url\" content=\"https:\/\/www.helvetibox.ch\/de\/helvetibox-n42-regionale-produkte-aus-zug\/\" \/>\n<meta property=\"og:site_name\" content=\"HelvetiBox\" \/>\n<meta property=\"article:publisher\" content=\"http:\/\/www.facebook.com\/helvetibox\" \/>\n<meta property=\"article:published_time\" content=\"2018-02-19T17:00:36+00:00\" \/>\n<meta property=\"article:modified_time\" content=\"2026-03-03T20:00:24+00:00\" \/>\n<meta property=\"og:image\" content=\"https:\/\/www.helvetibox.ch\/wp-content\/uploads\/2018\/02\/Helvetibox_n42_B1802-ZG.jpg\" \/>\n\t<meta property=\"og:image:width\" content=\"1920\" \/>\n\t<meta property=\"og:image:height\" content=\"1280\" \/>\n\t<meta property=\"og:image:type\" content=\"image\/jpeg\" \/>\n<meta name=\"author\" content=\"Florian Corth\u00e9sy\" \/>\n<script type=\"application\/ld+json\" class=\"yoast-schema-graph\">{\"@context\":\"https:\\\/\\\/schema.org\",\"@graph\":[{\"@type\":\"Article\",\"@id\":\"https:\\\/\\\/www.helvetibox.ch\\\/de\\\/helvetibox-n42-regionale-produkte-aus-zug\\\/#article\",\"isPartOf\":{\"@id\":\"https:\\\/\\\/www.helvetibox.ch\\\/de\\\/helvetibox-n42-regionale-produkte-aus-zug\\\/\"},\"author\":{\"name\":\"Florian Corth\u00e9sy\",\"@id\":\"https:\\\/\\\/www.helvetibox.ch\\\/de\\\/#\\\/schema\\\/person\\\/570a8ce46d2623290e963592e83b03a4\"},\"headline\":\"HelvetiBox N\u00b042 \u2013 Regionale Produkte aus Zug\",\"datePublished\":\"2018-02-19T17:00:36+00:00\",\"dateModified\":\"2026-03-03T20:00:24+00:00\",\"mainEntityOfPage\":{\"@id\":\"https:\\\/\\\/www.helvetibox.ch\\\/de\\\/helvetibox-n42-regionale-produkte-aus-zug\\\/\"},\"wordCount\":25,\"image\":{\"@id\":\"https:\\\/\\\/www.helvetibox.ch\\\/de\\\/helvetibox-n42-regionale-produkte-aus-zug\\\/#primaryimage\"},\"thumbnailUrl\":\"https:\\\/\\\/www.helvetibox.ch\\\/wp-content\\\/uploads\\\/2018\\\/02\\\/Helvetibox_n42_B1802-ZG.jpg\",\"articleSection\":[\"Box\",\"Box N\u00b042 - Zug\"],\"inLanguage\":\"de\"},{\"@type\":\"WebPage\",\"@id\":\"https:\\\/\\\/www.helvetibox.ch\\\/de\\\/helvetibox-n42-regionale-produkte-aus-zug\\\/\",\"url\":\"https:\\\/\\\/www.helvetibox.ch\\\/de\\\/helvetibox-n42-regionale-produkte-aus-zug\\\/\",\"name\":\"HelvetiBox N\u00b042 \u2013 Regionale Produkte aus Zug - HelvetiBox\",\"isPartOf\":{\"@id\":\"https:\\\/\\\/www.helvetibox.ch\\\/de\\\/#website\"},\"primaryImageOfPage\":{\"@id\":\"https:\\\/\\\/www.helvetibox.ch\\\/de\\\/helvetibox-n42-regionale-produkte-aus-zug\\\/#primaryimage\"},\"image\":{\"@id\":\"https:\\\/\\\/www.helvetibox.ch\\\/de\\\/helvetibox-n42-regionale-produkte-aus-zug\\\/#primaryimage\"},\"thumbnailUrl\":\"https:\\\/\\\/www.helvetibox.ch\\\/wp-content\\\/uploads\\\/2018\\\/02\\\/Helvetibox_n42_B1802-ZG.jpg\",\"datePublished\":\"2018-02-19T17:00:36+00:00\",\"dateModified\":\"2026-03-03T20:00:24+00:00\",\"author\":{\"@id\":\"https:\\\/\\\/www.helvetibox.ch\\\/de\\\/#\\\/schema\\\/person\\\/570a8ce46d2623290e963592e83b03a4\"},\"breadcrumb\":{\"@id\":\"https:\\\/\\\/www.helvetibox.ch\\\/de\\\/helvetibox-n42-regionale-produkte-aus-zug\\\/#breadcrumb\"},\"inLanguage\":\"de\",\"potentialAction\":[{\"@type\":\"ReadAction\",\"target\":[\"https:\\\/\\\/www.helvetibox.ch\\\/de\\\/helvetibox-n42-regionale-produkte-aus-zug\\\/\"]}]},{\"@type\":\"ImageObject\",\"inLanguage\":\"de\",\"@id\":\"https:\\\/\\\/www.helvetibox.ch\\\/de\\\/helvetibox-n42-regionale-produkte-aus-zug\\\/#primaryimage\",\"url\":\"https:\\\/\\\/www.helvetibox.ch\\\/wp-content\\\/uploads\\\/2018\\\/02\\\/Helvetibox_n42_B1802-ZG.jpg\",\"contentUrl\":\"https:\\\/\\\/www.helvetibox.ch\\\/wp-content\\\/uploads\\\/2018\\\/02\\\/Helvetibox_n42_B1802-ZG.jpg\",\"width\":1920,\"height\":1280},{\"@type\":\"BreadcrumbList\",\"@id\":\"https:\\\/\\\/www.helvetibox.ch\\\/de\\\/helvetibox-n42-regionale-produkte-aus-zug\\\/#breadcrumb\",\"itemListElement\":[{\"@type\":\"ListItem\",\"position\":1,\"name\":\"Accueil\",\"item\":\"https:\\\/\\\/www.helvetibox.ch\\\/de\\\/homepage\\\/\"},{\"@type\":\"ListItem\",\"position\":2,\"name\":\"HelvetiBox N\u00b042 \u2013 Regionale Produkte aus Zug\"}]},{\"@type\":\"WebSite\",\"@id\":\"https:\\\/\\\/www.helvetibox.ch\\\/de\\\/#website\",\"url\":\"https:\\\/\\\/www.helvetibox.ch\\\/de\\\/\",\"name\":\"HelvetiBox\",\"description\":\"Eine Gourmetreise durch die Schweiz \",\"potentialAction\":[{\"@type\":\"SearchAction\",\"target\":{\"@type\":\"EntryPoint\",\"urlTemplate\":\"https:\\\/\\\/www.helvetibox.ch\\\/de\\\/?s={search_term_string}\"},\"query-input\":{\"@type\":\"PropertyValueSpecification\",\"valueRequired\":true,\"valueName\":\"search_term_string\"}}],\"inLanguage\":\"de\"},{\"@type\":\"Person\",\"@id\":\"https:\\\/\\\/www.helvetibox.ch\\\/de\\\/#\\\/schema\\\/person\\\/570a8ce46d2623290e963592e83b03a4\",\"name\":\"Florian Corth\u00e9sy\",\"image\":{\"@type\":\"ImageObject\",\"inLanguage\":\"de\",\"@id\":\"https:\\\/\\\/secure.gravatar.com\\\/avatar\\\/25feb37f6f232bcff3b90c1032c68ca8b1ad55c1c90c8cc3d77f08e7bbf4224a?s=96&d=mm&r=g\",\"url\":\"https:\\\/\\\/secure.gravatar.com\\\/avatar\\\/25feb37f6f232bcff3b90c1032c68ca8b1ad55c1c90c8cc3d77f08e7bbf4224a?s=96&d=mm&r=g\",\"contentUrl\":\"https:\\\/\\\/secure.gravatar.com\\\/avatar\\\/25feb37f6f232bcff3b90c1032c68ca8b1ad55c1c90c8cc3d77f08e7bbf4224a?s=96&d=mm&r=g\",\"caption\":\"Florian Corth\u00e9sy\"}}]}<\/script>\n<!-- \/ Yoast SEO plugin. -->","yoast_head_json":{"title":"HelvetiBox N\u00b042 \u2013 Regionale Produkte aus Zug - HelvetiBox","robots":{"index":"index","follow":"follow","max-snippet":"max-snippet:-1","max-image-preview":"max-image-preview:large","max-video-preview":"max-video-preview:-1"},"canonical":"https:\/\/www.helvetibox.ch\/de\/helvetibox-n42-regionale-produkte-aus-zug\/","og_locale":"de_DE","og_type":"article","og_title":"HelvetiBox N\u00b042 \u2013 Regionale Produkte aus Zug - HelvetiBox","og_url":"https:\/\/www.helvetibox.ch\/de\/helvetibox-n42-regionale-produkte-aus-zug\/","og_site_name":"HelvetiBox","article_publisher":"http:\/\/www.facebook.com\/helvetibox","article_published_time":"2018-02-19T17:00:36+00:00","article_modified_time":"2026-03-03T20:00:24+00:00","og_image":[{"width":1920,"height":1280,"url":"https:\/\/www.helvetibox.ch\/wp-content\/uploads\/2018\/02\/Helvetibox_n42_B1802-ZG.jpg","type":"image\/jpeg"}],"author":"Florian Corth\u00e9sy","schema":{"@context":"https:\/\/schema.org","@graph":[{"@type":"Article","@id":"https:\/\/www.helvetibox.ch\/de\/helvetibox-n42-regionale-produkte-aus-zug\/#article","isPartOf":{"@id":"https:\/\/www.helvetibox.ch\/de\/helvetibox-n42-regionale-produkte-aus-zug\/"},"author":{"name":"Florian Corth\u00e9sy","@id":"https:\/\/www.helvetibox.ch\/de\/#\/schema\/person\/570a8ce46d2623290e963592e83b03a4"},"headline":"HelvetiBox N\u00b042 \u2013 Regionale Produkte aus Zug","datePublished":"2018-02-19T17:00:36+00:00","dateModified":"2026-03-03T20:00:24+00:00","mainEntityOfPage":{"@id":"https:\/\/www.helvetibox.ch\/de\/helvetibox-n42-regionale-produkte-aus-zug\/"},"wordCount":25,"image":{"@id":"https:\/\/www.helvetibox.ch\/de\/helvetibox-n42-regionale-produkte-aus-zug\/#primaryimage"},"thumbnailUrl":"https:\/\/www.helvetibox.ch\/wp-content\/uploads\/2018\/02\/Helvetibox_n42_B1802-ZG.jpg","articleSection":["Box","Box N\u00b042 - Zug"],"inLanguage":"de"},{"@type":"WebPage","@id":"https:\/\/www.helvetibox.ch\/de\/helvetibox-n42-regionale-produkte-aus-zug\/","url":"https:\/\/www.helvetibox.ch\/de\/helvetibox-n42-regionale-produkte-aus-zug\/","name":"HelvetiBox N\u00b042 \u2013 Regionale Produkte aus Zug - HelvetiBox","isPartOf":{"@id":"https:\/\/www.helvetibox.ch\/de\/#website"},"primaryImageOfPage":{"@id":"https:\/\/www.helvetibox.ch\/de\/helvetibox-n42-regionale-produkte-aus-zug\/#primaryimage"},"image":{"@id":"https:\/\/www.helvetibox.ch\/de\/helvetibox-n42-regionale-produkte-aus-zug\/#primaryimage"},"thumbnailUrl":"https:\/\/www.helvetibox.ch\/wp-content\/uploads\/2018\/02\/Helvetibox_n42_B1802-ZG.jpg","datePublished":"2018-02-19T17:00:36+00:00","dateModified":"2026-03-03T20:00:24+00:00","author":{"@id":"https:\/\/www.helvetibox.ch\/de\/#\/schema\/person\/570a8ce46d2623290e963592e83b03a4"},"breadcrumb":{"@id":"https:\/\/www.helvetibox.ch\/de\/helvetibox-n42-regionale-produkte-aus-zug\/#breadcrumb"},"inLanguage":"de","potentialAction":[{"@type":"ReadAction","target":["https:\/\/www.helvetibox.ch\/de\/helvetibox-n42-regionale-produkte-aus-zug\/"]}]},{"@type":"ImageObject","inLanguage":"de","@id":"https:\/\/www.helvetibox.ch\/de\/helvetibox-n42-regionale-produkte-aus-zug\/#primaryimage","url":"https:\/\/www.helvetibox.ch\/wp-content\/uploads\/2018\/02\/Helvetibox_n42_B1802-ZG.jpg","contentUrl":"https:\/\/www.helvetibox.ch\/wp-content\/uploads\/2018\/02\/Helvetibox_n42_B1802-ZG.jpg","width":1920,"height":1280},{"@type":"BreadcrumbList","@id":"https:\/\/www.helvetibox.ch\/de\/helvetibox-n42-regionale-produkte-aus-zug\/#breadcrumb","itemListElement":[{"@type":"ListItem","position":1,"name":"Accueil","item":"https:\/\/www.helvetibox.ch\/de\/homepage\/"},{"@type":"ListItem","position":2,"name":"HelvetiBox N\u00b042 \u2013 Regionale Produkte aus Zug"}]},{"@type":"WebSite","@id":"https:\/\/www.helvetibox.ch\/de\/#website","url":"https:\/\/www.helvetibox.ch\/de\/","name":"HelvetiBox","description":"Eine Gourmetreise durch die Schweiz ","potentialAction":[{"@type":"SearchAction","target":{"@type":"EntryPoint","urlTemplate":"https:\/\/www.helvetibox.ch\/de\/?s={search_term_string}"},"query-input":{"@type":"PropertyValueSpecification","valueRequired":true,"valueName":"search_term_string"}}],"inLanguage":"de"},{"@type":"Person","@id":"https:\/\/www.helvetibox.ch\/de\/#\/schema\/person\/570a8ce46d2623290e963592e83b03a4","name":"Florian Corth\u00e9sy","image":{"@type":"ImageObject","inLanguage":"de","@id":"https:\/\/secure.gravatar.com\/avatar\/25feb37f6f232bcff3b90c1032c68ca8b1ad55c1c90c8cc3d77f08e7bbf4224a?s=96&d=mm&r=g","url":"https:\/\/secure.gravatar.com\/avatar\/25feb37f6f232bcff3b90c1032c68ca8b1ad55c1c90c8cc3d77f08e7bbf4224a?s=96&d=mm&r=g","contentUrl":"https:\/\/secure.gravatar.com\/avatar\/25feb37f6f232bcff3b90c1032c68ca8b1ad55c1c90c8cc3d77f08e7bbf4224a?s=96&d=mm&r=g","caption":"Florian Corth\u00e9sy"}}]}},"_links":{"self":[{"href":"https:\/\/www.helvetibox.ch\/de\/wp-json\/wp\/v2\/posts\/20489","targetHints":{"allow":["GET"]}}],"collection":[{"href":"https:\/\/www.helvetibox.ch\/de\/wp-json\/wp\/v2\/posts"}],"about":[{"href":"https:\/\/www.helvetibox.ch\/de\/wp-json\/wp\/v2\/types\/post"}],"author":[{"embeddable":true,"href":"https:\/\/www.helvetibox.ch\/de\/wp-json\/wp\/v2\/users\/329"}],"replies":[{"embeddable":true,"href":"https:\/\/www.helvetibox.ch\/de\/wp-json\/wp\/v2\/comments?post=20489"}],"version-history":[{"count":3,"href":"https:\/\/www.helvetibox.ch\/de\/wp-json\/wp\/v2\/posts\/20489\/revisions"}],"predecessor-version":[{"id":27397697,"href":"https:\/\/www.helvetibox.ch\/de\/wp-json\/wp\/v2\/posts\/20489\/revisions\/27397697"}],"wp:featuredmedia":[{"embeddable":true,"href":"https:\/\/www.helvetibox.ch\/de\/wp-json\/wp\/v2\/media\/20521"}],"wp:attachment":[{"href":"https:\/\/www.helvetibox.ch\/de\/wp-json\/wp\/v2\/media?parent=20489"}],"wp:term":[{"taxonomy":"category","embeddable":true,"href":"https:\/\/www.helvetibox.ch\/de\/wp-json\/wp\/v2\/categories?post=20489"},{"taxonomy":"post_tag","embeddable":true,"href":"https:\/\/www.helvetibox.ch\/de\/wp-json\/wp\/v2\/tags?post=20489"},{"taxonomy":"dipi_cpt_category","embeddable":true,"href":"https:\/\/www.helvetibox.ch\/de\/wp-json\/wp\/v2\/dipi_cpt_category?post=20489"}],"curies":[{"name":"wp","href":"https:\/\/api.w.org\/{rel}","templated":true}]}}