{"id":20954,"date":"2018-07-26T14:41:16","date_gmt":"2018-07-26T12:41:16","guid":{"rendered":"http:\/\/www.helvetibox.ch\/?p=20954"},"modified":"2026-03-03T21:00:14","modified_gmt":"2026-03-03T20:00:14","slug":"helvetibox-n47-regionale-produkte-aus-dem-tessin","status":"publish","type":"post","link":"https:\/\/www.helvetibox.ch\/de\/helvetibox-n47-regionale-produkte-aus-dem-tessin\/","title":{"rendered":"HelvetiBox N\u00b047 &#8211; Regionale Produkte aus dem Tessin"},"content":{"rendered":"<div class=\"et_pb_section_0 et_pb_section et_section_regular et_block_section\"><div class=\"et_pb_row_0 et_pb_row et_block_row\"><div class=\"et_pb_column_0 et_pb_column et_pb_column_4_4 et-last-child et_block_column et_pb_css_mix_blend_mode_passthrough\"><div class=\"et_pb_module et_d4_element et_pb_post_title et_pb_post_title_12 et_pb_bg_layout_light  et_pb_text_align_center\"   >\n\t\t\t\t\n\t\t\t\t\n\t\t\t\t\n\t\t\t\t\n\t\t\t\t\n\t\t\t\t<div class=\"et_pb_title_container\">\n\t\t\t\t\t<h1 class=\"entry-title\">HelvetiBox N\u00b047 &#8211; Regionale Produkte aus dem Tessin<\/h1>\n\t\t\t\t<\/div>\n\t\t\t\t\n\t\t\t<\/div><\/div><\/div><div class=\"et_pb_row_1 et_pb_row et_block_row\"><div class=\"et_pb_column_1 et_pb_column et_pb_column_3_4 et_block_column et_pb_css_mix_blend_mode_passthrough\"><div class=\"et_pb_text_0 et_pb_text et_pb_bg_layout_light et_pb_module et_block_module\"><div class=\"et_pb_text_inner\"><p>Diesen Sommer wollen wir nach S\u00fcden fahren und den Gourmet-Charme des Tessins entdecken. Es ist der einzige Kanton, der komplett auf der S\u00fcdseite der Alpen liegt. Mit seinen s\u00fcdlichen Nachbarn teilt das Tessin nicht nur die Sprache, sondern auch eine K\u00fcche. Unsere Auswahl von acht Tessiner Produkten soll es Ihnen erm\u00f6glichen, eine komplette Mahlzeit vom Aperitif bis zum Dessert zuzubereiten.<\/p>\n<p>Seit zwanzig Jahren sind die Tessiner stolz darauf, das einzige Reisfeld des Landes zu beherbergen. Diesmal bieten wir Ihnen den Reis in fl\u00fcssiger Form an! Der Boom traditioneller Produkte l\u00e4sst viele Produzenten von Tessiner Spezialit\u00e4ten zuversichtlich in die Zukunft blicken. So investieren Gazzose-Produzenten in eine kostspielige, aber n\u00f6tige, Modernisierung ihrer Produktionsanlagen. Der beste Metzger des Kantons produziert auch den besten &#8222;Salameto&#8220; im Tessin. Die traditionelle &#8222;mostarda&#8220; aus Norditalien macht den Erfolg eines Tessiner Unternehmens in Form von P\u00fcree aus. Spaghetti kann man \u00fcberall kaufen, aber der Hauptbestandteil, Hartweizen, w\u00e4chst selten ein paar Kilometer entfernt. Das Farina B\u00f3na, ein Mehl aus ger\u00f6stetem Mais, hat aus seinen Aschen auferstehen k\u00f6nnen. Der Lehrer Ilario Garbani hat es im Rahmen eines Forschungsprojekts bekannt gemacht. Geniessen Sie zum Abschluss einen Espresso mit leckeren Amaretti Bianchi.<\/p>\n<p>Wir w\u00fcnschen Ihnen eine angenehme Entdeckungsreise mit vielen ungew\u00f6hnlichen Geschmacksrichtungen im mediterransten Kanton der Schweiz.<\/p>\n<\/div><\/div><\/div><div class=\"et_pb_column_2 et_pb_column et_pb_column_1_4 et-last-child et_block_column et_pb_css_mix_blend_mode_passthrough\"><div class=\"et_pb_image_0 et_pb_image et_animated et_pb_module et_block_module\"><a href=\"https:\/\/fr.wikipedia.org\/wiki\/Canton_du_Tessin\" target=\"_blank\"><span class=\"et_pb_image_wrap\"><img loading=\"lazy\" decoding=\"async\" src=\"http:\/\/www.helvetibox.ch\/wp-content\/uploads\/2014\/11\/Wappen_Tessin_matt.png\" width=\"416\" height=\"505\" srcset=\"https:\/\/www.helvetibox.ch\/wp-content\/uploads\/2014\/11\/Wappen_Tessin_matt.png 416w, https:\/\/www.helvetibox.ch\/wp-content\/uploads\/2014\/11\/Wappen_Tessin_matt-247x300.png 247w\" sizes=\"(max-width: 416px) 100vw, 416px\" class=\"wp-image-1059\" title=\"Blason canton Tessin (Image Wikimedia Commons)\" alt=\"Blason canton Tessin (Image Wikimedia Commons)\" \/><\/span><\/a><\/div><div class=\"et_pb_image_1 et_pb_image et_animated et_pb_module et_block_module\"><a href=\"https:\/\/fr.wikipedia.org\/wiki\/Canton_du_Tessin\" target=\"_blank\"><span class=\"et_pb_image_wrap\"><img loading=\"lazy\" decoding=\"async\" src=\"http:\/\/www.helvetibox.ch\/wp-content\/uploads\/2014\/11\/Map_TI.svg_.png\" width=\"280\" height=\"198\" sizes=\"(max-width: 280px) 100vw, 280px\" class=\"wp-image-12572\" title=\"Carte de la Suisse (Tessin) (image Wikimedia Commons Poulpy)\" alt=\"Carte de la Suisse (Tessin) (image Wikimedia Commons Poulpy)\" \/><\/span><\/a><\/div><\/div><\/div><div class=\"et_pb_row_2 et_pb_row et_block_row\"><div class=\"et_pb_column_3 et_pb_column et_pb_column_4_4 et-last-child et_block_column et_pb_css_mix_blend_mode_passthrough\"><div class=\"et_pb_post_slider_0 et_pb_post_slider et_pb_bg_layout_dark et_pb_slider et_pb_slider_fullwidth_off et_pb_post_slider_image_background et_pb_slider_with_overlay et_pb_module et_block_module\"><div class=\"et_pb_slides\"><div class=\"et_pb_slide et_pb_post_slide-12718\" style=\"background-image:url(https:\/\/www.helvetibox.ch\/wp-content\/uploads\/2014\/09\/box-neuenburg-helvetibox.jpg)\"><div class=\"et_pb_slide_overlay_container\"><\/div><div class=\"et_pb_container clearfix\"><div class=\"et_pb_slider_container_inner\"><div class=\"et_pb_slide_description\"><h2 class=\"et_pb_slide_title\"><a href=\"https:\/\/www.helvetibox.ch\/de\/helvetibox-n1-regionale-produkte-aus-neuenburg\/\">HelvetiBox n\u00b01 \u2013 Regionale Produkte aus Neuenburg<\/a><\/h2><div class=\"et_pb_slide_content\"><div class=\"et_pb_slide_content_body\"><p>Im September 2014 pr\u00e4sentiert die HelvetiBox die regionalen Produkte aus Neuenburg: Truffes \u00e0 l\u2019\u0152il-de-Perdrix, Wodey-Suchard, Neuch\u00e2tel Cr\u00e8me de caramel au sel des Alpes, Cr\u00e8me Renversante, Les Ponts-de-Martel Sirop de Dents-de-Lion, Le Panier de la F\u00e9e, Le Sapel&#8230;<\/p>\n<\/div><\/div><div class=\"et_pb_button_wrapper\"><a class=\"et_pb_button et_pb_more_button\" href=\"https:\/\/www.helvetibox.ch\/de\/helvetibox-n1-regionale-produkte-aus-neuenburg\/\">weiterlesen<\/a><\/div><\/div><\/div><\/div><\/div><div class=\"et_pb_slide et_pb_post_slide-12710\" style=\"background-image:url(https:\/\/www.helvetibox.ch\/wp-content\/uploads\/2014\/10\/HB_Box2_ZH_v.1_opt.jpg)\"><div class=\"et_pb_slide_overlay_container\"><\/div><div class=\"et_pb_container clearfix\"><div class=\"et_pb_slider_container_inner\"><div class=\"et_pb_slide_description\"><h2 class=\"et_pb_slide_title\"><a href=\"https:\/\/www.helvetibox.ch\/de\/helvetibox-n2-regionale-produkte-aus-zuerich\/\">HelvetiBox n\u00b02 \u2013 Regionale Produkte aus Z\u00fcrich<\/a><\/h2><div class=\"et_pb_slide_content\"><div class=\"et_pb_slide_content_body\"><p>HelvetiBox n\u00b02 \u2013 Regionale Produkte aus Z\u00fcrich Im Oktober 2014 pr\u00e4sentiert die HelvetiBox die regionalen Produkte aus Z\u00fcrich: Tirggel, Honegger Tirggel, Wald Schoggiw\u00fcrfel, MiniShoggi.ch, Hirzel Bio Pesto K\u00fcrbis Curry, Nudelwerkstatt,\u00a0Wetzikon Sorrel, Zobo, Z\u00fcrich&#8230;<\/p>\n<\/div><\/div><div class=\"et_pb_button_wrapper\"><a class=\"et_pb_button et_pb_more_button\" href=\"https:\/\/www.helvetibox.ch\/de\/helvetibox-n2-regionale-produkte-aus-zuerich\/\">weiterlesen<\/a><\/div><\/div><\/div><\/div><\/div><div class=\"et_pb_slide et_pb_post_slide-12702\" style=\"background-image:url(https:\/\/www.helvetibox.ch\/wp-content\/uploads\/2014\/11\/helvetiBox-produit-terroir-tessin-blog3.jpg)\"><div class=\"et_pb_slide_overlay_container\"><\/div><div class=\"et_pb_container clearfix\"><div class=\"et_pb_slider_container_inner\"><div class=\"et_pb_slide_description\"><h2 class=\"et_pb_slide_title\"><a href=\"https:\/\/www.helvetibox.ch\/de\/helvetibox-n3-regionale-produkte-aus-tessin\/\">HelvetiBox N\u00b03 \u2013 Regionale Produkte aus Tessin<\/a><\/h2><div class=\"et_pb_slide_content\"><div class=\"et_pb_slide_content_body\"><p>HelvetiBox N\u00b03 \u2013 Regionale Produkte aus Tessin Im November 2014 pr\u00e4sentiert die HelvetiBox die regionalen Produkte aus Tessin: Salsa Ticino Rustica, Orticola Bassi, Sant\u2019Antonino Marmellata di castagne, Nicoletta Zacchi, Lodrino Miele di castagno Bio, Fausto&#8230;<\/p>\n<\/div><\/div><div class=\"et_pb_button_wrapper\"><a class=\"et_pb_button et_pb_more_button\" href=\"https:\/\/www.helvetibox.ch\/de\/helvetibox-n3-regionale-produkte-aus-tessin\/\">weiterlesen<\/a><\/div><\/div><\/div><\/div><\/div><div class=\"et_pb_slide et_pb_post_slide-11457\" style=\"background-image:url(https:\/\/www.helvetibox.ch\/wp-content\/uploads\/2014\/11\/image-AGRI.jpg)\"><div class=\"et_pb_slide_overlay_container\"><\/div><div class=\"et_pb_container clearfix\"><div class=\"et_pb_slider_container_inner\"><div class=\"et_pb_slide_description\"><h2 class=\"et_pb_slide_title\"><a href=\"https:\/\/www.helvetibox.ch\/de\/agri-28-octobre-2014-surprises-du-terroir-mises-en-boites\/\">Agri &#8211; 28 octobre 2014 &#8211; Surprises du terroir mises en bo\u00eetes<\/a><\/h2><div class=\"et_pb_slide_content\"><div class=\"et_pb_slide_content_body\"><p>&nbsp; &#8222;HelvetiBox &#8211; Surprises du terroir mises en bo\u00eetes&#8220; &#8211; 28.11.2014 &#8211; N\u00b048 &#8211; p.30. Par\u00a0R\u00e9ane Ahmad. Agri &#8211;\u00a0www.agrihebdo.ch &nbsp; &nbsp;<\/p>\n<\/div><\/div><div class=\"et_pb_button_wrapper\"><a class=\"et_pb_button et_pb_more_button\" href=\"https:\/\/www.helvetibox.ch\/de\/agri-28-octobre-2014-surprises-du-terroir-mises-en-boites\/\">weiterlesen<\/a><\/div><\/div><\/div><\/div><\/div><div class=\"et_pb_slide et_pb_post_slide-12689\" style=\"background-image:url(https:\/\/www.helvetibox.ch\/wp-content\/uploads\/2014\/12\/HelvetiBox_box-panier-garnis-Schwyz.jpg)\"><div class=\"et_pb_slide_overlay_container\"><\/div><div class=\"et_pb_container clearfix\"><div class=\"et_pb_slider_container_inner\"><div class=\"et_pb_slide_description\"><h2 class=\"et_pb_slide_title\"><a href=\"https:\/\/www.helvetibox.ch\/de\/helvetibox-n4-regionale-produkte-aus-schwyz\/\">HelvetiBox N\u00b04 \u2013 Regionale Produkte aus Schwyz<\/a><\/h2><div class=\"et_pb_slide_content\"><div class=\"et_pb_slide_content_body\"><p>HelvetiBox N\u00b04 \u2013 Regionale Produkte aus Schwyz Im Dezember 2014 pr\u00e4sentiert die HelvetiBox die regionalen Produkte aus Schwyz: 3er Spezialit\u00e4t, Goldapfel, Einsiedeln Rinderheu, Heinzer Metzgerei, Muotathal Bauernspeck, Heinzer Metzgerei, Muotathal Chr\u00fctli Polenta im&#8230;<\/p>\n<\/div><\/div><div class=\"et_pb_button_wrapper\"><a class=\"et_pb_button et_pb_more_button\" href=\"https:\/\/www.helvetibox.ch\/de\/helvetibox-n4-regionale-produkte-aus-schwyz\/\">weiterlesen<\/a><\/div><\/div><\/div><\/div><\/div><div class=\"et_pb_slide et_pb_post_slide-12685\" style=\"background-image:url(https:\/\/www.helvetibox.ch\/wp-content\/uploads\/2015\/01\/helvetibox-gen\u00e8ve-produit-du-terroir-genevois.jpg)\"><div class=\"et_pb_slide_overlay_container\"><\/div><div class=\"et_pb_container clearfix\"><div class=\"et_pb_slider_container_inner\"><div class=\"et_pb_slide_description\"><h2 class=\"et_pb_slide_title\"><a href=\"https:\/\/www.helvetibox.ch\/de\/helvetibox-n5-regionale-produkte-aus-genf\/\">HelvetiBox N\u00b05 \u2013 Regionale Produkte aus Genf<\/a><\/h2><div class=\"et_pb_slide_content\"><div class=\"et_pb_slide_content_body\"><p>HelvetiBox N\u00b05 \u2013 Regionale Produkte aus Genf Im Januar 2015 pr\u00e4sentiert die HelvetiBox die regionalen Produkte aus Genf: Longeole IGP, Andr\u00e9 Vidonne, Carouge Cardon \u00e9pineux argent\u00e9 de Plainpalais AOP, Boehm, Grand-Lancy Lentilles vertes d\u2019Athenaz, Samuel Terrier,&#8230;<\/p>\n<\/div><\/div><div class=\"et_pb_button_wrapper\"><a class=\"et_pb_button et_pb_more_button\" href=\"https:\/\/www.helvetibox.ch\/de\/helvetibox-n5-regionale-produkte-aus-genf\/\">weiterlesen<\/a><\/div><\/div><\/div><\/div><\/div><div class=\"et_pb_slide et_pb_post_slide-12669\" style=\"background-image:url(https:\/\/www.helvetibox.ch\/wp-content\/uploads\/2015\/02\/helvetibox_n6_produits-du-terroir-B\u00e2le-BL-BS.jpg)\"><div class=\"et_pb_slide_overlay_container\"><\/div><div class=\"et_pb_container clearfix\"><div class=\"et_pb_slider_container_inner\"><div class=\"et_pb_slide_description\"><h2 class=\"et_pb_slide_title\"><a href=\"https:\/\/www.helvetibox.ch\/de\/helvetibox-n6-regionale-produkte-aus-basel\/\">HelvetiBox N\u00b06 \u2013 Regionale Produkte aus Basel<\/a><\/h2><div class=\"et_pb_slide_content\"><div class=\"et_pb_slide_content_body\"><p>HelvetiBox N\u00b06 \u2013 Regionale Produkte aus Basel Im Februar 2015 pr\u00e4sentiert die HelvetiBox die regionalen Produkte aus Basel: R\u00e4ppli Tee, London Tea, M\u00fcnchenstein BL Fasnachtsbier \u00ab\u00a0Drummler\u00a0\u00bb, Unser Bier, BL Prune d\u2019Or, Posamenter, Wenslingen BL Zwetschgenl\u00e4ckerli,&#8230;<\/p>\n<\/div><\/div><div class=\"et_pb_button_wrapper\"><a class=\"et_pb_button et_pb_more_button\" href=\"https:\/\/www.helvetibox.ch\/de\/helvetibox-n6-regionale-produkte-aus-basel\/\">weiterlesen<\/a><\/div><\/div><\/div><\/div><\/div><div class=\"et_pb_slide et_pb_post_slide-11456\" style=\"background-image:url(https:\/\/www.helvetibox.ch\/wp-content\/uploads\/2015\/02\/logo-le-cafetier.png)\"><div class=\"et_pb_slide_overlay_container\"><\/div><div class=\"et_pb_container clearfix\"><div class=\"et_pb_slider_container_inner\"><div class=\"et_pb_slide_description\"><h2 class=\"et_pb_slide_title\"><a href=\"https:\/\/www.helvetibox.ch\/de\/le-cafetier-un-peu-de-cantons-en-boite\/\">Le Cafetier | Un peu de cantons en bo\u00eete<\/a><\/h2><div class=\"et_pb_slide_content\"><div class=\"et_pb_slide_content_body\"><p>&#8222;Un peu de canton en bo\u00eete&#8220; &#8211; Le Cafetier n\u00b06 &#8211; 13.02.2014 Article en ligne. Par Benjamin Philippe. Le Cafetier &#8211; Journal des cafetiers, restaurateurs et hoteliers romands.\u00a0\u00a0&#8211;\u00a0www.lecafetier.ch<\/p>\n<\/div><\/div><div class=\"et_pb_button_wrapper\"><a class=\"et_pb_button et_pb_more_button\" href=\"https:\/\/www.helvetibox.ch\/de\/le-cafetier-un-peu-de-cantons-en-boite\/\">weiterlesen<\/a><\/div><\/div><\/div><\/div><\/div><div class=\"et_pb_slide et_pb_post_slide-11455\" style=\"background-image:url(https:\/\/www.helvetibox.ch\/wp-content\/uploads\/2015\/02\/logo_La_Libert\u00e9_Fribourg.png)\"><div class=\"et_pb_slide_overlay_container\"><\/div><div class=\"et_pb_container clearfix\"><div class=\"et_pb_slider_container_inner\"><div class=\"et_pb_slide_description\"><h2 class=\"et_pb_slide_title\"><a href=\"https:\/\/www.helvetibox.ch\/de\/la-liberte-helvetibox-met-la-suisse-en-boite\/\">La Libert\u00e9 | HelvetiBox met la Suisse en bo\u00eete<\/a><\/h2><div class=\"et_pb_slide_content\"><div class=\"et_pb_slide_content_body\"><p>&nbsp; &#8222;HelvetiBox met la Suisse en bo\u00eete&#8220; &#8211; La Libert\u00e9\u00a0&#8211; 23.02.2015 Par Francis Granget. La Libert\u00e9 &#8211; www.laliberte.ch &nbsp; &nbsp;<\/p>\n<\/div><\/div><div class=\"et_pb_button_wrapper\"><a class=\"et_pb_button et_pb_more_button\" href=\"https:\/\/www.helvetibox.ch\/de\/la-liberte-helvetibox-met-la-suisse-en-boite\/\">weiterlesen<\/a><\/div><\/div><\/div><\/div><\/div><div class=\"et_pb_slide et_pb_post_slide-2005\" style=\"background-image:url(https:\/\/www.helvetibox.ch\/wp-content\/uploads\/2015\/03\/HelvetiBox-n7-Appenzell_1200.jpg)\"><div class=\"et_pb_slide_overlay_container\"><\/div><div class=\"et_pb_container clearfix\"><div class=\"et_pb_slider_container_inner\"><div class=\"et_pb_slide_description\"><h2 class=\"et_pb_slide_title\"><a href=\"https:\/\/www.helvetibox.ch\/de\/helvetibox-n7-regionale-produkte-vom-appenzellerland\/\">HelvetiBox n\u00b07 &#8211; Regionale Produkte vom Appenzellerland<\/a><\/h2><div class=\"et_pb_slide_content\"><div class=\"et_pb_slide_content_body\"><p>Das Appenzellerland, zwischen dem Bodensee und dem S\u00e4ntis, kann fast von jedem seiner H\u00fcgel und Berge komplett \u00fcberschaut werden. Seit 1597 ist es geteilt in Innerrhoden (AI), den katholischen Teil, und Ausserrhoden (AR), den protestantischen Teil (\u201eRhoden\u201c bezie&hellip;<\/p>\n<\/div><\/div><div class=\"et_pb_button_wrapper\"><a class=\"et_pb_button et_pb_more_button\" href=\"https:\/\/www.helvetibox.ch\/de\/helvetibox-n7-regionale-produkte-vom-appenzellerland\/\">weiterlesen<\/a><\/div><\/div><\/div><\/div><\/div><\/div><\/div><\/div><\/div><\/div><div class=\"et_pb_section_1 et_pb_section et_section_regular et_block_section\"><div class=\"et_pb_row_3 et_pb_row et_pb_gutters3 et_block_row\"><div class=\"et_pb_column_4 et_pb_column et_pb_column_1_3 et_block_column et_pb_css_mix_blend_mode_passthrough\"><div class=\"et_pb_number_counter_0 et_pb_number_counter et_pb_bg_layout_light et_pb_text_align_center et_pb_with_title et_pb_module et_block_module\"><div class=\"percent\"><p><span class=\"percent-value\"><\/span><span class=\"percent-sign\"><\/span><\/p><\/div><h3 class=\"title\">PRODUKTE<\/h3><\/div><\/div><div class=\"et_pb_column_5 et_pb_column et_pb_column_1_3 et_block_column et_pb_css_mix_blend_mode_passthrough\"><div class=\"et_pb_text_1 et_pb_text et_pb_bg_layout_light et_pb_module et_block_module\"><div class=\"et_pb_text_inner\"><h1 style=\"text-align: center;\">Die HelvetiBox N\u00b047<\/h1>\n<h1 style=\"text-align: center;\">in Zahlen<\/h1>\n<\/div><\/div><\/div><div class=\"et_pb_column_6 et_pb_column et_pb_column_1_3 et-last-child et_block_column et_pb_css_mix_blend_mode_passthrough\"><div class=\"et_pb_number_counter_1 et_pb_number_counter et_pb_bg_layout_light et_pb_text_align_center et_pb_with_title et_pb_module et_block_module\"><div class=\"percent\"><p><span class=\"percent-value\"><\/span><span class=\"percent-sign\"><\/span><\/p><\/div><h3 class=\"title\">PRODUZENTEN<\/h3><\/div><\/div><\/div><\/div><div class=\"et_pb_section_2 et_pb_section et_section_regular et_block_section\"><div class=\"et_pb_row_4 et_pb_row et_block_row\"><div class=\"et_pb_column_7 et_pb_column et_pb_column_4_4 et-last-child et_block_column et_pb_css_mix_blend_mode_passthrough\"><div class=\"et_pb_text_2 et_pb_text et_pb_bg_layout_light et_pb_module et_block_module et_pb_text_align_justified\"><div class=\"et_pb_text_inner\"><h1 style=\"text-align: center;\">Gazzosa Fizzy all&#8217;aroma di mirtillo<\/h1>\n<h1 style=\"text-align: center;\"><b style=\"font-size: 16px; color: #666666; font-family: 'Open Sans', Arial, sans-serif;\">Fizzy, Personico<\/b><\/h1>\n<\/div><\/div><\/div><\/div><div class=\"et_pb_row_5 et_pb_row et_block_row\"><div class=\"et_pb_column_8 et_pb_column et_pb_column_3_4 et_block_column et_pb_css_mix_blend_mode_passthrough\"><div class=\"et_pb_text_3 et_pb_text et_pb_bg_layout_light et_pb_module et_block_module\"><div class=\"et_pb_text_inner\"><p>Gazzosa (kohlens\u00e4urehaltige Limonade) wird im Tessin schon seit dem 19. Jahrhundert produziert. Die nat\u00fcrliche G\u00e4rung von aromatisierten Sirups war in vielen Haushalten zu festlichen Ereignissen gang und g\u00e4be. Fr\u00fcher fand man sogar in jeder Stadt einen Limonadeproduzenten. Doch mit der Einf\u00fchrung industriell produzierter Getr\u00e4nke sind diese immer weniger geworden. Die Marke Fizzy bricht mit der Tradition und bietet ihre Limonaden auch in PET-Flaschen an. Obwohl die gebr\u00e4uchlichste Variante die mit Zitrone ist, haben wir uns entschieden, Sie die &#8222;Mirtillo&#8220; (Blaubeere) entdecken zu lassen. Am besten k\u00fchl und mit geschlossenen Augen geniessen. Stellen Sie sich vor, auf der schattigen Terrasse eines Tessiner Grotto zu stehen!<\/p>\n<\/div><\/div><\/div><div class=\"et_pb_column_9 et_pb_column et_pb_column_1_4 et-last-child et_block_column et_pb_css_mix_blend_mode_passthrough\"><div class=\"et_pb_code_0 et_pb_code et_pb_module\"><div class=\"et_pb_code_inner\"><iframe loading=\"lazy\" width=\"560\" height=\"315\" src=\"https:\/\/www.youtube.com\/embed\/wS8h5AGh2yk\" frameborder=\"0\" allow=\"autoplay; encrypted-media\" allowfullscreen><\/iframe><\/div><\/div><\/div><\/div><\/div><div class=\"et_pb_section_3 et_pb_section et_section_regular et_block_section\"><div class=\"et_pb_row_6 et_pb_row et_block_row\"><div class=\"et_pb_column_10 et_pb_column et_pb_column_4_4 et-last-child et_block_column et_pb_css_mix_blend_mode_passthrough\"><div class=\"et_pb_text_4 et_pb_text et_pb_bg_layout_light et_pb_module et_block_module et_pb_text_align_justified\"><div class=\"et_pb_text_inner\"><h1 style=\"text-align: center;\">Birra da Ris<\/h1>\n<h1 style=\"text-align: center;\"><b style=\"font-size: 16px; color: #666666; font-family: 'Open Sans', Arial, sans-serif;\">Terreni alla Maggia, Ascona &amp; Brasserie Locher, Appenzell<\/b><\/h1>\n<\/div><\/div><\/div><\/div><div class=\"et_pb_row_7 et_pb_row et_block_row\"><div class=\"et_pb_column_11 et_pb_column et_pb_column_1_2 et_block_column et_pb_css_mix_blend_mode_passthrough\"><div class=\"et_pb_text_5 et_pb_text et_pb_bg_layout_light et_pb_module et_block_module\"><div class=\"et_pb_text_inner\"><p>Der sonnengereifte Reis der n\u00f6rdlichsten Reisanbaugebiete der Welt (Ascona, Terreni alla Maggia) vermischt sich hier mit der goldgelben Braugerste zu diesem s\u00fcssen Bier, das Geniesser begeistern wird. Dieses Bier verbindet das Know-how der Appenzeller Braukunst mit Terreni alla Maggia Reis. Es hat eine leichte Hopfenbitterkeit. Passt perfekt zu: leichten Salaten, milden Reisgerichten, ged\u00fcnstetem Fisch, Dessertcremes. P.S. Wir haben ein &#8222;Monaco&#8220;, oder besser gesagt ein &#8222;Lugano&#8220;, n\u00e4mlich Bier mit Gazzosa Mirtillo, erfolgreich getestet<\/p>\n<\/div><\/div><\/div><div class=\"et_pb_column_12 et_pb_column et_pb_column_1_2 et-last-child et_block_column et_pb_css_mix_blend_mode_passthrough\"><div class=\"et_pb_image_2 et_pb_image et_pb_module et_block_module\"><span class=\"et_pb_image_wrap\"><img loading=\"lazy\" decoding=\"async\" src=\"http:\/\/www.helvetibox.ch\/wp-content\/uploads\/2018\/07\/birra-da-ris.png\" width=\"400\" height=\"493\" srcset=\"https:\/\/www.helvetibox.ch\/wp-content\/uploads\/2018\/07\/birra-da-ris.png 400w, https:\/\/www.helvetibox.ch\/wp-content\/uploads\/2018\/07\/birra-da-ris-243x300.png 243w\" sizes=\"(max-width: 400px) 100vw, 400px\" class=\"wp-image-20943\" \/><\/span><\/div><\/div><\/div><\/div><div class=\"et_pb_section_4 et_pb_section et_section_regular et_block_section\"><div class=\"et_pb_row_8 et_pb_row et_block_row\"><div class=\"et_pb_column_13 et_pb_column et_pb_column_4_4 et-last-child et_block_column et_pb_css_mix_blend_mode_passthrough\"><div class=\"et_pb_text_6 et_pb_text et_pb_bg_layout_light et_pb_module et_block_module et_pb_text_align_justified\"><div class=\"et_pb_text_inner\"><h1 style=\"text-align: center;\">Salametto nostrano stagionato<\/h1>\n<h1 style=\"text-align: center;\"><b style=\"font-size: 16px; color: #666666; font-family: 'Open Sans', Arial, sans-serif;\">Macelleria Efra, Gordola<\/b><\/h1>\n<\/div><\/div><\/div><\/div><div class=\"et_pb_row_9 et_pb_row et_block_row\"><div class=\"et_pb_column_14 et_pb_column et_pb_column_4_4 et-last-child et_block_column et_pb_css_mix_blend_mode_passthrough\"><div class=\"et_pb_text_7 et_pb_text et_pb_bg_layout_light et_pb_module et_block_module\"><div class=\"et_pb_text_inner\"><p>Seit \u00fcber 60 Jahren bietet die Metzgerei Efra in Gordola einzigartige Produkte an, die nach alten, seit zwei Generationen \u00fcberlieferten Rezepten hergestellt werden. Das Flaggschiff sind die Wurstwaren, die aus feinstem Schweizer und Tessiner Fleisch hergestellt und in traditionellen Kellern gereift werden und so einen einzigartigen Geschmack verleihen bekommen. Die Metzgerei Efra ist vermutlich die beste im Tessin. Die Liebe zum Detail, die die Besonderheit von Efra ausmacht, erm\u00f6glichte es ihnen, w\u00e4hrend des letzten Schweizer Qualit\u00e4tswettbewerbs 3 Goldmedaillen zu gewinnen. Eine davon ging an den Salametto, der nicht weniger als 49 von 50 m\u00f6glichen Punkten erzielte. Zu beachten ist, dass diese Salami keine Zusatzstoffe enth\u00e4lt. Somit gibt es keinen Nitritp\u00f6kelsalz, was extrem seltenen ist!<\/p>\n<\/div><\/div><div class=\"et_pb_image_3 et_pb_image et_pb_module et_block_module\"><span class=\"et_pb_image_wrap\"><img loading=\"lazy\" decoding=\"async\" src=\"http:\/\/www.helvetibox.ch\/wp-content\/uploads\/2018\/07\/efra-gordola-tessin.jpg\" width=\"1100\" height=\"525\" srcset=\"https:\/\/www.helvetibox.ch\/wp-content\/uploads\/2018\/07\/efra-gordola-tessin.jpg 1100w, https:\/\/www.helvetibox.ch\/wp-content\/uploads\/2018\/07\/efra-gordola-tessin-300x143.jpg 300w, https:\/\/www.helvetibox.ch\/wp-content\/uploads\/2018\/07\/efra-gordola-tessin-768x367.jpg 768w, https:\/\/www.helvetibox.ch\/wp-content\/uploads\/2018\/07\/efra-gordola-tessin-1024x489.jpg 1024w, https:\/\/www.helvetibox.ch\/wp-content\/uploads\/2018\/07\/efra-gordola-tessin-610x291.jpg 610w, https:\/\/www.helvetibox.ch\/wp-content\/uploads\/2018\/07\/efra-gordola-tessin-1080x515.jpg 1080w, https:\/\/www.helvetibox.ch\/wp-content\/uploads\/2018\/07\/efra-gordola-tessin-510x243.jpg 510w\" sizes=\"(max-width: 1100px) 100vw, 1100px\" class=\"wp-image-20945\" title=\"\u00a9 Macelleria Efra\" alt=\"\u00a9 Macelleria Efra\" \/><\/span><\/div><\/div><\/div><\/div><div class=\"et_pb_section_5 et_pb_section et_section_regular et_block_section\"><div class=\"et_pb_row_10 et_pb_row et_block_row\"><div class=\"et_pb_column_15 et_pb_column et_pb_column_4_4 et-last-child et_block_column et_pb_css_mix_blend_mode_passthrough\"><div class=\"et_pb_text_8 et_pb_text et_pb_bg_layout_light et_pb_module et_block_module et_pb_text_align_justified\"><div class=\"et_pb_text_inner\"><h1 style=\"text-align: center;\">Mostarda Aprikosensenfsauce<\/h1>\n<h1 style=\"text-align: center;\"><b style=\"font-size: 16px; text-align: justify; color: #666666; font-family: 'Open Sans', Arial, sans-serif;\">Sandro Vanini, Rivera<\/b><\/h1>\n<\/div><\/div><\/div><\/div><div class=\"et_pb_row_11 et_pb_row et_block_row\"><div class=\"et_pb_column_16 et_pb_column et_pb_column_1_2 et_block_column et_pb_css_mix_blend_mode_passthrough\"><div class=\"et_pb_text_9 et_pb_text et_pb_bg_layout_light et_pb_module et_block_module\"><div class=\"et_pb_text_inner\"><p>Das 1960 gegr\u00fcndete Unternehmen Sandro Vanini ist bekannt f\u00fcr seine kandierten Kastanien und seine Mostarda. Bei der Mostarda handelt es sich um eine Spezialit\u00e4t aus Norditalien. Es sind in senfhaltige, \u00e4therische \u00d6le eingelegte und dadurch pikante Fr\u00fcchte. Die Tradition kommt aus der Renaissance, damals noch mit dem Ziel die Fr\u00fcchte zu konservieren. In Form von P\u00fcree l\u00e4sst sie sich leichter zum Kochen verwenden. Die Aprikosensorte ist ideal f\u00fcr den Sommer. Mostarda kann auf unz\u00e4hlige Arten verwendet werden. Sie begleitet K\u00e4se, Wurstwaren (z.B. in einem Sandwich), wird als W\u00fcrze f\u00fcr Salate (anstelle von Senf) sowie in vielen anderen kalten und warmen Gerichten verwendet. Lassen Sie Ihrer Fantasie freien Lauf!<\/p>\n<\/div><\/div><\/div><div class=\"et_pb_column_17 et_pb_column et_pb_column_1_2 et-last-child et_block_column et_pb_css_mix_blend_mode_passthrough\"><div class=\"et_pb_image_4 et_pb_image et_pb_module et_block_module\"><span class=\"et_pb_image_wrap\"><img loading=\"lazy\" decoding=\"async\" src=\"http:\/\/www.helvetibox.ch\/wp-content\/uploads\/2018\/07\/sandro-vanini-mostarda.jpg\" width=\"790\" height=\"1086\" srcset=\"https:\/\/www.helvetibox.ch\/wp-content\/uploads\/2018\/07\/sandro-vanini-mostarda.jpg 790w, https:\/\/www.helvetibox.ch\/wp-content\/uploads\/2018\/07\/sandro-vanini-mostarda-218x300.jpg 218w, https:\/\/www.helvetibox.ch\/wp-content\/uploads\/2018\/07\/sandro-vanini-mostarda-768x1056.jpg 768w, https:\/\/www.helvetibox.ch\/wp-content\/uploads\/2018\/07\/sandro-vanini-mostarda-745x1024.jpg 745w, https:\/\/www.helvetibox.ch\/wp-content\/uploads\/2018\/07\/sandro-vanini-mostarda-610x839.jpg 610w, https:\/\/www.helvetibox.ch\/wp-content\/uploads\/2018\/07\/sandro-vanini-mostarda-510x701.jpg 510w\" sizes=\"(max-width: 790px) 100vw, 790px\" class=\"wp-image-20947\" title=\"Mostarda - Copyright Sandro Vanini SA\" alt=\"Mostarda - Copyright Sandro Vanini SA\" \/><\/span><\/div><\/div><\/div><\/div><div class=\"et_pb_section_6 et_pb_section et_section_regular et_block_section\"><div class=\"et_pb_row_12 et_pb_row et_block_row\"><div class=\"et_pb_column_18 et_pb_column et_pb_column_4_4 et-last-child et_block_column et_pb_css_mix_blend_mode_passthrough\"><div class=\"et_pb_text_10 et_pb_text et_pb_bg_layout_light et_pb_module et_block_module et_pb_text_align_justified\"><div class=\"et_pb_text_inner\"><h1 style=\"text-align: center;\"><span style=\"text-align: justify;\">Spaghetti ticinesi<\/span><\/h1>\n<h1 style=\"text-align: center;\"><b style=\"font-size: 16px; text-align: justify; color: #666666; font-family: 'Open Sans', Arial, sans-serif;\">Terreni Alla Maggia, Ascona<\/b><\/h1>\n<\/div><\/div><\/div><\/div><div class=\"et_pb_row_13 et_pb_row et_block_row\"><div class=\"et_pb_column_19 et_pb_column et_pb_column_4_4 et-last-child et_block_column et_pb_css_mix_blend_mode_passthrough\"><div class=\"et_pb_text_11 et_pb_text et_pb_bg_layout_light et_pb_module et_block_module\"><div class=\"et_pb_text_inner\"><p>Das Maggia-Delta zwischen Ascona und Locarno ist mit 198 Metern H\u00f6he der tiefste Punkt der Schweiz. Hier befinden sich die 150 Hektar Land, die das landwirtschaftliche Unternehmen Terreni Alla Maggia nutzt. W\u00e4hrend der gr\u00f6sste Teil des Landes von dem einzigen Reisfeld der Schweiz besetzt ist, gibt es auch Hartweizen von ausgezeichneter Qualit\u00e4t. Dies erlaubt der nahegelegenen Firma Pastificio Simona, ausgezeichnete Spaghetti aus 100% Tessiner Zutaten herzustellen! Diese leckeren Spaghetti passen dank ihrer rauen Oberfl\u00e4che perfekt zu vielen Saucen. F\u00fcgen Sie eine Tomaten- oder Carbonara-Sauce hinzu und Sie werden den Geschmack lieben.<\/p>\n<\/div><\/div><\/div><\/div><\/div><div class=\"et_pb_section_7 et_pb_section et_section_regular et_block_section\"><div class=\"et_pb_row_14 et_pb_row et_block_row\"><div class=\"et_pb_column_20 et_pb_column et_pb_column_4_4 et-last-child et_block_column et_pb_css_mix_blend_mode_passthrough\"><div class=\"et_pb_text_12 et_pb_text et_pb_bg_layout_light et_pb_module et_block_module et_pb_text_align_justified\"><div class=\"et_pb_text_inner\"><h1 style=\"text-align: center;\"><span style=\"text-align: justify;\">Salsa al pomodoro<\/span><\/h1>\n<h1 style=\"text-align: center;\"><b style=\"font-size: 16px; text-align: justify; color: #666666; font-family: 'Open Sans', Arial, sans-serif;\">Pastificio G.M., Cadenazzo<\/b><\/h1>\n<\/div><\/div><\/div><\/div><div class=\"et_pb_row_15 et_pb_row et_block_row\"><div class=\"et_pb_column_21 et_pb_column et_pb_column_1_2 et_block_column et_pb_css_mix_blend_mode_passthrough\"><div class=\"et_pb_text_13 et_pb_text et_pb_bg_layout_light et_pb_module et_block_module\"><div class=\"et_pb_text_inner\"><p>Giuseppe Maniscalco produziert seit \u00fcber 20 Jahren in seiner kleinen Cadenazzo-Werkstatt frische Pasta und Saucen. Um die Pasta von Terrine alla Maggia zu begleiten, folgten wir seinem Rat und nahmen die einfachste Sauce. Salsa di Pomodoro ist die beste Art, Spaghetti zu geniessen.<\/p>\n<div class=\"container\"><\/div>\n<\/div><\/div><\/div><div class=\"et_pb_column_22 et_pb_column et_pb_column_1_2 et-last-child et_block_column et_pb_css_mix_blend_mode_passthrough\"><div class=\"et_pb_image_5 et_pb_image et_pb_module et_block_module\"><span class=\"et_pb_image_wrap\"><img loading=\"lazy\" decoding=\"async\" src=\"http:\/\/www.helvetibox.ch\/wp-content\/uploads\/2018\/07\/giuseppe-maniscalco-pastificio-g.m.jpeg\" width=\"311\" height=\"333\" srcset=\"https:\/\/www.helvetibox.ch\/wp-content\/uploads\/2018\/07\/giuseppe-maniscalco-pastificio-g.m.jpeg 311w, https:\/\/www.helvetibox.ch\/wp-content\/uploads\/2018\/07\/giuseppe-maniscalco-pastificio-g.m-280x300.jpeg 280w\" sizes=\"(max-width: 311px) 100vw, 311px\" class=\"wp-image-20949\" \/><\/span><\/div><\/div><\/div><\/div><div class=\"et_pb_section_8 et_pb_section et_section_regular et_block_section\"><div class=\"et_pb_row_16 et_pb_row et_block_row\"><div class=\"et_pb_column_23 et_pb_column et_pb_column_4_4 et-last-child et_block_column et_pb_css_mix_blend_mode_passthrough\"><div class=\"et_pb_text_14 et_pb_text et_pb_bg_layout_light et_pb_module et_block_module et_pb_text_align_justified\"><div class=\"et_pb_text_inner\"><h1 style=\"text-align: center;\"><span style=\"text-align: justify;\">Farina B\u00f3na<\/span><\/h1>\n<h1 style=\"text-align: center;\"><b style=\"font-size: 16px; text-align: justify; color: #666666; font-family: 'Open Sans', Arial, sans-serif;\">Ilario Garbani, Vergeletto<\/b><\/h1>\n<\/div><\/div><\/div><\/div><div class=\"et_pb_row_17 et_pb_row et_block_row\"><div class=\"et_pb_column_24 et_pb_column et_pb_column_1_2 et_block_column et_pb_css_mix_blend_mode_passthrough\"><div class=\"et_pb_text_15 et_pb_text et_pb_bg_layout_light et_pb_module et_block_module\"><div class=\"et_pb_text_inner\"><p>Was passiert, wenn man Popcorn mahlt? Man stellt Farina B\u00f3na her! Das ger\u00f6stete Maismehl ist ein traditionelles Produkt aus dem Onsernonetal. Im kulinarischen Erbe der Schweiz gelistet, tr\u00e4gt es das Label &#8222;Slow Food&#8220;. \u00dcbersetzt man Farina B\u00f3na, so erh\u00e4lt man &#8222;gutes Mehl&#8220; auf Deutsch. Es war einst die t\u00e4gliche Nahrung der Talbewohner. Nach dem Wandel der Ern\u00e4hrungsgewohnheiten wurde die Produktion in den 1960er Jahren eingestellt. Seine Wiedergeburt verdankt es dem Lehrer Ilario, der mit seinen Sch\u00fclern begann, den urspr\u00fcnglichen Herstellungsprozess wieder zu entdecken. Es gibt viele Rezepte, die auf diesem Mehl basieren. Unser Favorit ist Eiscreme.\u00a0Weitere Rezepte finden Sie in der <a href=\"http:\/\/www.farinabona.ch\/documents\/RicettarioFB_DE.pdf\">beiliegenden Brosch\u00fcre<\/a> oder unter <a href=\"http:\/\/www.farinabona.ch\/de\/\">www.farinabona.ch\/de<\/a>.<\/p>\n<div class=\"container\"><\/div>\n<\/div><\/div><\/div><div class=\"et_pb_column_25 et_pb_column et_pb_column_1_2 et-last-child et_block_column et_pb_css_mix_blend_mode_passthrough\"><div class=\"et_pb_image_6 et_pb_image et_pb_module et_block_module\"><span class=\"et_pb_image_wrap\"><img loading=\"lazy\" decoding=\"async\" src=\"http:\/\/www.helvetibox.ch\/wp-content\/uploads\/2014\/11\/01.jpg\" width=\"960\" height=\"473\" srcset=\"https:\/\/www.helvetibox.ch\/wp-content\/uploads\/2014\/11\/01.jpg 960w, https:\/\/www.helvetibox.ch\/wp-content\/uploads\/2014\/11\/01-510x251.jpg 510w, https:\/\/www.helvetibox.ch\/wp-content\/uploads\/2014\/11\/01-300x147.jpg 300w\" sizes=\"(max-width: 960px) 100vw, 960px\" class=\"wp-image-1064\" title=\"\u00a9 Tropenhaus Wohlusen\" alt=\"\u00a9 Tropenhaus Wohlusen\" \/><\/span><\/div><\/div><\/div><\/div><div class=\"et_pb_section_9 et_pb_section et_section_regular et_block_section\"><div class=\"et_pb_row_18 et_pb_row et_block_row\"><div class=\"et_pb_column_26 et_pb_column et_pb_column_4_4 et-last-child et_block_column et_pb_css_mix_blend_mode_passthrough\"><div class=\"et_pb_text_16 et_pb_text et_pb_bg_layout_light et_pb_module et_block_module et_pb_text_align_justified\"><div class=\"et_pb_text_inner\"><h1 style=\"text-align: center;\"><span style=\"text-align: justify;\">Amaretti Bianchi<\/span><\/h1>\n<h1 style=\"text-align: center;\"><b style=\"font-size: 16px; text-align: justify; color: #666666; font-family: 'Open Sans', Arial, sans-serif;\">Pasticceria Savaris, Cugnasco-Gerra<\/b><\/h1>\n<\/div><\/div><\/div><\/div><div class=\"et_pb_row_19 et_pb_row et_block_row\"><div class=\"et_pb_column_27 et_pb_column et_pb_column_4_4 et-last-child et_block_column et_pb_css_mix_blend_mode_passthrough\"><div class=\"et_pb_text_17 et_pb_text et_pb_bg_layout_light et_pb_module et_block_module\"><div class=\"et_pb_text_inner\"><p>Obwohl Amaretti ein Geb\u00e4ck italienischen Ursprungs ist, wird seine weisse Variante haupts\u00e4chlich im Tessin und in Norditalien hergestellt. Sie sind leicht bitter, aussen sehr kr\u00fcmelig, innen weich. Ihre unregelm\u00e4ssige Form unterscheidet sich von der allgemein bekannten. Sie bestehen aus Mandeln, Zucker, Eiweiss und eventuell Haseln\u00fcssen. Die Spezialit\u00e4t gibt es in allen Tessiner Pasticceria. Diese hier stammen aus der seit 60 Jahren bestehenden B\u00e4ckerei der Br\u00fcder Savaris.<\/p>\n<div class=\"container\"><\/div>\n<\/div><\/div><\/div><\/div><\/div><div class=\"et_pb_section_10 et_pb_section et_section_regular et_block_section\"><div class=\"et_pb_row_20 et_pb_row et_block_row\"><div class=\"et_pb_column_28 et_pb_column et_pb_column_4_4 et-last-child et_block_column et_pb_css_mix_blend_mode_passthrough\"><div class=\"et_pb_blurb_0 et_pb_blurb et_pb_bg_layout_light et_pb_text_align_center et_pb_blurb_position_top et_pb_module et_block_module\"><div class=\"et_pb_blurb_content\"><div class=\"et_pb_main_blurb_image\"><span class=\"et_pb_image_wrap\"><span class=\"et-pb-icon et-waypoint et_pb_animation_off et_pb_animation_off_tablet et_pb_animation_off_phone\">\ue01d<\/span><\/span><\/div><div class=\"et_pb_blurb_container\"><h4 class=\"et_pb_module_header\">Standort der Produzenten<\/h4><\/div><\/div><\/div><div class=\"et_pb_map_0 et_pb_map_container et_pb_module et_flex_module\" data-grayscale=\"\"><div class=\"et_pb_map\" data-center-lat=\"46.1946216\" data-center-lng=\"9.0244124\" data-zoom=\"10\" data-mouse-wheel=\"off\" data-mobile-dragging=\"on\"><\/div><div class=\"et_pb_map_pin_0 et_pb_map_pin\" data-lat=\"46.1517069\" data-lng=\"8.9459682\" data-title=\"PASTIFICIO G.M.\"><h3 style=\"margin-top:10px\">PASTIFICIO G.M.<\/h3><\/div><div class=\"et_pb_map_pin_1 et_pb_map_pin\" data-lat=\"46.1896459\" data-lng=\"8.703477\" data-title=\"Farina B\u00f3na\"><h3 style=\"margin-top:10px\">Farina B\u00f3na<\/h3><\/div><div class=\"et_pb_map_pin_2 et_pb_map_pin\" data-lat=\"46.3687426\" data-lng=\"8.922197\" data-title=\"Fizzy\"><h3 style=\"margin-top:10px\">Fizzy<\/h3><\/div><div class=\"et_pb_map_pin_3 et_pb_map_pin\" data-lat=\"46.1807712\" data-lng=\"8.8659675\" data-title=\"EFRA\"><h3 style=\"margin-top:10px\">EFRA<\/h3><\/div><div class=\"et_pb_map_pin_4 et_pb_map_pin\" data-lat=\"46.15356\" data-lng=\"8.7897402\" data-title=\"Terreni Alla Maggia\"><h3 style=\"margin-top:10px\">Terreni Alla Maggia<\/h3><\/div><div class=\"et_pb_map_pin_5 et_pb_map_pin\" data-lat=\"46.1755311\" data-lng=\"8.9100324\" data-title=\"Savaris\"><h3 style=\"margin-top:10px\">Savaris<\/h3><\/div><div class=\"et_pb_map_pin_6 et_pb_map_pin\" data-lat=\"46.116295\" data-lng=\"8.9276666000001\" data-title=\"Sandro Vanini\"><h3 style=\"margin-top:10px\">Sandro Vanini<\/h3><\/div><\/div><\/div><\/div><div class=\"et_pb_row_21 et_pb_row et_block_row\"><div class=\"et_pb_column_29 et_pb_column et_pb_column_4_4 et-last-child et_block_column et_pb_css_mix_blend_mode_passthrough\"><div class=\"et_pb_slider_0 et_pb_slider et_pb_slider_fullwidth_off et_pb_module et_block_module\"><div class=\"et_pb_slides\"><div class=\"et_pb_slide_0 et_pb_slide et_pb_media_alignment_center et_pb_bg_layout_dark et_pb_text_align_center\" data-slide-id=\"divi\/slide-0\"><div class=\"et_pb_container\"><div class=\"et_pb_slider_container_inner\"><div class=\"et_pb_slide_description\"><h2 class=\"et_pb_slide_title\"><a href=\"http:\/\/www.helvetibox.ch\/de\/unsere-schweizer-regionale-rezepte\/\" target=\"\" class=\"et_pb_slide_title_link\"><\/a><\/h2><div class=\"et_pb_button_wrapper\"><a class=\"et_pb_button et_pb_more_button\" href=\"http:\/\/www.helvetibox.ch\/de\/unsere-schweizer-regionale-rezepte\/\">zu den Rezepten<\/a><\/div><\/div><\/div><\/div><\/div><\/div><\/div><\/div><\/div><\/div>","protected":false},"excerpt":{"rendered":"","protected":false},"author":329,"featured_media":20941,"comment_status":"closed","ping_status":"closed","sticky":false,"template":"","format":"standard","meta":{"_et_pb_use_builder":"on","_et_pb_old_content":"","_et_gb_content_width":"","footnotes":""},"categories":[43,2887],"tags":[],"dipi_cpt_category":[],"class_list":["post-20954","post","type-post","status-publish","format-standard","has-post-thumbnail","hentry","category-box-de","category-box-n47-tessin-de"],"yoast_head":"<!-- This site is optimized with the Yoast SEO plugin v27.5 - https:\/\/yoast.com\/product\/yoast-seo-wordpress\/ -->\n<title>HelvetiBox N\u00b047 - Regionale Produkte aus dem Tessin - HelvetiBox<\/title>\n<meta name=\"robots\" content=\"index, follow, max-snippet:-1, max-image-preview:large, max-video-preview:-1\" \/>\n<link rel=\"canonical\" href=\"https:\/\/www.helvetibox.ch\/de\/helvetibox-n47-regionale-produkte-aus-dem-tessin\/\" \/>\n<meta property=\"og:locale\" content=\"de_DE\" \/>\n<meta property=\"og:type\" content=\"article\" \/>\n<meta property=\"og:title\" content=\"HelvetiBox N\u00b047 - Regionale Produkte aus dem Tessin - HelvetiBox\" \/>\n<meta property=\"og:url\" content=\"https:\/\/www.helvetibox.ch\/de\/helvetibox-n47-regionale-produkte-aus-dem-tessin\/\" \/>\n<meta property=\"og:site_name\" content=\"HelvetiBox\" \/>\n<meta property=\"article:publisher\" content=\"http:\/\/www.facebook.com\/helvetibox\" \/>\n<meta property=\"article:published_time\" content=\"2018-07-26T12:41:16+00:00\" \/>\n<meta property=\"article:modified_time\" content=\"2026-03-03T20:00:14+00:00\" \/>\n<meta property=\"og:image\" content=\"https:\/\/www.helvetibox.ch\/wp-content\/uploads\/2018\/07\/HelvetiBox_n47-TI.jpg\" \/>\n\t<meta property=\"og:image:width\" content=\"1920\" \/>\n\t<meta property=\"og:image:height\" content=\"1280\" \/>\n\t<meta property=\"og:image:type\" content=\"image\/jpeg\" \/>\n<meta name=\"author\" content=\"Florian Corth\u00e9sy\" \/>\n<script type=\"application\/ld+json\" class=\"yoast-schema-graph\">{\"@context\":\"https:\\\/\\\/schema.org\",\"@graph\":[{\"@type\":\"Article\",\"@id\":\"https:\\\/\\\/www.helvetibox.ch\\\/de\\\/helvetibox-n47-regionale-produkte-aus-dem-tessin\\\/#article\",\"isPartOf\":{\"@id\":\"https:\\\/\\\/www.helvetibox.ch\\\/de\\\/helvetibox-n47-regionale-produkte-aus-dem-tessin\\\/\"},\"author\":{\"name\":\"Florian Corth\u00e9sy\",\"@id\":\"https:\\\/\\\/www.helvetibox.ch\\\/de\\\/#\\\/schema\\\/person\\\/570a8ce46d2623290e963592e83b03a4\"},\"headline\":\"HelvetiBox N\u00b047 &#8211; Regionale Produkte aus dem Tessin\",\"datePublished\":\"2018-07-26T12:41:16+00:00\",\"dateModified\":\"2026-03-03T20:00:14+00:00\",\"mainEntityOfPage\":{\"@id\":\"https:\\\/\\\/www.helvetibox.ch\\\/de\\\/helvetibox-n47-regionale-produkte-aus-dem-tessin\\\/\"},\"wordCount\":27,\"image\":{\"@id\":\"https:\\\/\\\/www.helvetibox.ch\\\/de\\\/helvetibox-n47-regionale-produkte-aus-dem-tessin\\\/#primaryimage\"},\"thumbnailUrl\":\"https:\\\/\\\/www.helvetibox.ch\\\/wp-content\\\/uploads\\\/2018\\\/07\\\/HelvetiBox_n47-TI.jpg\",\"articleSection\":[\"Box\",\"Box N\u00b047 - Tessin\"],\"inLanguage\":\"de\"},{\"@type\":\"WebPage\",\"@id\":\"https:\\\/\\\/www.helvetibox.ch\\\/de\\\/helvetibox-n47-regionale-produkte-aus-dem-tessin\\\/\",\"url\":\"https:\\\/\\\/www.helvetibox.ch\\\/de\\\/helvetibox-n47-regionale-produkte-aus-dem-tessin\\\/\",\"name\":\"HelvetiBox N\u00b047 - Regionale Produkte aus dem Tessin - HelvetiBox\",\"isPartOf\":{\"@id\":\"https:\\\/\\\/www.helvetibox.ch\\\/de\\\/#website\"},\"primaryImageOfPage\":{\"@id\":\"https:\\\/\\\/www.helvetibox.ch\\\/de\\\/helvetibox-n47-regionale-produkte-aus-dem-tessin\\\/#primaryimage\"},\"image\":{\"@id\":\"https:\\\/\\\/www.helvetibox.ch\\\/de\\\/helvetibox-n47-regionale-produkte-aus-dem-tessin\\\/#primaryimage\"},\"thumbnailUrl\":\"https:\\\/\\\/www.helvetibox.ch\\\/wp-content\\\/uploads\\\/2018\\\/07\\\/HelvetiBox_n47-TI.jpg\",\"datePublished\":\"2018-07-26T12:41:16+00:00\",\"dateModified\":\"2026-03-03T20:00:14+00:00\",\"author\":{\"@id\":\"https:\\\/\\\/www.helvetibox.ch\\\/de\\\/#\\\/schema\\\/person\\\/570a8ce46d2623290e963592e83b03a4\"},\"breadcrumb\":{\"@id\":\"https:\\\/\\\/www.helvetibox.ch\\\/de\\\/helvetibox-n47-regionale-produkte-aus-dem-tessin\\\/#breadcrumb\"},\"inLanguage\":\"de\",\"potentialAction\":[{\"@type\":\"ReadAction\",\"target\":[\"https:\\\/\\\/www.helvetibox.ch\\\/de\\\/helvetibox-n47-regionale-produkte-aus-dem-tessin\\\/\"]}]},{\"@type\":\"ImageObject\",\"inLanguage\":\"de\",\"@id\":\"https:\\\/\\\/www.helvetibox.ch\\\/de\\\/helvetibox-n47-regionale-produkte-aus-dem-tessin\\\/#primaryimage\",\"url\":\"https:\\\/\\\/www.helvetibox.ch\\\/wp-content\\\/uploads\\\/2018\\\/07\\\/HelvetiBox_n47-TI.jpg\",\"contentUrl\":\"https:\\\/\\\/www.helvetibox.ch\\\/wp-content\\\/uploads\\\/2018\\\/07\\\/HelvetiBox_n47-TI.jpg\",\"width\":1920,\"height\":1280},{\"@type\":\"BreadcrumbList\",\"@id\":\"https:\\\/\\\/www.helvetibox.ch\\\/de\\\/helvetibox-n47-regionale-produkte-aus-dem-tessin\\\/#breadcrumb\",\"itemListElement\":[{\"@type\":\"ListItem\",\"position\":1,\"name\":\"Accueil\",\"item\":\"https:\\\/\\\/www.helvetibox.ch\\\/de\\\/homepage\\\/\"},{\"@type\":\"ListItem\",\"position\":2,\"name\":\"HelvetiBox N\u00b047 &#8211; Regionale Produkte aus dem Tessin\"}]},{\"@type\":\"WebSite\",\"@id\":\"https:\\\/\\\/www.helvetibox.ch\\\/de\\\/#website\",\"url\":\"https:\\\/\\\/www.helvetibox.ch\\\/de\\\/\",\"name\":\"HelvetiBox\",\"description\":\"Eine Gourmetreise durch die Schweiz \",\"potentialAction\":[{\"@type\":\"SearchAction\",\"target\":{\"@type\":\"EntryPoint\",\"urlTemplate\":\"https:\\\/\\\/www.helvetibox.ch\\\/de\\\/?s={search_term_string}\"},\"query-input\":{\"@type\":\"PropertyValueSpecification\",\"valueRequired\":true,\"valueName\":\"search_term_string\"}}],\"inLanguage\":\"de\"},{\"@type\":\"Person\",\"@id\":\"https:\\\/\\\/www.helvetibox.ch\\\/de\\\/#\\\/schema\\\/person\\\/570a8ce46d2623290e963592e83b03a4\",\"name\":\"Florian Corth\u00e9sy\",\"image\":{\"@type\":\"ImageObject\",\"inLanguage\":\"de\",\"@id\":\"https:\\\/\\\/secure.gravatar.com\\\/avatar\\\/25feb37f6f232bcff3b90c1032c68ca8b1ad55c1c90c8cc3d77f08e7bbf4224a?s=96&d=mm&r=g\",\"url\":\"https:\\\/\\\/secure.gravatar.com\\\/avatar\\\/25feb37f6f232bcff3b90c1032c68ca8b1ad55c1c90c8cc3d77f08e7bbf4224a?s=96&d=mm&r=g\",\"contentUrl\":\"https:\\\/\\\/secure.gravatar.com\\\/avatar\\\/25feb37f6f232bcff3b90c1032c68ca8b1ad55c1c90c8cc3d77f08e7bbf4224a?s=96&d=mm&r=g\",\"caption\":\"Florian Corth\u00e9sy\"}}]}<\/script>\n<!-- \/ Yoast SEO plugin. -->","yoast_head_json":{"title":"HelvetiBox N\u00b047 - Regionale Produkte aus dem Tessin - HelvetiBox","robots":{"index":"index","follow":"follow","max-snippet":"max-snippet:-1","max-image-preview":"max-image-preview:large","max-video-preview":"max-video-preview:-1"},"canonical":"https:\/\/www.helvetibox.ch\/de\/helvetibox-n47-regionale-produkte-aus-dem-tessin\/","og_locale":"de_DE","og_type":"article","og_title":"HelvetiBox N\u00b047 - Regionale Produkte aus dem Tessin - HelvetiBox","og_url":"https:\/\/www.helvetibox.ch\/de\/helvetibox-n47-regionale-produkte-aus-dem-tessin\/","og_site_name":"HelvetiBox","article_publisher":"http:\/\/www.facebook.com\/helvetibox","article_published_time":"2018-07-26T12:41:16+00:00","article_modified_time":"2026-03-03T20:00:14+00:00","og_image":[{"width":1920,"height":1280,"url":"https:\/\/www.helvetibox.ch\/wp-content\/uploads\/2018\/07\/HelvetiBox_n47-TI.jpg","type":"image\/jpeg"}],"author":"Florian Corth\u00e9sy","schema":{"@context":"https:\/\/schema.org","@graph":[{"@type":"Article","@id":"https:\/\/www.helvetibox.ch\/de\/helvetibox-n47-regionale-produkte-aus-dem-tessin\/#article","isPartOf":{"@id":"https:\/\/www.helvetibox.ch\/de\/helvetibox-n47-regionale-produkte-aus-dem-tessin\/"},"author":{"name":"Florian Corth\u00e9sy","@id":"https:\/\/www.helvetibox.ch\/de\/#\/schema\/person\/570a8ce46d2623290e963592e83b03a4"},"headline":"HelvetiBox N\u00b047 &#8211; Regionale Produkte aus dem Tessin","datePublished":"2018-07-26T12:41:16+00:00","dateModified":"2026-03-03T20:00:14+00:00","mainEntityOfPage":{"@id":"https:\/\/www.helvetibox.ch\/de\/helvetibox-n47-regionale-produkte-aus-dem-tessin\/"},"wordCount":27,"image":{"@id":"https:\/\/www.helvetibox.ch\/de\/helvetibox-n47-regionale-produkte-aus-dem-tessin\/#primaryimage"},"thumbnailUrl":"https:\/\/www.helvetibox.ch\/wp-content\/uploads\/2018\/07\/HelvetiBox_n47-TI.jpg","articleSection":["Box","Box N\u00b047 - Tessin"],"inLanguage":"de"},{"@type":"WebPage","@id":"https:\/\/www.helvetibox.ch\/de\/helvetibox-n47-regionale-produkte-aus-dem-tessin\/","url":"https:\/\/www.helvetibox.ch\/de\/helvetibox-n47-regionale-produkte-aus-dem-tessin\/","name":"HelvetiBox N\u00b047 - Regionale Produkte aus dem Tessin - HelvetiBox","isPartOf":{"@id":"https:\/\/www.helvetibox.ch\/de\/#website"},"primaryImageOfPage":{"@id":"https:\/\/www.helvetibox.ch\/de\/helvetibox-n47-regionale-produkte-aus-dem-tessin\/#primaryimage"},"image":{"@id":"https:\/\/www.helvetibox.ch\/de\/helvetibox-n47-regionale-produkte-aus-dem-tessin\/#primaryimage"},"thumbnailUrl":"https:\/\/www.helvetibox.ch\/wp-content\/uploads\/2018\/07\/HelvetiBox_n47-TI.jpg","datePublished":"2018-07-26T12:41:16+00:00","dateModified":"2026-03-03T20:00:14+00:00","author":{"@id":"https:\/\/www.helvetibox.ch\/de\/#\/schema\/person\/570a8ce46d2623290e963592e83b03a4"},"breadcrumb":{"@id":"https:\/\/www.helvetibox.ch\/de\/helvetibox-n47-regionale-produkte-aus-dem-tessin\/#breadcrumb"},"inLanguage":"de","potentialAction":[{"@type":"ReadAction","target":["https:\/\/www.helvetibox.ch\/de\/helvetibox-n47-regionale-produkte-aus-dem-tessin\/"]}]},{"@type":"ImageObject","inLanguage":"de","@id":"https:\/\/www.helvetibox.ch\/de\/helvetibox-n47-regionale-produkte-aus-dem-tessin\/#primaryimage","url":"https:\/\/www.helvetibox.ch\/wp-content\/uploads\/2018\/07\/HelvetiBox_n47-TI.jpg","contentUrl":"https:\/\/www.helvetibox.ch\/wp-content\/uploads\/2018\/07\/HelvetiBox_n47-TI.jpg","width":1920,"height":1280},{"@type":"BreadcrumbList","@id":"https:\/\/www.helvetibox.ch\/de\/helvetibox-n47-regionale-produkte-aus-dem-tessin\/#breadcrumb","itemListElement":[{"@type":"ListItem","position":1,"name":"Accueil","item":"https:\/\/www.helvetibox.ch\/de\/homepage\/"},{"@type":"ListItem","position":2,"name":"HelvetiBox N\u00b047 &#8211; Regionale Produkte aus dem Tessin"}]},{"@type":"WebSite","@id":"https:\/\/www.helvetibox.ch\/de\/#website","url":"https:\/\/www.helvetibox.ch\/de\/","name":"HelvetiBox","description":"Eine Gourmetreise durch die Schweiz ","potentialAction":[{"@type":"SearchAction","target":{"@type":"EntryPoint","urlTemplate":"https:\/\/www.helvetibox.ch\/de\/?s={search_term_string}"},"query-input":{"@type":"PropertyValueSpecification","valueRequired":true,"valueName":"search_term_string"}}],"inLanguage":"de"},{"@type":"Person","@id":"https:\/\/www.helvetibox.ch\/de\/#\/schema\/person\/570a8ce46d2623290e963592e83b03a4","name":"Florian Corth\u00e9sy","image":{"@type":"ImageObject","inLanguage":"de","@id":"https:\/\/secure.gravatar.com\/avatar\/25feb37f6f232bcff3b90c1032c68ca8b1ad55c1c90c8cc3d77f08e7bbf4224a?s=96&d=mm&r=g","url":"https:\/\/secure.gravatar.com\/avatar\/25feb37f6f232bcff3b90c1032c68ca8b1ad55c1c90c8cc3d77f08e7bbf4224a?s=96&d=mm&r=g","contentUrl":"https:\/\/secure.gravatar.com\/avatar\/25feb37f6f232bcff3b90c1032c68ca8b1ad55c1c90c8cc3d77f08e7bbf4224a?s=96&d=mm&r=g","caption":"Florian Corth\u00e9sy"}}]}},"_links":{"self":[{"href":"https:\/\/www.helvetibox.ch\/de\/wp-json\/wp\/v2\/posts\/20954","targetHints":{"allow":["GET"]}}],"collection":[{"href":"https:\/\/www.helvetibox.ch\/de\/wp-json\/wp\/v2\/posts"}],"about":[{"href":"https:\/\/www.helvetibox.ch\/de\/wp-json\/wp\/v2\/types\/post"}],"author":[{"embeddable":true,"href":"https:\/\/www.helvetibox.ch\/de\/wp-json\/wp\/v2\/users\/329"}],"replies":[{"embeddable":true,"href":"https:\/\/www.helvetibox.ch\/de\/wp-json\/wp\/v2\/comments?post=20954"}],"version-history":[{"count":1,"href":"https:\/\/www.helvetibox.ch\/de\/wp-json\/wp\/v2\/posts\/20954\/revisions"}],"predecessor-version":[{"id":27397686,"href":"https:\/\/www.helvetibox.ch\/de\/wp-json\/wp\/v2\/posts\/20954\/revisions\/27397686"}],"wp:featuredmedia":[{"embeddable":true,"href":"https:\/\/www.helvetibox.ch\/de\/wp-json\/wp\/v2\/media\/20941"}],"wp:attachment":[{"href":"https:\/\/www.helvetibox.ch\/de\/wp-json\/wp\/v2\/media?parent=20954"}],"wp:term":[{"taxonomy":"category","embeddable":true,"href":"https:\/\/www.helvetibox.ch\/de\/wp-json\/wp\/v2\/categories?post=20954"},{"taxonomy":"post_tag","embeddable":true,"href":"https:\/\/www.helvetibox.ch\/de\/wp-json\/wp\/v2\/tags?post=20954"},{"taxonomy":"dipi_cpt_category","embeddable":true,"href":"https:\/\/www.helvetibox.ch\/de\/wp-json\/wp\/v2\/dipi_cpt_category?post=20954"}],"curies":[{"name":"wp","href":"https:\/\/api.w.org\/{rel}","templated":true}]}}