{"id":21019,"date":"2018-08-20T15:39:38","date_gmt":"2018-08-20T13:39:38","guid":{"rendered":"http:\/\/www.helvetibox.ch\/?p=21019"},"modified":"2026-03-03T21:00:17","modified_gmt":"2026-03-03T20:00:17","slug":"helvetibox-n48-regionale-produkte-aus-neuenburg","status":"publish","type":"post","link":"https:\/\/www.helvetibox.ch\/de\/helvetibox-n48-regionale-produkte-aus-neuenburg\/","title":{"rendered":"HelvetiBox N\u00b048 &#8211; Regionale Produkte aus Neuenburg"},"content":{"rendered":"<div class=\"et_pb_section_0 et_pb_section et_section_regular et_block_section\"><div class=\"et_pb_row_0 et_pb_row et_block_row\"><div class=\"et_pb_column_0 et_pb_column et_pb_column_4_4 et-last-child et_block_column et_pb_css_mix_blend_mode_passthrough\"><div class=\"et_pb_module et_d4_element et_pb_post_title et_pb_post_title_12 et_pb_bg_layout_light  et_pb_text_align_center\"   >\n\t\t\t\t\n\t\t\t\t\n\t\t\t\t\n\t\t\t\t\n\t\t\t\t\n\t\t\t\t<div class=\"et_pb_title_container\">\n\t\t\t\t\t<h1 class=\"entry-title\">HelvetiBox N\u00b048 &#8211; Regionale Produkte aus Neuenburg<\/h1>\n\t\t\t\t<\/div>\n\t\t\t\t\n\t\t\t<\/div><\/div><\/div><div class=\"et_pb_row_1 et_pb_row et_block_row\"><div class=\"et_pb_column_1 et_pb_column et_pb_column_3_4 et_block_column et_pb_css_mix_blend_mode_passthrough\"><div class=\"et_pb_text_0 et_pb_text et_pb_bg_layout_light et_pb_module et_block_module\"><div class=\"et_pb_text_inner\"><p>Sie entdecken gerade die 48. HelvetiBox. Seit vier Jahren \u00fcberraschen wir jeden Monat Liebhaber aus dem ganzen Land mit regionalen Spezialit\u00e4ten. Der erste Kanton, den wir Ihnen im September 2014 gezeigt haben, war Neuenburg. Von unserem dritten Besuch haben wir nun 5 Produkte f\u00fcr Sie mitgebracht.<\/p>\n<p>F\u00fcr diejenigen unter Ihnen, die oft sehns\u00fcchtig auf den Ap\u00e9ro warten: Sie werden vor allem unser Gelee aus dem Val-de-Travers sch\u00e4tzen. Was in Neuenburg sicher nicht fehlt sind Nadelb\u00e4ume. Ein Metzger vom oberen Teil des Kantons hatte die Idee, eine &#8222;dornige&#8220; Variante der ber\u00fchmten Neuenburger Wurst herzustellen. Ein Absinth-Destillateur verwendet seine Destillierkolben, um einen einzigartigen alkoholfreien Sirup herzustellen. Um die Liebhaber des f\u00fcr einst 94 Jahre verbotenen Getr\u00e4nks nicht zu frustrieren, finden Sie hier eine hochwertige Mignonette \u2013 probieren Sie sie gek\u00fchlt oder verwenden Sie sie zum W\u00fcrzen verschiedener Gerichte. Schliesslich, weil man sich nicht nur auf Produkte aus der Region beschr\u00e4nken sollte, werden Sie die made-in-Neuenburg-Variante von Tapenade entdecken.<\/p>\n<\/div><\/div><\/div><div class=\"et_pb_column_2 et_pb_column et_pb_column_1_4 et-last-child et_block_column et_pb_css_mix_blend_mode_passthrough\"><div class=\"et_pb_image_0 et_pb_image et_animated et_pb_module et_block_module\"><a href=\"https:\/\/fr.wikipedia.org\/wiki\/Canton_de_Neuch%C3%A2tel\"><span class=\"et_pb_image_wrap\"><img loading=\"lazy\" decoding=\"async\" src=\"http:\/\/www.helvetibox.ch\/wp-content\/uploads\/2017\/02\/armoirie-neuchatel.png\" width=\"406\" height=\"493\" srcset=\"https:\/\/www.helvetibox.ch\/wp-content\/uploads\/2017\/02\/armoirie-neuchatel.png 406w, https:\/\/www.helvetibox.ch\/wp-content\/uploads\/2017\/02\/armoirie-neuchatel-247x300.png 247w\" sizes=\"(max-width: 406px) 100vw, 406px\" class=\"wp-image-18719\" title=\"Blason canton Neuch\u00e2tel (Image Wikimedia Commons)\" alt=\"Blason canton Neuch\u00e2tel (Image Wikimedia Commons)\" \/><\/span><\/a><\/div><div class=\"et_pb_image_1 et_pb_image et_animated et_pb_module et_block_module\"><a href=\"https:\/\/fr.wikipedia.org\/wiki\/Canton_de_Neuch%C3%A2tel#\/media\/File:Switzerland_Locator_Map_NE.svg\" target=\"_blank\"><span class=\"et_pb_image_wrap\"><img loading=\"lazy\" decoding=\"async\" src=\"http:\/\/www.helvetibox.ch\/wp-content\/uploads\/2017\/02\/Switzerland_Locator_Map_NE.svg_.png\" width=\"280\" height=\"198\" sizes=\"(max-width: 280px) 100vw, 280px\" class=\"wp-image-18721\" title=\"Carte de la Suisse (Neuch\u00e2tel) (image Wikimedia Commons Poulpy)\" alt=\"Carte de la Suisse (Neuch\u00e2tel) (image Wikimedia Commons Poulpy)\" \/><\/span><\/a><\/div><\/div><\/div><div class=\"et_pb_row_2 et_pb_row et_block_row\"><div class=\"et_pb_column_3 et_pb_column et_pb_column_4_4 et-last-child et_block_column et_pb_css_mix_blend_mode_passthrough\"><div class=\"et_pb_post_slider_0 et_pb_post_slider et_pb_bg_layout_dark et_pb_slider et_pb_slider_fullwidth_off et_pb_post_slider_image_background et_pb_slider_with_overlay et_pb_module et_block_module\"><div class=\"et_pb_slides\"><div class=\"et_pb_slide et_pb_post_slide-12718\" style=\"background-image:url(https:\/\/www.helvetibox.ch\/wp-content\/uploads\/2014\/09\/box-neuenburg-helvetibox.jpg)\"><div class=\"et_pb_slide_overlay_container\"><\/div><div class=\"et_pb_container clearfix\"><div class=\"et_pb_slider_container_inner\"><div class=\"et_pb_slide_description\"><h2 class=\"et_pb_slide_title\"><a href=\"https:\/\/www.helvetibox.ch\/de\/helvetibox-n1-regionale-produkte-aus-neuenburg\/\">HelvetiBox n\u00b01 \u2013 Regionale Produkte aus Neuenburg<\/a><\/h2><div class=\"et_pb_slide_content\"><div class=\"et_pb_slide_content_body\"><p>Im September 2014 pr\u00e4sentiert die HelvetiBox die regionalen Produkte aus Neuenburg: Truffes \u00e0 l\u2019\u0152il-de-Perdrix, Wodey-Suchard, Neuch\u00e2tel Cr\u00e8me de caramel au sel des Alpes, Cr\u00e8me Renversante, Les Ponts-de-Martel Sirop de Dents-de-Lion, Le Panier de la F\u00e9e, Le Sapel&#8230;<\/p>\n<\/div><\/div><div class=\"et_pb_button_wrapper\"><a class=\"et_pb_button et_pb_more_button\" href=\"https:\/\/www.helvetibox.ch\/de\/helvetibox-n1-regionale-produkte-aus-neuenburg\/\">weiterlesen<\/a><\/div><\/div><\/div><\/div><\/div><div class=\"et_pb_slide et_pb_post_slide-12710\" style=\"background-image:url(https:\/\/www.helvetibox.ch\/wp-content\/uploads\/2014\/10\/HB_Box2_ZH_v.1_opt.jpg)\"><div class=\"et_pb_slide_overlay_container\"><\/div><div class=\"et_pb_container clearfix\"><div class=\"et_pb_slider_container_inner\"><div class=\"et_pb_slide_description\"><h2 class=\"et_pb_slide_title\"><a href=\"https:\/\/www.helvetibox.ch\/de\/helvetibox-n2-regionale-produkte-aus-zuerich\/\">HelvetiBox n\u00b02 \u2013 Regionale Produkte aus Z\u00fcrich<\/a><\/h2><div class=\"et_pb_slide_content\"><div class=\"et_pb_slide_content_body\"><p>HelvetiBox n\u00b02 \u2013 Regionale Produkte aus Z\u00fcrich Im Oktober 2014 pr\u00e4sentiert die HelvetiBox die regionalen Produkte aus Z\u00fcrich: Tirggel, Honegger Tirggel, Wald Schoggiw\u00fcrfel, MiniShoggi.ch, Hirzel Bio Pesto K\u00fcrbis Curry, Nudelwerkstatt,\u00a0Wetzikon Sorrel, Zobo, Z\u00fcrich&#8230;<\/p>\n<\/div><\/div><div class=\"et_pb_button_wrapper\"><a class=\"et_pb_button et_pb_more_button\" href=\"https:\/\/www.helvetibox.ch\/de\/helvetibox-n2-regionale-produkte-aus-zuerich\/\">weiterlesen<\/a><\/div><\/div><\/div><\/div><\/div><div class=\"et_pb_slide et_pb_post_slide-12702\" style=\"background-image:url(https:\/\/www.helvetibox.ch\/wp-content\/uploads\/2014\/11\/helvetiBox-produit-terroir-tessin-blog3.jpg)\"><div class=\"et_pb_slide_overlay_container\"><\/div><div class=\"et_pb_container clearfix\"><div class=\"et_pb_slider_container_inner\"><div class=\"et_pb_slide_description\"><h2 class=\"et_pb_slide_title\"><a href=\"https:\/\/www.helvetibox.ch\/de\/helvetibox-n3-regionale-produkte-aus-tessin\/\">HelvetiBox N\u00b03 \u2013 Regionale Produkte aus Tessin<\/a><\/h2><div class=\"et_pb_slide_content\"><div class=\"et_pb_slide_content_body\"><p>HelvetiBox N\u00b03 \u2013 Regionale Produkte aus Tessin Im November 2014 pr\u00e4sentiert die HelvetiBox die regionalen Produkte aus Tessin: Salsa Ticino Rustica, Orticola Bassi, Sant\u2019Antonino Marmellata di castagne, Nicoletta Zacchi, Lodrino Miele di castagno Bio, Fausto&#8230;<\/p>\n<\/div><\/div><div class=\"et_pb_button_wrapper\"><a class=\"et_pb_button et_pb_more_button\" href=\"https:\/\/www.helvetibox.ch\/de\/helvetibox-n3-regionale-produkte-aus-tessin\/\">weiterlesen<\/a><\/div><\/div><\/div><\/div><\/div><div class=\"et_pb_slide et_pb_post_slide-11457\" style=\"background-image:url(https:\/\/www.helvetibox.ch\/wp-content\/uploads\/2014\/11\/image-AGRI.jpg)\"><div class=\"et_pb_slide_overlay_container\"><\/div><div class=\"et_pb_container clearfix\"><div class=\"et_pb_slider_container_inner\"><div class=\"et_pb_slide_description\"><h2 class=\"et_pb_slide_title\"><a href=\"https:\/\/www.helvetibox.ch\/de\/agri-28-octobre-2014-surprises-du-terroir-mises-en-boites\/\">Agri &#8211; 28 octobre 2014 &#8211; Surprises du terroir mises en bo\u00eetes<\/a><\/h2><div class=\"et_pb_slide_content\"><div class=\"et_pb_slide_content_body\"><p>&nbsp; &#8222;HelvetiBox &#8211; Surprises du terroir mises en bo\u00eetes&#8220; &#8211; 28.11.2014 &#8211; N\u00b048 &#8211; p.30. Par\u00a0R\u00e9ane Ahmad. Agri &#8211;\u00a0www.agrihebdo.ch &nbsp; &nbsp;<\/p>\n<\/div><\/div><div class=\"et_pb_button_wrapper\"><a class=\"et_pb_button et_pb_more_button\" href=\"https:\/\/www.helvetibox.ch\/de\/agri-28-octobre-2014-surprises-du-terroir-mises-en-boites\/\">weiterlesen<\/a><\/div><\/div><\/div><\/div><\/div><div class=\"et_pb_slide et_pb_post_slide-12689\" style=\"background-image:url(https:\/\/www.helvetibox.ch\/wp-content\/uploads\/2014\/12\/HelvetiBox_box-panier-garnis-Schwyz.jpg)\"><div class=\"et_pb_slide_overlay_container\"><\/div><div class=\"et_pb_container clearfix\"><div class=\"et_pb_slider_container_inner\"><div class=\"et_pb_slide_description\"><h2 class=\"et_pb_slide_title\"><a href=\"https:\/\/www.helvetibox.ch\/de\/helvetibox-n4-regionale-produkte-aus-schwyz\/\">HelvetiBox N\u00b04 \u2013 Regionale Produkte aus Schwyz<\/a><\/h2><div class=\"et_pb_slide_content\"><div class=\"et_pb_slide_content_body\"><p>HelvetiBox N\u00b04 \u2013 Regionale Produkte aus Schwyz Im Dezember 2014 pr\u00e4sentiert die HelvetiBox die regionalen Produkte aus Schwyz: 3er Spezialit\u00e4t, Goldapfel, Einsiedeln Rinderheu, Heinzer Metzgerei, Muotathal Bauernspeck, Heinzer Metzgerei, Muotathal Chr\u00fctli Polenta im&#8230;<\/p>\n<\/div><\/div><div class=\"et_pb_button_wrapper\"><a class=\"et_pb_button et_pb_more_button\" href=\"https:\/\/www.helvetibox.ch\/de\/helvetibox-n4-regionale-produkte-aus-schwyz\/\">weiterlesen<\/a><\/div><\/div><\/div><\/div><\/div><div class=\"et_pb_slide et_pb_post_slide-12685\" style=\"background-image:url(https:\/\/www.helvetibox.ch\/wp-content\/uploads\/2015\/01\/helvetibox-gen\u00e8ve-produit-du-terroir-genevois.jpg)\"><div class=\"et_pb_slide_overlay_container\"><\/div><div class=\"et_pb_container clearfix\"><div class=\"et_pb_slider_container_inner\"><div class=\"et_pb_slide_description\"><h2 class=\"et_pb_slide_title\"><a href=\"https:\/\/www.helvetibox.ch\/de\/helvetibox-n5-regionale-produkte-aus-genf\/\">HelvetiBox N\u00b05 \u2013 Regionale Produkte aus Genf<\/a><\/h2><div class=\"et_pb_slide_content\"><div class=\"et_pb_slide_content_body\"><p>HelvetiBox N\u00b05 \u2013 Regionale Produkte aus Genf Im Januar 2015 pr\u00e4sentiert die HelvetiBox die regionalen Produkte aus Genf: Longeole IGP, Andr\u00e9 Vidonne, Carouge Cardon \u00e9pineux argent\u00e9 de Plainpalais AOP, Boehm, Grand-Lancy Lentilles vertes d\u2019Athenaz, Samuel Terrier,&#8230;<\/p>\n<\/div><\/div><div class=\"et_pb_button_wrapper\"><a class=\"et_pb_button et_pb_more_button\" href=\"https:\/\/www.helvetibox.ch\/de\/helvetibox-n5-regionale-produkte-aus-genf\/\">weiterlesen<\/a><\/div><\/div><\/div><\/div><\/div><div class=\"et_pb_slide et_pb_post_slide-12669\" style=\"background-image:url(https:\/\/www.helvetibox.ch\/wp-content\/uploads\/2015\/02\/helvetibox_n6_produits-du-terroir-B\u00e2le-BL-BS.jpg)\"><div class=\"et_pb_slide_overlay_container\"><\/div><div class=\"et_pb_container clearfix\"><div class=\"et_pb_slider_container_inner\"><div class=\"et_pb_slide_description\"><h2 class=\"et_pb_slide_title\"><a href=\"https:\/\/www.helvetibox.ch\/de\/helvetibox-n6-regionale-produkte-aus-basel\/\">HelvetiBox N\u00b06 \u2013 Regionale Produkte aus Basel<\/a><\/h2><div class=\"et_pb_slide_content\"><div class=\"et_pb_slide_content_body\"><p>HelvetiBox N\u00b06 \u2013 Regionale Produkte aus Basel Im Februar 2015 pr\u00e4sentiert die HelvetiBox die regionalen Produkte aus Basel: R\u00e4ppli Tee, London Tea, M\u00fcnchenstein BL Fasnachtsbier \u00ab\u00a0Drummler\u00a0\u00bb, Unser Bier, BL Prune d\u2019Or, Posamenter, Wenslingen BL Zwetschgenl\u00e4ckerli,&#8230;<\/p>\n<\/div><\/div><div class=\"et_pb_button_wrapper\"><a class=\"et_pb_button et_pb_more_button\" href=\"https:\/\/www.helvetibox.ch\/de\/helvetibox-n6-regionale-produkte-aus-basel\/\">weiterlesen<\/a><\/div><\/div><\/div><\/div><\/div><div class=\"et_pb_slide et_pb_post_slide-11456\" style=\"background-image:url(https:\/\/www.helvetibox.ch\/wp-content\/uploads\/2015\/02\/logo-le-cafetier.png)\"><div class=\"et_pb_slide_overlay_container\"><\/div><div class=\"et_pb_container clearfix\"><div class=\"et_pb_slider_container_inner\"><div class=\"et_pb_slide_description\"><h2 class=\"et_pb_slide_title\"><a href=\"https:\/\/www.helvetibox.ch\/de\/le-cafetier-un-peu-de-cantons-en-boite\/\">Le Cafetier | Un peu de cantons en bo\u00eete<\/a><\/h2><div class=\"et_pb_slide_content\"><div class=\"et_pb_slide_content_body\"><p>&#8222;Un peu de canton en bo\u00eete&#8220; &#8211; Le Cafetier n\u00b06 &#8211; 13.02.2014 Article en ligne. Par Benjamin Philippe. Le Cafetier &#8211; Journal des cafetiers, restaurateurs et hoteliers romands.\u00a0\u00a0&#8211;\u00a0www.lecafetier.ch<\/p>\n<\/div><\/div><div class=\"et_pb_button_wrapper\"><a class=\"et_pb_button et_pb_more_button\" href=\"https:\/\/www.helvetibox.ch\/de\/le-cafetier-un-peu-de-cantons-en-boite\/\">weiterlesen<\/a><\/div><\/div><\/div><\/div><\/div><div class=\"et_pb_slide et_pb_post_slide-11455\" style=\"background-image:url(https:\/\/www.helvetibox.ch\/wp-content\/uploads\/2015\/02\/logo_La_Libert\u00e9_Fribourg.png)\"><div class=\"et_pb_slide_overlay_container\"><\/div><div class=\"et_pb_container clearfix\"><div class=\"et_pb_slider_container_inner\"><div class=\"et_pb_slide_description\"><h2 class=\"et_pb_slide_title\"><a href=\"https:\/\/www.helvetibox.ch\/de\/la-liberte-helvetibox-met-la-suisse-en-boite\/\">La Libert\u00e9 | HelvetiBox met la Suisse en bo\u00eete<\/a><\/h2><div class=\"et_pb_slide_content\"><div class=\"et_pb_slide_content_body\"><p>&nbsp; &#8222;HelvetiBox met la Suisse en bo\u00eete&#8220; &#8211; La Libert\u00e9\u00a0&#8211; 23.02.2015 Par Francis Granget. La Libert\u00e9 &#8211; www.laliberte.ch &nbsp; &nbsp;<\/p>\n<\/div><\/div><div class=\"et_pb_button_wrapper\"><a class=\"et_pb_button et_pb_more_button\" href=\"https:\/\/www.helvetibox.ch\/de\/la-liberte-helvetibox-met-la-suisse-en-boite\/\">weiterlesen<\/a><\/div><\/div><\/div><\/div><\/div><div class=\"et_pb_slide et_pb_post_slide-2005\" style=\"background-image:url(https:\/\/www.helvetibox.ch\/wp-content\/uploads\/2015\/03\/HelvetiBox-n7-Appenzell_1200.jpg)\"><div class=\"et_pb_slide_overlay_container\"><\/div><div class=\"et_pb_container clearfix\"><div class=\"et_pb_slider_container_inner\"><div class=\"et_pb_slide_description\"><h2 class=\"et_pb_slide_title\"><a href=\"https:\/\/www.helvetibox.ch\/de\/helvetibox-n7-regionale-produkte-vom-appenzellerland\/\">HelvetiBox n\u00b07 &#8211; Regionale Produkte vom Appenzellerland<\/a><\/h2><div class=\"et_pb_slide_content\"><div class=\"et_pb_slide_content_body\"><p>Das Appenzellerland, zwischen dem Bodensee und dem S\u00e4ntis, kann fast von jedem seiner H\u00fcgel und Berge komplett \u00fcberschaut werden. Seit 1597 ist es geteilt in Innerrhoden (AI), den katholischen Teil, und Ausserrhoden (AR), den protestantischen Teil (\u201eRhoden\u201c bezie&hellip;<\/p>\n<\/div><\/div><div class=\"et_pb_button_wrapper\"><a class=\"et_pb_button et_pb_more_button\" href=\"https:\/\/www.helvetibox.ch\/de\/helvetibox-n7-regionale-produkte-vom-appenzellerland\/\">weiterlesen<\/a><\/div><\/div><\/div><\/div><\/div><\/div><\/div><\/div><\/div><\/div><div class=\"et_pb_section_1 et_pb_section et_section_regular et_block_section\"><div class=\"et_pb_row_3 et_pb_row et_pb_gutters3 et_block_row\"><div class=\"et_pb_column_4 et_pb_column et_pb_column_1_3 et_block_column et_pb_css_mix_blend_mode_passthrough\"><div class=\"et_pb_number_counter_0 et_pb_number_counter et_pb_bg_layout_light et_pb_text_align_center et_pb_with_title et_pb_module et_block_module\"><div class=\"percent\"><p><span class=\"percent-value\"><\/span><span class=\"percent-sign\"><\/span><\/p><\/div><h3 class=\"title\">PRODUKTE<\/h3><\/div><\/div><div class=\"et_pb_column_5 et_pb_column et_pb_column_1_3 et_block_column et_pb_css_mix_blend_mode_passthrough\"><div class=\"et_pb_text_1 et_pb_text et_pb_bg_layout_light et_pb_module et_block_module\"><div class=\"et_pb_text_inner\"><h1 style=\"text-align: center;\">Die HelvetiBox N\u00b048<\/h1>\n<h1 style=\"text-align: center;\">in Zahlen<\/h1>\n<\/div><\/div><\/div><div class=\"et_pb_column_6 et_pb_column et_pb_column_1_3 et-last-child et_block_column et_pb_css_mix_blend_mode_passthrough\"><div class=\"et_pb_number_counter_1 et_pb_number_counter et_pb_bg_layout_light et_pb_text_align_center et_pb_with_title et_pb_module et_block_module\"><div class=\"percent\"><p><span class=\"percent-value\"><\/span><span class=\"percent-sign\"><\/span><\/p><\/div><h3 class=\"title\">PRODUZENTEN<\/h3><\/div><\/div><\/div><\/div><div class=\"et_pb_section_2 et_pb_section et_section_regular et_block_section\"><div class=\"et_pb_row_4 et_pb_row et_block_row\"><div class=\"et_pb_column_7 et_pb_column et_pb_column_4_4 et-last-child et_block_column et_pb_css_mix_blend_mode_passthrough\"><div class=\"et_pb_text_2 et_pb_text et_pb_bg_layout_light et_pb_module et_block_module et_pb_text_align_justified\"><div class=\"et_pb_text_inner\"><h1 style=\"text-align: center;\">D\u00e9lice ros\u00e9 de Neuch\u00e2tel<\/h1>\n<h1 style=\"text-align: center;\"><b style=\"font-size: 16px; color: #666666; font-family: 'Open Sans', Arial, sans-serif;\">Au Grenier Gourmand, Travers<\/b><\/h1>\n<\/div><\/div><\/div><\/div><div class=\"et_pb_row_5 et_pb_row et_block_row\"><div class=\"et_pb_column_8 et_pb_column et_pb_column_4_4 et-last-child et_block_column et_pb_css_mix_blend_mode_passthrough\"><div class=\"et_pb_text_3 et_pb_text et_pb_bg_layout_light et_pb_module et_block_module\"><div class=\"et_pb_text_inner\"><p>L&#8217;\u0153il-de-Perdrix ist eine Neuenburger Weinspezialit\u00e4t. Dieser Ros\u00e9wein bezieht seinen Charakter und seine Finesse aus dem Pinot Noir, der nach einer bestimmten Methode gekeltert wird. Der Name l&#8217;oeil-de-Perdrix (dt.:Rebhuhnauge) kommt von der Farbe des Auges eines sterbenden Rebhuhns. Es ist ein Pinot Noir Ros\u00e9 mit wenigen Cuv\u00e9es. Die Entdeckung dieser besonderen Kelterung geht wahrscheinlich auf die Mitte des 19. Jahrhunderts zur\u00fcck. Der \u0153il-de-Perdrix war schon immer ein Exportprodukt aus Neuenburg in die Deutschschweiz, aber auch ins Tessin und die anderen franz\u00f6sischsprachigen Kantone. Andere Schweizer Weinbaugebiete waren mit diesem Import nicht zufrieden, kopierten aber die Produktionsmethoden und \u00fcbernahmen den Namen dieses Ros\u00e9. Am Ende des Zweiten Weltkrieges begann sich dieser Name in den Kantonen des Genfersees zu verbreiten. Als in der Schweiz endlich eine Ursprungsbezeichnung (Appellation d&#8217;Origine Contr\u00f4l\u00e9e) eingef\u00fchrt wurde, war es zu sp\u00e4t, dieser Bezeichnung eine kantonale Beschr\u00e4nkung zu geben, weshalb von Genf bis Sierre der \u0153il-de-Perdrix gekeltert wird.<\/p>\n<p>W\u00e4hrend dieser Sommerzeit ist er auf jeder Terrasse am Nordufer des Neuenburgersees zu finden. Daniel und Marie-Anne Givord hatten die Idee, daraus ein Gelee zu machen. So m\u00fcssen Sie nicht bis zum Aperitif warten, um die feinen Aromen des \u0153il-de-Perdrix zu geniessen! Hervorragend auf einer Scheibe Zopf, oder noch besser auf einem Neuenburger Tailaule (Rezept auf unserem Blog).<\/p>\n<p>&#8222;Au Grenier Gourmand&#8220; produziert hochwertige Produkte. Zum Beweis stehen ihre unz\u00e4hligen Medaillen beim Schweizerischen Wettbewerb der Produkte des Bodens. Nach einer Karriere in der Hotellerie gr\u00fcndete das Ehepaar &#8222;Au Grenier Gourmand&#8220; in Travers, wo es seine Leidenschaft f\u00fcr neue Geschmacksrichtungen und die Entwicklung lokaler Produkte verband. In dieser K\u00fcnstlerfamilie sind alle involviert, auch ihre vier Kinder und ihre Freunde, die hervorragende Verkoster und Assistenten sind.<\/p>\n<\/div><\/div><\/div><\/div><\/div><div class=\"et_pb_section_3 et_pb_section et_section_regular et_block_section\"><div class=\"et_pb_row_6 et_pb_row et_block_row\"><div class=\"et_pb_column_9 et_pb_column et_pb_column_4_4 et-last-child et_block_column et_pb_css_mix_blend_mode_passthrough\"><div class=\"et_pb_text_4 et_pb_text et_pb_bg_layout_light et_pb_module et_block_module et_pb_text_align_justified\"><div class=\"et_pb_text_inner\"><h1 style=\"text-align: center;\">Saucisson Neuch-\u00e0-moi<\/h1>\n<h1 style=\"text-align: center;\"><b style=\"font-size: 16px; color: #666666; font-family: 'Open Sans', Arial, sans-serif;\">Boucherie Centrale, La Chaux-de-Fonds<\/b><\/h1>\n<\/div><\/div><\/div><\/div><div class=\"et_pb_row_7 et_pb_row et_block_row\"><div class=\"et_pb_column_10 et_pb_column et_pb_column_1_2 et_block_column et_pb_css_mix_blend_mode_passthrough\"><div class=\"et_pb_text_5 et_pb_text et_pb_bg_layout_light et_pb_module et_block_module\"><div class=\"et_pb_text_inner\"><p>Nach seinem Deb\u00fct in Le Locle leitet Claude-Alain Christen nun drei Metzgereien, eine in Le Locle und zwei weitere im Herzen von La Chaux-de-Fonds. Herr Christen besch\u00e4ftigt zwischen 18 und 20 Mitarbeiter und hat sich in der gesamten Neuenburger Bergregion und auch \u00fcber die Grenzen hinaus einen Namen gemacht. Nach Ansicht des Metzgers und Kochs sollte ein Chef die verschiedenen Stufen seines Handwerks gr\u00fcndlich und unweigerlich kennen und beherrschen. Der Erfolg gibt ihm Recht. Die Metzgerei Centrale ist die einzige im Kanton, die beim letzten Branchenwettbewerb Medaillen erhalten hat!<\/p>\n<p>Die Neuch-\u00e0-moi Wurst wurde mit Gold gekr\u00f6nt. Sie ist eine Verwandte der Saucisson neuch\u00e2telois IGP (Neuenburger Wurst). Ihre Besonderheit ist, dass sie mit Tannennadeln parf\u00fcmiert ist. Keine Panik, die Tannennadeln werden nicht in das Wurstfleisch gesteckt. Sie m\u00fcssen zuerst einzeln von Hand gepfl\u00fcckt werden (sie stammen aus dem Garten von Claude-Alain Christen), dann durchlaufen sie einen geheimen Prozess \u2013 mit einem Monat Reifezeit.<\/p>\n<p>Um sie zu geniessen, sollte die Wurst in sehr heissem, aber nicht kochendem Wasser (75\u00b0C) f\u00fcr ca. 30 Minuten gekocht werden. Lassen Sie die Wurst vor dem Schneiden einen Moment auf dem Schneidebrett liegen. Vor dem Schneiden der ersten Scheibe den Schlauch mit der Messerspitze auf der Seite des Brettes einstechen, um den Druck zu verringern. Sie wird heiss oder kalt serviert. Im Sommer empfehlen wir Ihnen jedoch, sie auf Sommerart zuzubereiten. Einfach in Alufolie einwickeln und mit Glut bedecken. Ca. 40 Minuten kochen lassen.<\/p>\n<\/div><\/div><\/div><div class=\"et_pb_column_11 et_pb_column et_pb_column_1_2 et-last-child et_block_column et_pb_css_mix_blend_mode_passthrough\"><div class=\"et_pb_image_2 et_pb_image et_pb_module et_block_module\"><span class=\"et_pb_image_wrap\"><img loading=\"lazy\" decoding=\"async\" src=\"http:\/\/www.helvetibox.ch\/wp-content\/uploads\/2018\/08\/christen-boucherie-centrale-la-chaux-de-fonds.jpg\" width=\"411\" height=\"416\" srcset=\"https:\/\/www.helvetibox.ch\/wp-content\/uploads\/2018\/08\/christen-boucherie-centrale-la-chaux-de-fonds.jpg 411w, https:\/\/www.helvetibox.ch\/wp-content\/uploads\/2018\/08\/christen-boucherie-centrale-la-chaux-de-fonds-296x300.jpg 296w, https:\/\/www.helvetibox.ch\/wp-content\/uploads\/2018\/08\/christen-boucherie-centrale-la-chaux-de-fonds-100x100.jpg 100w\" sizes=\"(max-width: 411px) 100vw, 411px\" class=\"wp-image-21009\" title=\"Claude-Alain Christen Boucherie Centrale La Chaux-de-Fonds\" alt=\"Claude-Alain Christen Boucherie Centrale La Chaux-de-Fonds\" \/><\/span><\/div><\/div><\/div><\/div><div class=\"et_pb_section_4 et_pb_section et_section_regular et_block_section\"><div class=\"et_pb_row_8 et_pb_row et_block_row\"><div class=\"et_pb_column_12 et_pb_column et_pb_column_4_4 et-last-child et_block_column et_pb_css_mix_blend_mode_passthrough\"><div class=\"et_pb_text_6 et_pb_text et_pb_bg_layout_light et_pb_module et_block_module et_pb_text_align_justified\"><div class=\"et_pb_text_inner\"><h1 style=\"text-align: center;\">Blackmint Sirop \u00e0 la menthe poivr\u00e9e<\/h1>\n<h1 style=\"text-align: center;\"><b style=\"font-size: 16px; color: #666666; font-family: 'Open Sans', Arial, sans-serif;\">Distillerie Blackmint, M\u00f4tiers<\/b><\/h1>\n<\/div><\/div><\/div><\/div><div class=\"et_pb_row_9 et_pb_row et_block_row\"><div class=\"et_pb_column_13 et_pb_column et_pb_column_1_2 et_block_column et_pb_css_mix_blend_mode_passthrough\"><div class=\"et_pb_text_7 et_pb_text et_pb_bg_layout_light et_pb_module et_block_module\"><div class=\"et_pb_text_inner\"><p>Seit 1863 produziert die Firma Blackmint K\u00fcbler Absinth, eine der bekanntesten Marken. Im Sortiment der alkoholischen Getr\u00e4nke finden wir einen \u00fcberraschend pfefferminzigen Sirup. Letzterer wird im September im Val-de-Travers geerntet. Anschliessend wird das \u00e4therische \u00d6l durch Destillation gewonnen. Dieses wird dann mit einer Basis aus Wasser und Zucker zu einem alkoholfreien Sirup vermischt. Um die Gl\u00e4ser sch\u00f6ner aussehen zu lassen, werden Farbstoffe verwendet. Der 1935 entstandene Sirup hatte w\u00e4hrend etwa zehn Jahren eine Produktionsunterbrechung. Um der Nachfrage vieler Kunden gerecht zu werden, entschied sich Yves K\u00fcbler, Urenkel des Gr\u00fcnders, im Jahr 2017, die Produktion wieder aufzunehmen.<\/p>\n<\/div><\/div><\/div><div class=\"et_pb_column_14 et_pb_column et_pb_column_1_2 et-last-child et_block_column et_pb_css_mix_blend_mode_passthrough\"><div class=\"et_pb_image_3 et_pb_image et_pb_module et_block_module\"><span class=\"et_pb_image_wrap\"><img loading=\"lazy\" decoding=\"async\" src=\"http:\/\/www.helvetibox.ch\/wp-content\/uploads\/2018\/08\/ambiance_sirop_blackmint.jpg\" width=\"1080\" height=\"1087\" srcset=\"https:\/\/www.helvetibox.ch\/wp-content\/uploads\/2018\/08\/ambiance_sirop_blackmint.jpg 1080w, https:\/\/www.helvetibox.ch\/wp-content\/uploads\/2018\/08\/ambiance_sirop_blackmint-150x150.jpg 150w, https:\/\/www.helvetibox.ch\/wp-content\/uploads\/2018\/08\/ambiance_sirop_blackmint-298x300.jpg 298w, https:\/\/www.helvetibox.ch\/wp-content\/uploads\/2018\/08\/ambiance_sirop_blackmint-768x773.jpg 768w, https:\/\/www.helvetibox.ch\/wp-content\/uploads\/2018\/08\/ambiance_sirop_blackmint-1017x1024.jpg 1017w, https:\/\/www.helvetibox.ch\/wp-content\/uploads\/2018\/08\/ambiance_sirop_blackmint-610x614.jpg 610w, https:\/\/www.helvetibox.ch\/wp-content\/uploads\/2018\/08\/ambiance_sirop_blackmint-510x513.jpg 510w, https:\/\/www.helvetibox.ch\/wp-content\/uploads\/2018\/08\/ambiance_sirop_blackmint-100x100.jpg 100w\" sizes=\"(max-width: 1080px) 100vw, 1080px\" class=\"wp-image-21006\" title=\"\u00a9 Blackmint\" alt=\"\u00a9 Blackmint\" \/><\/span><\/div><\/div><\/div><\/div><div class=\"et_pb_section_5 et_pb_section et_section_regular et_block_section\"><div class=\"et_pb_row_10 et_pb_row et_block_row\"><div class=\"et_pb_column_15 et_pb_column et_pb_column_4_4 et-last-child et_block_column et_pb_css_mix_blend_mode_passthrough\"><div class=\"et_pb_text_8 et_pb_text et_pb_bg_layout_light et_pb_module et_block_module et_pb_text_align_justified\"><div class=\"et_pb_text_inner\"><h1 style=\"text-align: center;\">Absinthe La Clandestine<\/h1>\n<h1 style=\"text-align: center;\"><b style=\"font-size: 16px; text-align: justify; color: #666666; font-family: 'Open Sans', Arial, sans-serif;\">Artemisia, Couvet<\/b><\/h1>\n<\/div><\/div><\/div><\/div><div class=\"et_pb_row_11 et_pb_row et_block_row\"><div class=\"et_pb_column_16 et_pb_column et_pb_column_1_2 et_block_column et_pb_css_mix_blend_mode_passthrough\"><div class=\"et_pb_text_9 et_pb_text et_pb_bg_layout_light et_pb_module et_block_module\"><div class=\"et_pb_text_inner\"><p>Neuenburger Terroir, bedeutet nat\u00fcrlich Absinth. Claude-Alain Bugnon begr\u00fcsst uns in Couvet im Val-de-Travers. Hier entstand in der zweiten H\u00e4lfte des 18. Jahrhunderts der erste Absinth. Von 1910 bis 2005 verboten, war Claude-Alain einer der ersten Schwarzbrenner, der sich zu erkennen gab, auch wenn der Name &#8222;Clandestine&#8220; (dt.: Schwarzarbeiter) blieb. Die Basis ist ein Rezept aus dem Jahr 1935 von einem damals bekannten Destillateur. Der Absinth gewann 2006 einen Absinth D&#8217;Or mit 19 von 20 Punkten und wird nun in der ganzen Welt gesch\u00e4tzt. Um ihn zu probieren, geben Sie die H\u00e4lfte der Flasche (2cl) in ein Glas und f\u00fcgen Sie zwischen 7cl und 10cl sehr frisches Wasser hinzu. Manche Leute m\u00f6gen es langsam Wasser auf einen Zuckerw\u00fcrfel zu geben, um ihn zu schmelzen, aber Claude-Alain bevorzugt Clandestine &#8222;nat\u00fcrlich&#8220;. Wir w\u00fcnschen Ihnen eine sch\u00f6ne Verkostung! F\u00fcr diejenigen, die dieses Getr\u00e4nk auf diese Weise nicht trinken m\u00f6chten, ist es die perfekte Erg\u00e4nzung zu Ihren Gerichten, wie unser Risotto-Rezept zu einer Neuenburger Wurst.<\/p>\n<p>Schauen Sie sich das Video auf Claude-Alain Bugnon an, es ist sehr interessant! Wenn Sie die franz\u00f6siche Sprache nicht verstehen, k\u00f6nnen Sie die maschinelle \u00dcbersetzung \u00fcber die Youtube-Video-Einstellungen ausw\u00e4hlen.<\/p>\n<\/div><\/div><\/div><div class=\"et_pb_column_17 et_pb_column et_pb_column_1_2 et-last-child et_block_column et_pb_css_mix_blend_mode_passthrough\"><div class=\"et_pb_video_0 et_pb_video et_pb_module et_block_module\"><div class=\"et_pb_video_box\"><iframe loading=\"lazy\" title=\"Distiller Claude-Alain Bugnon on Swiss TV\" width=\"1080\" height=\"608\" src=\"https:\/\/www.youtube.com\/embed\/1ny5hoUO2Ko?feature=oembed\"  allow=\"accelerometer; autoplay; clipboard-write; encrypted-media; gyroscope; picture-in-picture; web-share\" referrerpolicy=\"strict-origin-when-cross-origin\" allowfullscreen><\/iframe><\/div><\/div><\/div><\/div><\/div><div class=\"et_pb_section_6 et_pb_section et_section_regular et_block_section\"><div class=\"et_pb_row_12 et_pb_row et_block_row\"><div class=\"et_pb_column_18 et_pb_column et_pb_column_4_4 et-last-child et_block_column et_pb_css_mix_blend_mode_passthrough\"><div class=\"et_pb_text_10 et_pb_text et_pb_bg_layout_light et_pb_module et_block_module et_pb_text_align_justified\"><div class=\"et_pb_text_inner\"><h1 style=\"text-align: center;\"><span style=\"text-align: justify;\">Tapenade noire<\/span><\/h1>\n<h1 style=\"text-align: center;\"><b style=\"font-size: 16px; text-align: justify; color: #666666; font-family: 'Open Sans', Arial, sans-serif;\">Apis Distribution, Peseux<\/b><\/h1>\n<\/div><\/div><\/div><\/div><div class=\"et_pb_row_13 et_pb_row et_block_row\"><div class=\"et_pb_column_19 et_pb_column et_pb_column_4_4 et-last-child et_block_column et_pb_css_mix_blend_mode_passthrough\"><div class=\"et_pb_text_11 et_pb_text et_pb_bg_layout_light et_pb_module et_block_module\"><div class=\"et_pb_text_inner\"><p>Patrick Trachsel ist ein leidenschaftlicher Feinschmecker. Der Sohn eines Metzgers ist seit 18 Jahren Imker. Er wurde vor 15 Jahren selbstst\u00e4ndig und verkauft seitdem seine Produkte auf den M\u00e4rkten und Messen der Region. Er entwickelt st\u00e4ndig neue handgefertigte Produkte. Zwischen Senf, Marmelade, Aufstrichen, Essig oder S\u00fcssigkeiten liessen wir uns von der schwarzen Tapenade verf\u00fchren. Zu Olivenbasis kommen auch getrocknete Tomaten und Basilikum. F\u00fcr Ihren n\u00e4chsten Aperitif m\u00fcssen Sie diesen nur noch auf einer Scheibe Toast verteilen und schon sind Sie fertig.<\/p>\n<\/div><\/div><\/div><\/div><\/div><div class=\"et_pb_section_7 et_pb_section et_section_regular et_block_section\"><div class=\"et_pb_row_14 et_pb_row et_block_row\"><div class=\"et_pb_column_20 et_pb_column et_pb_column_4_4 et-last-child et_block_column et_pb_css_mix_blend_mode_passthrough\"><div class=\"et_pb_blurb_0 et_pb_blurb et_pb_bg_layout_light et_pb_text_align_center et_pb_blurb_position_top et_pb_module et_block_module\"><div class=\"et_pb_blurb_content\"><div class=\"et_pb_main_blurb_image\"><span class=\"et_pb_image_wrap\"><span class=\"et-pb-icon et-waypoint et_pb_animation_off et_pb_animation_off_tablet et_pb_animation_off_phone\">\ue01d<\/span><\/span><\/div><div class=\"et_pb_blurb_container\"><h4 class=\"et_pb_module_header\">Standort der Produzenten<\/h4><\/div><\/div><\/div><div class=\"et_pb_map_0 et_pb_map_container et_pb_module et_flex_module\" data-grayscale=\"\"><div class=\"et_pb_map\" data-center-lat=\"46.9899874\" data-center-lng=\"6.9292732\" data-zoom=\"10\" data-mouse-wheel=\"off\" data-mobile-dragging=\"on\"><\/div><div class=\"et_pb_map_pin_0 et_pb_map_pin\" data-lat=\"47.1039277\" data-lng=\"6.8317279\" data-title=\"Boucherie Centrale\"><h3 style=\"margin-top:10px\">Boucherie Centrale<\/h3><\/div><div class=\"et_pb_map_pin_1 et_pb_map_pin\" data-lat=\"46.9241159\" data-lng=\"6.6336428\" data-title=\"Artemisia\"><h3 style=\"margin-top:10px\">Artemisia<\/h3><\/div><div class=\"et_pb_map_pin_2 et_pb_map_pin\" data-lat=\"46.9889585\" data-lng=\"6.89738\" data-title=\"Apis Distribution\"><h3 style=\"margin-top:10px\">Apis Distribution<\/h3><\/div><div class=\"et_pb_map_pin_3 et_pb_map_pin\" data-lat=\"46.9121968\" data-lng=\"6.6145862\" data-title=\"Blackmint\"><h3 style=\"margin-top:10px\">Blackmint<\/h3><\/div><div class=\"et_pb_map_pin_4 et_pb_map_pin\" data-lat=\"46.9358333\" data-lng=\"6.6717545\" data-title=\"Au Grenier Gourmand\"><h3 style=\"margin-top:10px\">Au Grenier Gourmand<\/h3><\/div><\/div><\/div><\/div><div class=\"et_pb_row_15 et_pb_row et_block_row\"><div class=\"et_pb_column_21 et_pb_column et_pb_column_4_4 et-last-child et_block_column et_pb_css_mix_blend_mode_passthrough\"><div class=\"et_pb_slider_0 et_pb_slider et_pb_slider_fullwidth_off et_pb_module et_block_module\"><div class=\"et_pb_slides\"><div class=\"et_pb_slide_0 et_pb_slide et_pb_media_alignment_center et_pb_bg_layout_dark et_pb_text_align_center\" data-slide-id=\"divi\/slide-0\"><div class=\"et_pb_container\"><div class=\"et_pb_slider_container_inner\"><div class=\"et_pb_slide_description\"><h2 class=\"et_pb_slide_title\"><a href=\"http:\/\/www.helvetibox.ch\/de\/unsere-schweizer-regionale-rezepte\/\" target=\"\" class=\"et_pb_slide_title_link\"><\/a><\/h2><div class=\"et_pb_button_wrapper\"><a class=\"et_pb_button et_pb_more_button\" href=\"http:\/\/www.helvetibox.ch\/de\/unsere-schweizer-regionale-rezepte\/\">zu den Rezepten<\/a><\/div><\/div><\/div><\/div><\/div><\/div><\/div><\/div><\/div><\/div>","protected":false},"excerpt":{"rendered":"","protected":false},"author":329,"featured_media":21015,"comment_status":"closed","ping_status":"closed","sticky":false,"template":"","format":"standard","meta":{"_et_pb_use_builder":"on","_et_pb_old_content":"","_et_gb_content_width":"","footnotes":""},"categories":[43,2948],"tags":[],"dipi_cpt_category":[],"class_list":["post-21019","post","type-post","status-publish","format-standard","has-post-thumbnail","hentry","category-box-de","category-box-n48-neuenburg"],"yoast_head":"<!-- This site is optimized with the Yoast SEO plugin v27.5 - https:\/\/yoast.com\/product\/yoast-seo-wordpress\/ -->\n<title>HelvetiBox N\u00b048 - Regionale Produkte aus Neuenburg - HelvetiBox<\/title>\n<meta name=\"robots\" content=\"index, follow, max-snippet:-1, max-image-preview:large, max-video-preview:-1\" \/>\n<link rel=\"canonical\" href=\"https:\/\/www.helvetibox.ch\/de\/helvetibox-n48-regionale-produkte-aus-neuenburg\/\" \/>\n<meta property=\"og:locale\" content=\"de_DE\" \/>\n<meta property=\"og:type\" content=\"article\" \/>\n<meta property=\"og:title\" content=\"HelvetiBox N\u00b048 - Regionale Produkte aus Neuenburg - HelvetiBox\" \/>\n<meta property=\"og:url\" content=\"https:\/\/www.helvetibox.ch\/de\/helvetibox-n48-regionale-produkte-aus-neuenburg\/\" \/>\n<meta property=\"og:site_name\" content=\"HelvetiBox\" \/>\n<meta property=\"article:publisher\" content=\"http:\/\/www.facebook.com\/helvetibox\" \/>\n<meta property=\"article:published_time\" content=\"2018-08-20T13:39:38+00:00\" \/>\n<meta property=\"article:modified_time\" content=\"2026-03-03T20:00:17+00:00\" \/>\n<meta property=\"og:image\" content=\"https:\/\/www.helvetibox.ch\/wp-content\/uploads\/2018\/08\/HelvetiBox-n48-B1808-NE-opt.jpg\" \/>\n\t<meta property=\"og:image:width\" content=\"1920\" \/>\n\t<meta property=\"og:image:height\" content=\"1280\" \/>\n\t<meta property=\"og:image:type\" content=\"image\/jpeg\" \/>\n<meta name=\"author\" content=\"Florian Corth\u00e9sy\" \/>\n<script type=\"application\/ld+json\" class=\"yoast-schema-graph\">{\"@context\":\"https:\\\/\\\/schema.org\",\"@graph\":[{\"@type\":\"Article\",\"@id\":\"https:\\\/\\\/www.helvetibox.ch\\\/de\\\/helvetibox-n48-regionale-produkte-aus-neuenburg\\\/#article\",\"isPartOf\":{\"@id\":\"https:\\\/\\\/www.helvetibox.ch\\\/de\\\/helvetibox-n48-regionale-produkte-aus-neuenburg\\\/\"},\"author\":{\"name\":\"Florian Corth\u00e9sy\",\"@id\":\"https:\\\/\\\/www.helvetibox.ch\\\/de\\\/#\\\/schema\\\/person\\\/570a8ce46d2623290e963592e83b03a4\"},\"headline\":\"HelvetiBox N\u00b048 &#8211; Regionale Produkte aus Neuenburg\",\"datePublished\":\"2018-08-20T13:39:38+00:00\",\"dateModified\":\"2026-03-03T20:00:17+00:00\",\"mainEntityOfPage\":{\"@id\":\"https:\\\/\\\/www.helvetibox.ch\\\/de\\\/helvetibox-n48-regionale-produkte-aus-neuenburg\\\/\"},\"wordCount\":26,\"image\":{\"@id\":\"https:\\\/\\\/www.helvetibox.ch\\\/de\\\/helvetibox-n48-regionale-produkte-aus-neuenburg\\\/#primaryimage\"},\"thumbnailUrl\":\"https:\\\/\\\/www.helvetibox.ch\\\/wp-content\\\/uploads\\\/2018\\\/08\\\/HelvetiBox-n48-B1808-NE-opt.jpg\",\"articleSection\":[\"Box\",\"Box N\u00b048 - Neuenburg\"],\"inLanguage\":\"de\"},{\"@type\":\"WebPage\",\"@id\":\"https:\\\/\\\/www.helvetibox.ch\\\/de\\\/helvetibox-n48-regionale-produkte-aus-neuenburg\\\/\",\"url\":\"https:\\\/\\\/www.helvetibox.ch\\\/de\\\/helvetibox-n48-regionale-produkte-aus-neuenburg\\\/\",\"name\":\"HelvetiBox N\u00b048 - Regionale Produkte aus Neuenburg - HelvetiBox\",\"isPartOf\":{\"@id\":\"https:\\\/\\\/www.helvetibox.ch\\\/de\\\/#website\"},\"primaryImageOfPage\":{\"@id\":\"https:\\\/\\\/www.helvetibox.ch\\\/de\\\/helvetibox-n48-regionale-produkte-aus-neuenburg\\\/#primaryimage\"},\"image\":{\"@id\":\"https:\\\/\\\/www.helvetibox.ch\\\/de\\\/helvetibox-n48-regionale-produkte-aus-neuenburg\\\/#primaryimage\"},\"thumbnailUrl\":\"https:\\\/\\\/www.helvetibox.ch\\\/wp-content\\\/uploads\\\/2018\\\/08\\\/HelvetiBox-n48-B1808-NE-opt.jpg\",\"datePublished\":\"2018-08-20T13:39:38+00:00\",\"dateModified\":\"2026-03-03T20:00:17+00:00\",\"author\":{\"@id\":\"https:\\\/\\\/www.helvetibox.ch\\\/de\\\/#\\\/schema\\\/person\\\/570a8ce46d2623290e963592e83b03a4\"},\"breadcrumb\":{\"@id\":\"https:\\\/\\\/www.helvetibox.ch\\\/de\\\/helvetibox-n48-regionale-produkte-aus-neuenburg\\\/#breadcrumb\"},\"inLanguage\":\"de\",\"potentialAction\":[{\"@type\":\"ReadAction\",\"target\":[\"https:\\\/\\\/www.helvetibox.ch\\\/de\\\/helvetibox-n48-regionale-produkte-aus-neuenburg\\\/\"]}]},{\"@type\":\"ImageObject\",\"inLanguage\":\"de\",\"@id\":\"https:\\\/\\\/www.helvetibox.ch\\\/de\\\/helvetibox-n48-regionale-produkte-aus-neuenburg\\\/#primaryimage\",\"url\":\"https:\\\/\\\/www.helvetibox.ch\\\/wp-content\\\/uploads\\\/2018\\\/08\\\/HelvetiBox-n48-B1808-NE-opt.jpg\",\"contentUrl\":\"https:\\\/\\\/www.helvetibox.ch\\\/wp-content\\\/uploads\\\/2018\\\/08\\\/HelvetiBox-n48-B1808-NE-opt.jpg\",\"width\":1920,\"height\":1280},{\"@type\":\"BreadcrumbList\",\"@id\":\"https:\\\/\\\/www.helvetibox.ch\\\/de\\\/helvetibox-n48-regionale-produkte-aus-neuenburg\\\/#breadcrumb\",\"itemListElement\":[{\"@type\":\"ListItem\",\"position\":1,\"name\":\"Accueil\",\"item\":\"https:\\\/\\\/www.helvetibox.ch\\\/de\\\/homepage\\\/\"},{\"@type\":\"ListItem\",\"position\":2,\"name\":\"HelvetiBox N\u00b048 &#8211; Regionale Produkte aus Neuenburg\"}]},{\"@type\":\"WebSite\",\"@id\":\"https:\\\/\\\/www.helvetibox.ch\\\/de\\\/#website\",\"url\":\"https:\\\/\\\/www.helvetibox.ch\\\/de\\\/\",\"name\":\"HelvetiBox\",\"description\":\"Eine Gourmetreise durch die Schweiz \",\"potentialAction\":[{\"@type\":\"SearchAction\",\"target\":{\"@type\":\"EntryPoint\",\"urlTemplate\":\"https:\\\/\\\/www.helvetibox.ch\\\/de\\\/?s={search_term_string}\"},\"query-input\":{\"@type\":\"PropertyValueSpecification\",\"valueRequired\":true,\"valueName\":\"search_term_string\"}}],\"inLanguage\":\"de\"},{\"@type\":\"Person\",\"@id\":\"https:\\\/\\\/www.helvetibox.ch\\\/de\\\/#\\\/schema\\\/person\\\/570a8ce46d2623290e963592e83b03a4\",\"name\":\"Florian Corth\u00e9sy\",\"image\":{\"@type\":\"ImageObject\",\"inLanguage\":\"de\",\"@id\":\"https:\\\/\\\/secure.gravatar.com\\\/avatar\\\/25feb37f6f232bcff3b90c1032c68ca8b1ad55c1c90c8cc3d77f08e7bbf4224a?s=96&d=mm&r=g\",\"url\":\"https:\\\/\\\/secure.gravatar.com\\\/avatar\\\/25feb37f6f232bcff3b90c1032c68ca8b1ad55c1c90c8cc3d77f08e7bbf4224a?s=96&d=mm&r=g\",\"contentUrl\":\"https:\\\/\\\/secure.gravatar.com\\\/avatar\\\/25feb37f6f232bcff3b90c1032c68ca8b1ad55c1c90c8cc3d77f08e7bbf4224a?s=96&d=mm&r=g\",\"caption\":\"Florian Corth\u00e9sy\"}}]}<\/script>\n<!-- \/ Yoast SEO plugin. -->","yoast_head_json":{"title":"HelvetiBox N\u00b048 - Regionale Produkte aus Neuenburg - HelvetiBox","robots":{"index":"index","follow":"follow","max-snippet":"max-snippet:-1","max-image-preview":"max-image-preview:large","max-video-preview":"max-video-preview:-1"},"canonical":"https:\/\/www.helvetibox.ch\/de\/helvetibox-n48-regionale-produkte-aus-neuenburg\/","og_locale":"de_DE","og_type":"article","og_title":"HelvetiBox N\u00b048 - Regionale Produkte aus Neuenburg - HelvetiBox","og_url":"https:\/\/www.helvetibox.ch\/de\/helvetibox-n48-regionale-produkte-aus-neuenburg\/","og_site_name":"HelvetiBox","article_publisher":"http:\/\/www.facebook.com\/helvetibox","article_published_time":"2018-08-20T13:39:38+00:00","article_modified_time":"2026-03-03T20:00:17+00:00","og_image":[{"width":1920,"height":1280,"url":"https:\/\/www.helvetibox.ch\/wp-content\/uploads\/2018\/08\/HelvetiBox-n48-B1808-NE-opt.jpg","type":"image\/jpeg"}],"author":"Florian Corth\u00e9sy","schema":{"@context":"https:\/\/schema.org","@graph":[{"@type":"Article","@id":"https:\/\/www.helvetibox.ch\/de\/helvetibox-n48-regionale-produkte-aus-neuenburg\/#article","isPartOf":{"@id":"https:\/\/www.helvetibox.ch\/de\/helvetibox-n48-regionale-produkte-aus-neuenburg\/"},"author":{"name":"Florian Corth\u00e9sy","@id":"https:\/\/www.helvetibox.ch\/de\/#\/schema\/person\/570a8ce46d2623290e963592e83b03a4"},"headline":"HelvetiBox N\u00b048 &#8211; Regionale Produkte aus Neuenburg","datePublished":"2018-08-20T13:39:38+00:00","dateModified":"2026-03-03T20:00:17+00:00","mainEntityOfPage":{"@id":"https:\/\/www.helvetibox.ch\/de\/helvetibox-n48-regionale-produkte-aus-neuenburg\/"},"wordCount":26,"image":{"@id":"https:\/\/www.helvetibox.ch\/de\/helvetibox-n48-regionale-produkte-aus-neuenburg\/#primaryimage"},"thumbnailUrl":"https:\/\/www.helvetibox.ch\/wp-content\/uploads\/2018\/08\/HelvetiBox-n48-B1808-NE-opt.jpg","articleSection":["Box","Box N\u00b048 - Neuenburg"],"inLanguage":"de"},{"@type":"WebPage","@id":"https:\/\/www.helvetibox.ch\/de\/helvetibox-n48-regionale-produkte-aus-neuenburg\/","url":"https:\/\/www.helvetibox.ch\/de\/helvetibox-n48-regionale-produkte-aus-neuenburg\/","name":"HelvetiBox N\u00b048 - Regionale Produkte aus Neuenburg - HelvetiBox","isPartOf":{"@id":"https:\/\/www.helvetibox.ch\/de\/#website"},"primaryImageOfPage":{"@id":"https:\/\/www.helvetibox.ch\/de\/helvetibox-n48-regionale-produkte-aus-neuenburg\/#primaryimage"},"image":{"@id":"https:\/\/www.helvetibox.ch\/de\/helvetibox-n48-regionale-produkte-aus-neuenburg\/#primaryimage"},"thumbnailUrl":"https:\/\/www.helvetibox.ch\/wp-content\/uploads\/2018\/08\/HelvetiBox-n48-B1808-NE-opt.jpg","datePublished":"2018-08-20T13:39:38+00:00","dateModified":"2026-03-03T20:00:17+00:00","author":{"@id":"https:\/\/www.helvetibox.ch\/de\/#\/schema\/person\/570a8ce46d2623290e963592e83b03a4"},"breadcrumb":{"@id":"https:\/\/www.helvetibox.ch\/de\/helvetibox-n48-regionale-produkte-aus-neuenburg\/#breadcrumb"},"inLanguage":"de","potentialAction":[{"@type":"ReadAction","target":["https:\/\/www.helvetibox.ch\/de\/helvetibox-n48-regionale-produkte-aus-neuenburg\/"]}]},{"@type":"ImageObject","inLanguage":"de","@id":"https:\/\/www.helvetibox.ch\/de\/helvetibox-n48-regionale-produkte-aus-neuenburg\/#primaryimage","url":"https:\/\/www.helvetibox.ch\/wp-content\/uploads\/2018\/08\/HelvetiBox-n48-B1808-NE-opt.jpg","contentUrl":"https:\/\/www.helvetibox.ch\/wp-content\/uploads\/2018\/08\/HelvetiBox-n48-B1808-NE-opt.jpg","width":1920,"height":1280},{"@type":"BreadcrumbList","@id":"https:\/\/www.helvetibox.ch\/de\/helvetibox-n48-regionale-produkte-aus-neuenburg\/#breadcrumb","itemListElement":[{"@type":"ListItem","position":1,"name":"Accueil","item":"https:\/\/www.helvetibox.ch\/de\/homepage\/"},{"@type":"ListItem","position":2,"name":"HelvetiBox N\u00b048 &#8211; Regionale Produkte aus Neuenburg"}]},{"@type":"WebSite","@id":"https:\/\/www.helvetibox.ch\/de\/#website","url":"https:\/\/www.helvetibox.ch\/de\/","name":"HelvetiBox","description":"Eine Gourmetreise durch die Schweiz ","potentialAction":[{"@type":"SearchAction","target":{"@type":"EntryPoint","urlTemplate":"https:\/\/www.helvetibox.ch\/de\/?s={search_term_string}"},"query-input":{"@type":"PropertyValueSpecification","valueRequired":true,"valueName":"search_term_string"}}],"inLanguage":"de"},{"@type":"Person","@id":"https:\/\/www.helvetibox.ch\/de\/#\/schema\/person\/570a8ce46d2623290e963592e83b03a4","name":"Florian Corth\u00e9sy","image":{"@type":"ImageObject","inLanguage":"de","@id":"https:\/\/secure.gravatar.com\/avatar\/25feb37f6f232bcff3b90c1032c68ca8b1ad55c1c90c8cc3d77f08e7bbf4224a?s=96&d=mm&r=g","url":"https:\/\/secure.gravatar.com\/avatar\/25feb37f6f232bcff3b90c1032c68ca8b1ad55c1c90c8cc3d77f08e7bbf4224a?s=96&d=mm&r=g","contentUrl":"https:\/\/secure.gravatar.com\/avatar\/25feb37f6f232bcff3b90c1032c68ca8b1ad55c1c90c8cc3d77f08e7bbf4224a?s=96&d=mm&r=g","caption":"Florian Corth\u00e9sy"}}]}},"_links":{"self":[{"href":"https:\/\/www.helvetibox.ch\/de\/wp-json\/wp\/v2\/posts\/21019","targetHints":{"allow":["GET"]}}],"collection":[{"href":"https:\/\/www.helvetibox.ch\/de\/wp-json\/wp\/v2\/posts"}],"about":[{"href":"https:\/\/www.helvetibox.ch\/de\/wp-json\/wp\/v2\/types\/post"}],"author":[{"embeddable":true,"href":"https:\/\/www.helvetibox.ch\/de\/wp-json\/wp\/v2\/users\/329"}],"replies":[{"embeddable":true,"href":"https:\/\/www.helvetibox.ch\/de\/wp-json\/wp\/v2\/comments?post=21019"}],"version-history":[{"count":1,"href":"https:\/\/www.helvetibox.ch\/de\/wp-json\/wp\/v2\/posts\/21019\/revisions"}],"predecessor-version":[{"id":27397688,"href":"https:\/\/www.helvetibox.ch\/de\/wp-json\/wp\/v2\/posts\/21019\/revisions\/27397688"}],"wp:featuredmedia":[{"embeddable":true,"href":"https:\/\/www.helvetibox.ch\/de\/wp-json\/wp\/v2\/media\/21015"}],"wp:attachment":[{"href":"https:\/\/www.helvetibox.ch\/de\/wp-json\/wp\/v2\/media?parent=21019"}],"wp:term":[{"taxonomy":"category","embeddable":true,"href":"https:\/\/www.helvetibox.ch\/de\/wp-json\/wp\/v2\/categories?post=21019"},{"taxonomy":"post_tag","embeddable":true,"href":"https:\/\/www.helvetibox.ch\/de\/wp-json\/wp\/v2\/tags?post=21019"},{"taxonomy":"dipi_cpt_category","embeddable":true,"href":"https:\/\/www.helvetibox.ch\/de\/wp-json\/wp\/v2\/dipi_cpt_category?post=21019"}],"curies":[{"name":"wp","href":"https:\/\/api.w.org\/{rel}","templated":true}]}}