{"id":22042,"date":"2019-04-22T15:49:53","date_gmt":"2019-04-22T13:49:53","guid":{"rendered":"https:\/\/www.helvetibox.ch\/?p=22042"},"modified":"2026-03-03T21:00:44","modified_gmt":"2026-03-03T20:00:44","slug":"helvetibox-n56-regionale-produkte-aus-thurgau","status":"publish","type":"post","link":"https:\/\/www.helvetibox.ch\/de\/helvetibox-n56-regionale-produkte-aus-thurgau\/","title":{"rendered":"HelvetiBox N\u00b056 \u2013 Regionale Produkte aus Thurgau"},"content":{"rendered":"<div class=\"et_pb_section_0 et_pb_section et_section_regular et_block_section\"><div class=\"et_pb_row_0 et_pb_row et_block_row\"><div class=\"et_pb_column_0 et_pb_column et_pb_column_4_4 et-last-child et_block_column et_pb_css_mix_blend_mode_passthrough\"><div class=\"et_pb_module et_d4_element et_pb_post_title et_pb_post_title_12 et_pb_bg_layout_light  et_pb_text_align_center\"   >\n\t\t\t\t\n\t\t\t\t\n\t\t\t\t\n\t\t\t\t\n\t\t\t\t\n\t\t\t\t<div class=\"et_pb_title_container\">\n\t\t\t\t\t<h1 class=\"entry-title\">HelvetiBox N\u00b056 \u2013 Regionale Produkte aus Thurgau<\/h1>\n\t\t\t\t<\/div>\n\t\t\t\t\n\t\t\t<\/div><\/div><\/div><div class=\"et_pb_row_1 et_pb_row et_block_row\"><div class=\"et_pb_column_1 et_pb_column et_pb_column_3_4 et_block_column et_pb_css_mix_blend_mode_passthrough\"><div class=\"et_pb_text_0 et_pb_text et_pb_bg_layout_light et_pb_module et_block_module\"><div class=\"et_pb_text_inner\"><p>Auf der S\u00fcdseite des Bodensees, eingebettet zwischen dem See und den Schweizer Alpen, liegt der Kanton Thurgau: eine sch\u00f6ne gr\u00fcne Region, durch die Fl\u00fcsse fliessen. Mostindien ist im Volksmund der Spitzname des Kantons. Indien, weil die Form des Kantons an dieses Land erinnert. Most da seit dem Ende des Mittelalters Apfelb\u00e4ume in grossen Obstplantagen ein reichhaltiges Angebot bieten. Die Thurgauer verf\u00fcgen \u00fcber ein entsprechendes Repertoire an Rezepten, bestehend aus \u00c4pfeln und Most. Apfelmost wird im Thurgau einfach &#8222;Saft&#8220; genannt.<\/p>\n<p>Der Kanton Thurgau hat jedoch nicht nur \u00c4pfel zu bieten. Im Gegenteil, mehrere Produzenten, leidenschaftlich und innovativ, bieten Produkte mit einzigartigem Geschmack an. Qualit\u00e4t ist dabei Pflicht. Sie werden Karamellen mit englischem Akzent, ein saisonales Pesto, ein Bier, das nach Wald riecht, ein Chutney aus dem kleinen Bruder der Kiwi, Apfelw\u00fcrfel in Schokolade und &#8222;Bread and Butter&#8220;-Gurken entdecken.<\/p>\n<\/div><\/div><\/div><div class=\"et_pb_column_2 et_pb_column et_pb_column_1_4 et-last-child et_block_column et_pb_css_mix_blend_mode_passthrough\"><div class=\"et_pb_image_0 et_pb_image et_animated et_pb_module et_block_module\"><span class=\"et_pb_image_wrap\"><img loading=\"lazy\" decoding=\"async\" src=\"https:\/\/www.helvetibox.ch\/wp-content\/uploads\/2015\/10\/TG.png\" width=\"325\" height=\"394\" srcset=\"https:\/\/www.helvetibox.ch\/wp-content\/uploads\/2015\/10\/TG.png 325w, https:\/\/www.helvetibox.ch\/wp-content\/uploads\/2015\/10\/TG-247x300.png 247w\" sizes=\"(max-width: 325px) 100vw, 325px\" class=\"wp-image-10619\" title=\"Blason canton de Thurgovie (Wikipedia)\" alt=\"Blason canton de Thurgovie (Wikipedia)\" \/><\/span><\/div><div class=\"et_pb_image_1 et_pb_image et_animated et_pb_module et_block_module\"><span class=\"et_pb_image_wrap\"><img loading=\"lazy\" decoding=\"async\" src=\"https:\/\/www.helvetibox.ch\/wp-content\/uploads\/2015\/10\/carte-thurgovie.png\" width=\"842\" height=\"595\" srcset=\"https:\/\/www.helvetibox.ch\/wp-content\/uploads\/2015\/10\/carte-thurgovie.png 842w, https:\/\/www.helvetibox.ch\/wp-content\/uploads\/2015\/10\/carte-thurgovie-510x360.png 510w, https:\/\/www.helvetibox.ch\/wp-content\/uploads\/2015\/10\/carte-thurgovie-300x212.png 300w, https:\/\/www.helvetibox.ch\/wp-content\/uploads\/2015\/10\/carte-thurgovie-400x284.png 400w\" sizes=\"(max-width: 842px) 100vw, 842px\" class=\"wp-image-10621\" title=\"Carte de la Suisse (Canton de Thurgovie) (Image Poulpy wikipedia)\" alt=\"Carte de la Suisse (Canton de Thurgovie) (Image Poulpy wikipedia)\" \/><\/span><\/div><\/div><\/div><div class=\"et_pb_row_2 et_pb_row et_block_row\"><div class=\"et_pb_column_3 et_pb_column et_pb_column_4_4 et-last-child et_block_column et_pb_css_mix_blend_mode_passthrough\"><div class=\"et_pb_post_slider_0 et_pb_post_slider et_pb_bg_layout_dark et_pb_slider et_pb_slider_fullwidth_off et_pb_post_slider_image_background et_pb_slider_with_overlay et_pb_module et_block_module\"><div class=\"et_pb_slides\"><div class=\"et_pb_slide et_pb_post_slide-12718\" style=\"background-image:url(https:\/\/www.helvetibox.ch\/wp-content\/uploads\/2014\/09\/box-neuenburg-helvetibox.jpg)\"><div class=\"et_pb_slide_overlay_container\"><\/div><div class=\"et_pb_container clearfix\"><div class=\"et_pb_slider_container_inner\"><div class=\"et_pb_slide_description\"><h2 class=\"et_pb_slide_title\"><a href=\"https:\/\/www.helvetibox.ch\/de\/helvetibox-n1-regionale-produkte-aus-neuenburg\/\">HelvetiBox n\u00b01 \u2013 Regionale Produkte aus Neuenburg<\/a><\/h2><div class=\"et_pb_slide_content\"><div class=\"et_pb_slide_content_body\"><p>Im September 2014 pr\u00e4sentiert die HelvetiBox die regionalen Produkte aus Neuenburg: Truffes \u00e0 l\u2019\u0152il-de-Perdrix, Wodey-Suchard, Neuch\u00e2tel Cr\u00e8me de caramel au sel des Alpes, Cr\u00e8me Renversante, Les Ponts-de-Martel Sirop de Dents-de-Lion, Le Panier de la F\u00e9e, Le Sapel&#8230;<\/p>\n<\/div><\/div><div class=\"et_pb_button_wrapper\"><a class=\"et_pb_button et_pb_more_button\" href=\"https:\/\/www.helvetibox.ch\/de\/helvetibox-n1-regionale-produkte-aus-neuenburg\/\">weiterlesen<\/a><\/div><\/div><\/div><\/div><\/div><div class=\"et_pb_slide et_pb_post_slide-12710\" style=\"background-image:url(https:\/\/www.helvetibox.ch\/wp-content\/uploads\/2014\/10\/HB_Box2_ZH_v.1_opt.jpg)\"><div class=\"et_pb_slide_overlay_container\"><\/div><div class=\"et_pb_container clearfix\"><div class=\"et_pb_slider_container_inner\"><div class=\"et_pb_slide_description\"><h2 class=\"et_pb_slide_title\"><a href=\"https:\/\/www.helvetibox.ch\/de\/helvetibox-n2-regionale-produkte-aus-zuerich\/\">HelvetiBox n\u00b02 \u2013 Regionale Produkte aus Z\u00fcrich<\/a><\/h2><div class=\"et_pb_slide_content\"><div class=\"et_pb_slide_content_body\"><p>HelvetiBox n\u00b02 \u2013 Regionale Produkte aus Z\u00fcrich Im Oktober 2014 pr\u00e4sentiert die HelvetiBox die regionalen Produkte aus Z\u00fcrich: Tirggel, Honegger Tirggel, Wald Schoggiw\u00fcrfel, MiniShoggi.ch, Hirzel Bio Pesto K\u00fcrbis Curry, Nudelwerkstatt,\u00a0Wetzikon Sorrel, Zobo, Z\u00fcrich&#8230;<\/p>\n<\/div><\/div><div class=\"et_pb_button_wrapper\"><a class=\"et_pb_button et_pb_more_button\" href=\"https:\/\/www.helvetibox.ch\/de\/helvetibox-n2-regionale-produkte-aus-zuerich\/\">weiterlesen<\/a><\/div><\/div><\/div><\/div><\/div><div class=\"et_pb_slide et_pb_post_slide-12702\" style=\"background-image:url(https:\/\/www.helvetibox.ch\/wp-content\/uploads\/2014\/11\/helvetiBox-produit-terroir-tessin-blog3.jpg)\"><div class=\"et_pb_slide_overlay_container\"><\/div><div class=\"et_pb_container clearfix\"><div class=\"et_pb_slider_container_inner\"><div class=\"et_pb_slide_description\"><h2 class=\"et_pb_slide_title\"><a href=\"https:\/\/www.helvetibox.ch\/de\/helvetibox-n3-regionale-produkte-aus-tessin\/\">HelvetiBox N\u00b03 \u2013 Regionale Produkte aus Tessin<\/a><\/h2><div class=\"et_pb_slide_content\"><div class=\"et_pb_slide_content_body\"><p>HelvetiBox N\u00b03 \u2013 Regionale Produkte aus Tessin Im November 2014 pr\u00e4sentiert die HelvetiBox die regionalen Produkte aus Tessin: Salsa Ticino Rustica, Orticola Bassi, Sant\u2019Antonino Marmellata di castagne, Nicoletta Zacchi, Lodrino Miele di castagno Bio, Fausto&#8230;<\/p>\n<\/div><\/div><div class=\"et_pb_button_wrapper\"><a class=\"et_pb_button et_pb_more_button\" href=\"https:\/\/www.helvetibox.ch\/de\/helvetibox-n3-regionale-produkte-aus-tessin\/\">weiterlesen<\/a><\/div><\/div><\/div><\/div><\/div><div class=\"et_pb_slide et_pb_post_slide-11457\" style=\"background-image:url(https:\/\/www.helvetibox.ch\/wp-content\/uploads\/2014\/11\/image-AGRI.jpg)\"><div class=\"et_pb_slide_overlay_container\"><\/div><div class=\"et_pb_container clearfix\"><div class=\"et_pb_slider_container_inner\"><div class=\"et_pb_slide_description\"><h2 class=\"et_pb_slide_title\"><a href=\"https:\/\/www.helvetibox.ch\/de\/agri-28-octobre-2014-surprises-du-terroir-mises-en-boites\/\">Agri &#8211; 28 octobre 2014 &#8211; Surprises du terroir mises en bo\u00eetes<\/a><\/h2><div class=\"et_pb_slide_content\"><div class=\"et_pb_slide_content_body\"><p>&nbsp; &#8222;HelvetiBox &#8211; Surprises du terroir mises en bo\u00eetes&#8220; &#8211; 28.11.2014 &#8211; N\u00b048 &#8211; p.30. Par\u00a0R\u00e9ane Ahmad. Agri &#8211;\u00a0www.agrihebdo.ch &nbsp; &nbsp;<\/p>\n<\/div><\/div><div class=\"et_pb_button_wrapper\"><a class=\"et_pb_button et_pb_more_button\" href=\"https:\/\/www.helvetibox.ch\/de\/agri-28-octobre-2014-surprises-du-terroir-mises-en-boites\/\">weiterlesen<\/a><\/div><\/div><\/div><\/div><\/div><div class=\"et_pb_slide et_pb_post_slide-12689\" style=\"background-image:url(https:\/\/www.helvetibox.ch\/wp-content\/uploads\/2014\/12\/HelvetiBox_box-panier-garnis-Schwyz.jpg)\"><div class=\"et_pb_slide_overlay_container\"><\/div><div class=\"et_pb_container clearfix\"><div class=\"et_pb_slider_container_inner\"><div class=\"et_pb_slide_description\"><h2 class=\"et_pb_slide_title\"><a href=\"https:\/\/www.helvetibox.ch\/de\/helvetibox-n4-regionale-produkte-aus-schwyz\/\">HelvetiBox N\u00b04 \u2013 Regionale Produkte aus Schwyz<\/a><\/h2><div class=\"et_pb_slide_content\"><div class=\"et_pb_slide_content_body\"><p>HelvetiBox N\u00b04 \u2013 Regionale Produkte aus Schwyz Im Dezember 2014 pr\u00e4sentiert die HelvetiBox die regionalen Produkte aus Schwyz: 3er Spezialit\u00e4t, Goldapfel, Einsiedeln Rinderheu, Heinzer Metzgerei, Muotathal Bauernspeck, Heinzer Metzgerei, Muotathal Chr\u00fctli Polenta im&#8230;<\/p>\n<\/div><\/div><div class=\"et_pb_button_wrapper\"><a class=\"et_pb_button et_pb_more_button\" href=\"https:\/\/www.helvetibox.ch\/de\/helvetibox-n4-regionale-produkte-aus-schwyz\/\">weiterlesen<\/a><\/div><\/div><\/div><\/div><\/div><div class=\"et_pb_slide et_pb_post_slide-12685\" style=\"background-image:url(https:\/\/www.helvetibox.ch\/wp-content\/uploads\/2015\/01\/helvetibox-gen\u00e8ve-produit-du-terroir-genevois.jpg)\"><div class=\"et_pb_slide_overlay_container\"><\/div><div class=\"et_pb_container clearfix\"><div class=\"et_pb_slider_container_inner\"><div class=\"et_pb_slide_description\"><h2 class=\"et_pb_slide_title\"><a href=\"https:\/\/www.helvetibox.ch\/de\/helvetibox-n5-regionale-produkte-aus-genf\/\">HelvetiBox N\u00b05 \u2013 Regionale Produkte aus Genf<\/a><\/h2><div class=\"et_pb_slide_content\"><div class=\"et_pb_slide_content_body\"><p>HelvetiBox N\u00b05 \u2013 Regionale Produkte aus Genf Im Januar 2015 pr\u00e4sentiert die HelvetiBox die regionalen Produkte aus Genf: Longeole IGP, Andr\u00e9 Vidonne, Carouge Cardon \u00e9pineux argent\u00e9 de Plainpalais AOP, Boehm, Grand-Lancy Lentilles vertes d\u2019Athenaz, Samuel Terrier,&#8230;<\/p>\n<\/div><\/div><div class=\"et_pb_button_wrapper\"><a class=\"et_pb_button et_pb_more_button\" href=\"https:\/\/www.helvetibox.ch\/de\/helvetibox-n5-regionale-produkte-aus-genf\/\">weiterlesen<\/a><\/div><\/div><\/div><\/div><\/div><div class=\"et_pb_slide et_pb_post_slide-12669\" style=\"background-image:url(https:\/\/www.helvetibox.ch\/wp-content\/uploads\/2015\/02\/helvetibox_n6_produits-du-terroir-B\u00e2le-BL-BS.jpg)\"><div class=\"et_pb_slide_overlay_container\"><\/div><div class=\"et_pb_container clearfix\"><div class=\"et_pb_slider_container_inner\"><div class=\"et_pb_slide_description\"><h2 class=\"et_pb_slide_title\"><a href=\"https:\/\/www.helvetibox.ch\/de\/helvetibox-n6-regionale-produkte-aus-basel\/\">HelvetiBox N\u00b06 \u2013 Regionale Produkte aus Basel<\/a><\/h2><div class=\"et_pb_slide_content\"><div class=\"et_pb_slide_content_body\"><p>HelvetiBox N\u00b06 \u2013 Regionale Produkte aus Basel Im Februar 2015 pr\u00e4sentiert die HelvetiBox die regionalen Produkte aus Basel: R\u00e4ppli Tee, London Tea, M\u00fcnchenstein BL Fasnachtsbier \u00ab\u00a0Drummler\u00a0\u00bb, Unser Bier, BL Prune d\u2019Or, Posamenter, Wenslingen BL Zwetschgenl\u00e4ckerli,&#8230;<\/p>\n<\/div><\/div><div class=\"et_pb_button_wrapper\"><a class=\"et_pb_button et_pb_more_button\" href=\"https:\/\/www.helvetibox.ch\/de\/helvetibox-n6-regionale-produkte-aus-basel\/\">weiterlesen<\/a><\/div><\/div><\/div><\/div><\/div><div class=\"et_pb_slide et_pb_post_slide-11456\" style=\"background-image:url(https:\/\/www.helvetibox.ch\/wp-content\/uploads\/2015\/02\/logo-le-cafetier.png)\"><div class=\"et_pb_slide_overlay_container\"><\/div><div class=\"et_pb_container clearfix\"><div class=\"et_pb_slider_container_inner\"><div class=\"et_pb_slide_description\"><h2 class=\"et_pb_slide_title\"><a href=\"https:\/\/www.helvetibox.ch\/de\/le-cafetier-un-peu-de-cantons-en-boite\/\">Le Cafetier | Un peu de cantons en bo\u00eete<\/a><\/h2><div class=\"et_pb_slide_content\"><div class=\"et_pb_slide_content_body\"><p>&#8222;Un peu de canton en bo\u00eete&#8220; &#8211; Le Cafetier n\u00b06 &#8211; 13.02.2014 Article en ligne. Par Benjamin Philippe. Le Cafetier &#8211; Journal des cafetiers, restaurateurs et hoteliers romands.\u00a0\u00a0&#8211;\u00a0www.lecafetier.ch<\/p>\n<\/div><\/div><div class=\"et_pb_button_wrapper\"><a class=\"et_pb_button et_pb_more_button\" href=\"https:\/\/www.helvetibox.ch\/de\/le-cafetier-un-peu-de-cantons-en-boite\/\">weiterlesen<\/a><\/div><\/div><\/div><\/div><\/div><div class=\"et_pb_slide et_pb_post_slide-11455\" style=\"background-image:url(https:\/\/www.helvetibox.ch\/wp-content\/uploads\/2015\/02\/logo_La_Libert\u00e9_Fribourg.png)\"><div class=\"et_pb_slide_overlay_container\"><\/div><div class=\"et_pb_container clearfix\"><div class=\"et_pb_slider_container_inner\"><div class=\"et_pb_slide_description\"><h2 class=\"et_pb_slide_title\"><a href=\"https:\/\/www.helvetibox.ch\/de\/la-liberte-helvetibox-met-la-suisse-en-boite\/\">La Libert\u00e9 | HelvetiBox met la Suisse en bo\u00eete<\/a><\/h2><div class=\"et_pb_slide_content\"><div class=\"et_pb_slide_content_body\"><p>&nbsp; &#8222;HelvetiBox met la Suisse en bo\u00eete&#8220; &#8211; La Libert\u00e9\u00a0&#8211; 23.02.2015 Par Francis Granget. La Libert\u00e9 &#8211; www.laliberte.ch &nbsp; &nbsp;<\/p>\n<\/div><\/div><div class=\"et_pb_button_wrapper\"><a class=\"et_pb_button et_pb_more_button\" href=\"https:\/\/www.helvetibox.ch\/de\/la-liberte-helvetibox-met-la-suisse-en-boite\/\">weiterlesen<\/a><\/div><\/div><\/div><\/div><\/div><div class=\"et_pb_slide et_pb_post_slide-2005\" style=\"background-image:url(https:\/\/www.helvetibox.ch\/wp-content\/uploads\/2015\/03\/HelvetiBox-n7-Appenzell_1200.jpg)\"><div class=\"et_pb_slide_overlay_container\"><\/div><div class=\"et_pb_container clearfix\"><div class=\"et_pb_slider_container_inner\"><div class=\"et_pb_slide_description\"><h2 class=\"et_pb_slide_title\"><a href=\"https:\/\/www.helvetibox.ch\/de\/helvetibox-n7-regionale-produkte-vom-appenzellerland\/\">HelvetiBox n\u00b07 &#8211; Regionale Produkte vom Appenzellerland<\/a><\/h2><div class=\"et_pb_slide_content\"><div class=\"et_pb_slide_content_body\"><p>Das Appenzellerland, zwischen dem Bodensee und dem S\u00e4ntis, kann fast von jedem seiner H\u00fcgel und Berge komplett \u00fcberschaut werden. Seit 1597 ist es geteilt in Innerrhoden (AI), den katholischen Teil, und Ausserrhoden (AR), den protestantischen Teil (\u201eRhoden\u201c bezie&hellip;<\/p>\n<\/div><\/div><div class=\"et_pb_button_wrapper\"><a class=\"et_pb_button et_pb_more_button\" href=\"https:\/\/www.helvetibox.ch\/de\/helvetibox-n7-regionale-produkte-vom-appenzellerland\/\">weiterlesen<\/a><\/div><\/div><\/div><\/div><\/div><\/div><\/div><\/div><\/div><\/div><div class=\"et_pb_section_1 et_pb_section et_section_regular et_block_section\"><div class=\"et_pb_row_3 et_pb_row et_block_row\"><div class=\"et_pb_column_4 et_pb_column et_pb_column_1_3 et_block_column et_pb_css_mix_blend_mode_passthrough\"><div class=\"et_pb_number_counter_0 et_pb_number_counter et_pb_bg_layout_light et_pb_text_align_center et_pb_with_title et_pb_module et_block_module\"><div class=\"percent\"><p><span class=\"percent-value\"><\/span><span class=\"percent-sign\"><\/span><\/p><\/div><h3 class=\"title\">PRODUKTE<\/h3><\/div><\/div><div class=\"et_pb_column_5 et_pb_column et_pb_column_1_3 et_block_column et_pb_css_mix_blend_mode_passthrough\"><div class=\"et_pb_text_1 et_pb_text et_pb_bg_layout_light et_pb_module et_block_module\"><div class=\"et_pb_text_inner\"><h1 style=\"text-align: center;\">Die HelvetiBox N\u00b056<\/h1>\n<h1 style=\"text-align: center;\">in Zahlen<\/h1>\n<\/div><\/div><\/div><div class=\"et_pb_column_6 et_pb_column et_pb_column_1_3 et-last-child et_block_column et_pb_css_mix_blend_mode_passthrough\"><div class=\"et_pb_number_counter_1 et_pb_number_counter et_pb_bg_layout_light et_pb_text_align_center et_pb_with_title et_pb_module et_block_module\"><div class=\"percent\"><p><span class=\"percent-value\"><\/span><span class=\"percent-sign\"><\/span><\/p><\/div><h3 class=\"title\">PRODUZENTEN<\/h3><\/div><\/div><\/div><\/div><div class=\"et_pb_section_2 et_pb_section et_section_regular et_block_section\"><div class=\"et_pb_row_4 et_pb_row et_block_row\"><div class=\"et_pb_column_7 et_pb_column et_pb_column_4_4 et-last-child et_block_column et_pb_css_mix_blend_mode_passthrough\"><div class=\"et_pb_text_2 et_pb_text et_pb_bg_layout_light et_pb_module et_block_module et_pb_text_align_justified\"><div class=\"et_pb_text_inner\"><h1 style=\"text-align: center;\">M\u00fcrbel Alpensalz<\/h1>\n<h1 style=\"text-align: center;\"><span style=\"color: #666666; font-family: 'Open Sans', Arial, sans-serif;\"><span style=\"font-size: 16px;\"><b>M\u00fcrbel, Mattwil<\/b><\/span><\/span><\/h1>\n<\/div><\/div><\/div><\/div><div class=\"et_pb_row_5 et_pb_row et_block_row\"><div class=\"et_pb_column_8 et_pb_column et_pb_column_3_5 et_block_column et_pb_css_mix_blend_mode_passthrough\"><div class=\"et_pb_text_3 et_pb_text et_pb_bg_layout_light et_pb_module et_block_module\"><div class=\"et_pb_text_inner\"><p style=\"text-align: justify;\">Barbara und Niels Meijerink begannen 2015 mit der Herstellung von Karamell. Die Idee kam von Barbara, die den Geschmack der Karamellen ihrer Kindheit wieder entdecken wollte. Das Ergebnis der Karamellen nach dem aktuellen Rezept unserer Gegend entsprach jedoch nicht ihren Erwartungen. Schliesslich kam die Sprachlehrerin auf die Idee, Fudges zu machen. Es handelt sich dabei um ein weiches Karamell (&#8222;m\u00fcrbe&#8220;, daher der Name dieser Karamellen!), das von der britischen K\u00f6nigin und ihren Untertanen bevorzugt wird. Seine Granulation und sein Aussehen unterscheiden sich von den glatteren des klassischen Karamells. Diesmal war Barbara zufrieden und entwickelte mehrere Geschmacksrichtungen. Die vielleicht erfolgreichste ist die am wenigsten originelle Sorte: Alpensalz. Sie enthalten keine Konservierungsstoffe, k\u00fcnstlichen Aromen oder chemischen Zus\u00e4tze. M\u00fcrbel wird am besten an einem k\u00fchlen, trockenen und dunklen Ort gelagert.<\/p>\n<\/div><\/div><\/div><div class=\"et_pb_column_9 et_pb_column et_pb_column_2_5 et-last-child et_block_column et_pb_css_mix_blend_mode_passthrough\"><div class=\"et_pb_image_2 et_pb_image et_pb_module et_block_module\"><span class=\"et_pb_image_wrap\"><img loading=\"lazy\" decoding=\"async\" src=\"https:\/\/www.helvetibox.ch\/wp-content\/uploads\/2019\/04\/Murbel-fudge.jpg\" width=\"480\" height=\"333\" srcset=\"https:\/\/www.helvetibox.ch\/wp-content\/uploads\/2019\/04\/Murbel-fudge.jpg 480w, https:\/\/www.helvetibox.ch\/wp-content\/uploads\/2019\/04\/Murbel-fudge-300x208.jpg 300w\" sizes=\"(max-width: 480px) 100vw, 480px\" class=\"wp-image-22033\" title=\"M\u00fcrbel Team\" alt=\"M\u00fcrbel Team\" \/><\/span><\/div><\/div><\/div><\/div><div class=\"et_pb_section_3 et_pb_section et_section_regular et_block_section\"><div class=\"et_pb_row_6 et_pb_row et_block_row\"><div class=\"et_pb_column_10 et_pb_column et_pb_column_4_4 et-last-child et_block_column et_pb_css_mix_blend_mode_passthrough\"><div class=\"et_pb_text_4 et_pb_text et_pb_bg_layout_light et_pb_module et_block_module et_pb_text_align_justified\"><div class=\"et_pb_text_inner\"><h1 style=\"text-align: center;\">Baumnuss-B\u00e4rlauch-Pesto<\/h1>\n<h1 style=\"text-align: center;\"><span style=\"color: #666666; font-family: 'Open Sans', Arial, sans-serif;\"><span style=\"font-size: 16px;\"><b>Veiko Hellwig, Gottlieben<\/b><\/span><\/span><\/h1>\n<\/div><\/div><\/div><\/div><div class=\"et_pb_row_7 et_pb_row et_block_row\"><div class=\"et_pb_column_11 et_pb_column et_pb_column_3_5 et_block_column et_pb_css_mix_blend_mode_passthrough\"><div class=\"et_pb_text_5 et_pb_text et_pb_bg_layout_light et_pb_module et_block_module\"><div class=\"et_pb_text_inner\"><p style=\"text-align: justify;\">Veiko Hellwig, ausgebildeter Koch, machte sich 2005 selbst\u00e4ndig unter dem Motto: Aus hochwertigen regionalen Produkten neue Aromen kreieren. Seine vielen Medaillen am Schweizer Wettbewerb f\u00fcr lokale Produkte sind nur ein weiterer Beweis daf\u00fcr, dass er seine Herausforderung gemeistert hat. Flaggschiff ist ein Pesto aus ger\u00f6steten N\u00fcssen aus der Region und kaltgepresstem Thurgauer Raps\u00f6l. Im Fr\u00fchjahr f\u00fcgt er frisch geernteten B\u00e4rlauch hinzu. Das Ergebnis ist einfach g\u00f6ttlich, denn der B\u00e4rlauch vermischt sich perfekt mit den Nussaromen! Dieses Pesto ist der ideale Begleiter in der kalten und warmen K\u00fcche. Es passt hervorragend zu Pasta, als Dip, zu Salatdressings oder als Aperitif, z.B. auf ein St\u00fcck Brot, mit etwas Frischk\u00e4se.<\/p>\n<\/div><\/div><\/div><div class=\"et_pb_column_12 et_pb_column et_pb_column_2_5 et-last-child et_block_column et_pb_css_mix_blend_mode_passthrough\"><div class=\"et_pb_image_3 et_pb_image et_pb_module et_block_module\"><span class=\"et_pb_image_wrap\"><img loading=\"lazy\" decoding=\"async\" src=\"https:\/\/www.helvetibox.ch\/wp-content\/uploads\/2015\/10\/Veiko.jpg\" width=\"400\" height=\"267\" srcset=\"https:\/\/www.helvetibox.ch\/wp-content\/uploads\/2015\/10\/Veiko.jpg 400w, https:\/\/www.helvetibox.ch\/wp-content\/uploads\/2015\/10\/Veiko-300x200.jpg 300w\" sizes=\"(max-width: 400px) 100vw, 400px\" class=\"wp-image-10626\" \/><\/span><\/div><\/div><\/div><\/div><div class=\"et_pb_section_4 et_pb_section et_section_regular et_block_section\"><div class=\"et_pb_row_8 et_pb_row et_block_row\"><div class=\"et_pb_column_13 et_pb_column et_pb_column_4_4 et-last-child et_block_column et_pb_css_mix_blend_mode_passthrough\"><div class=\"et_pb_text_6 et_pb_text et_pb_bg_layout_light et_pb_module et_block_module et_pb_text_align_justified\"><div class=\"et_pb_text_inner\"><h1 style=\"text-align: center;\">Pilgrim Waldbier<\/h1>\n<h1 style=\"text-align: center;\"><span style=\"color: #666666; font-family: 'Open Sans', Arial, sans-serif;\"><span style=\"font-size: 16px;\"><b>Brauerei Kloster Fischingen, Fischingen<\/b><\/span><\/span><\/h1>\n<\/div><\/div><\/div><\/div><div class=\"et_pb_row_9 et_pb_row et_block_row\"><div class=\"et_pb_column_14 et_pb_column et_pb_column_3_5 et_block_column et_pb_css_mix_blend_mode_passthrough\"><div class=\"et_pb_text_7 et_pb_text et_pb_bg_layout_light et_pb_module et_block_module\"><div class=\"et_pb_text_inner\"><p style=\"text-align: justify;\">In der Antike, als die Menschen noch viel mehr \u00fcber den Charakter von Pflanzen wussten, wurde Bier mit allen Arten von Kr\u00e4utern und Wurzeln aus W\u00e4ldern und Feldern gew\u00fcrzt. Von Zeit zu Zeit hatten diese Mischungen einige Nebenwirkungen und wurden Hexengetr\u00e4nke genannt. So wurden die ersten &#8222;Verordnungen \u00fcber die Reinheit von Bier&#8220; erlassen. Das Reinheitsgebot in Deutschland, das 1516 eingef\u00fchrt wurde, sah vor, dass Bier nur Gerste, Hopfen und Wasser enthalten darf. Dieses Dekret wurde erst vor kurzem gelockert, doch die Mehrheit der deutschen Brauereien h\u00e4lt sich immer noch an dieses Gesetzt. Bei der jungen Pilgerbrauerei ist dies nicht der Fall. Im Benediktinerkloster Fischingen, im Herzen der h\u00fcgeligen W\u00e4lder des Tannenzapfenlandes gelegen, ist es das einzige in der Schweiz, das Abteibiere produziert. Waldbier ist ein w\u00fcrziges Bier mit Eisenkraut und Tannen- und Piniensprossen. Martin Wartmann, der 71-j\u00e4hrige Unternehmer, ist \u00fcberzeugt: Die ersten Brauer des Benediktinerklosters in Fischingen haben f\u00fcr Hunderte von Pilgern keinen teuren Hopfen in ihrem Bier verwendet, sondern im Wald des Klosters nach geeigneten Kr\u00e4utern gesucht.<\/p>\n<\/div><\/div><\/div><div class=\"et_pb_column_15 et_pb_column et_pb_column_2_5 et-last-child et_block_column et_pb_css_mix_blend_mode_passthrough\"><div class=\"et_pb_video_0 et_pb_video et_pb_module et_block_module\"><div class=\"et_pb_video_box\"><iframe loading=\"lazy\" title=\"PILGRIM \u2013 Brauerei-Rundgang\" width=\"1080\" height=\"608\" src=\"https:\/\/www.youtube.com\/embed\/nT3LiWykMDE?feature=oembed\"  allow=\"accelerometer; autoplay; clipboard-write; encrypted-media; gyroscope; picture-in-picture; web-share\" referrerpolicy=\"strict-origin-when-cross-origin\" allowfullscreen><\/iframe><\/div><\/div><\/div><\/div><\/div><div class=\"et_pb_section_5 et_pb_section et_section_regular et_block_section\"><div class=\"et_pb_row_10 et_pb_row et_block_row\"><div class=\"et_pb_column_16 et_pb_column et_pb_column_4_4 et-last-child et_block_column et_pb_css_mix_blend_mode_passthrough\"><div class=\"et_pb_text_8 et_pb_text et_pb_bg_layout_light et_pb_module et_block_module et_pb_text_align_justified\"><div class=\"et_pb_text_inner\"><h1 style=\"text-align: center;\">Bread and Butter Pickles<\/h1>\n<p style=\"text-align: center;\"><span style=\"text-align: justify;\"><b>Schloss Herdern, Herdern<\/b><\/span><\/p>\n<\/div><\/div><\/div><\/div><div class=\"et_pb_row_11 et_pb_row et_block_row\"><div class=\"et_pb_column_17 et_pb_column et_pb_column_1_2 et_block_column et_pb_css_mix_blend_mode_passthrough\"><div class=\"et_pb_text_9 et_pb_text et_pb_bg_layout_light et_pb_module et_block_module\"><div class=\"et_pb_text_inner\"><p style=\"text-align: justify;\">Die Burg des Dorfes Herdern ist eine der unz\u00e4hligen Burgen der Region. Seit 1895 bieten die Mauern einen Wohn- und Arbeitsort f\u00fcr Menschen mit Behinderungen. Die Kochwerkstatt bietet eine grosse Auswahl an leckeren Produkten. Wir haben uns f\u00fcr ein Produkt entschieden, das die anglophilen Menschen begeistern wird. Die &#8222;Bread and Butter Pickles&#8220; ist eine Dose geschnittener Gurken und Zwiebeln in einer L\u00f6sung aus Essig, Zucker und Gew\u00fcrzen. Der Ursprung des Namens &#8222;Bread and Butter&#8220; ist umstritten, wird aber auf die Zeit der Weltwirtschaftskrise der 30er Jahre zur\u00fcckgef\u00fchrt. Es war ein billiges Grundnahrungsmittel und die Leute benutzten es f\u00fcr Brot und Butter-Sandwiches, weil es alles war, was sie sich leisten konnten. Die Gurke w\u00e4chst auch sehr gut in einem Garten wie dem auf Schloss Herdern. Im Kanton Thurgau eine Tradition, stammt der Grossteil der Produktion dieser Pflanze aus der Familie der K\u00fcrbisgew\u00e4chse direkt von dort. Zur Verkostung empfehlen wir die Bread and Butter Pickles als Beilage zu einem Sandwich, einem Burger oder als Beilage zu Raclette.<\/p>\n<\/div><\/div><\/div><div class=\"et_pb_column_18 et_pb_column et_pb_column_1_2 et-last-child et_block_column et_pb_css_mix_blend_mode_passthrough\"><div class=\"et_pb_image_4 et_pb_image et_animated et_pb_module et_block_module\"><span class=\"et_pb_image_wrap\"><img loading=\"lazy\" decoding=\"async\" src=\"https:\/\/www.helvetibox.ch\/wp-content\/uploads\/2017\/04\/schloss_herdern.jpg\" width=\"1623\" height=\"1080\" srcset=\"https:\/\/www.helvetibox.ch\/wp-content\/uploads\/2017\/04\/schloss_herdern.jpg 1623w, https:\/\/www.helvetibox.ch\/wp-content\/uploads\/2017\/04\/schloss_herdern-510x339.jpg 510w, https:\/\/www.helvetibox.ch\/wp-content\/uploads\/2017\/04\/schloss_herdern-300x200.jpg 300w, https:\/\/www.helvetibox.ch\/wp-content\/uploads\/2017\/04\/schloss_herdern-768x511.jpg 768w, https:\/\/www.helvetibox.ch\/wp-content\/uploads\/2017\/04\/schloss_herdern-1024x681.jpg 1024w, https:\/\/www.helvetibox.ch\/wp-content\/uploads\/2017\/04\/schloss_herdern-610x406.jpg 610w, https:\/\/www.helvetibox.ch\/wp-content\/uploads\/2017\/04\/schloss_herdern-1080x719.jpg 1080w\" sizes=\"(max-width: 1623px) 100vw, 1623px\" class=\"wp-image-19114\" title=\"Schloss Herdern\" alt=\"Schloss Herdern\" \/><\/span><\/div><\/div><\/div><\/div><div class=\"et_pb_section_6 et_pb_section et_section_regular et_block_section\"><div class=\"et_pb_row_12 et_pb_row et_block_row\"><div class=\"et_pb_column_19 et_pb_column et_pb_column_4_4 et-last-child et_block_column et_pb_css_mix_blend_mode_passthrough\"><div class=\"et_pb_text_10 et_pb_text et_pb_bg_layout_light et_pb_module et_block_module et_pb_text_align_justified\"><div class=\"et_pb_text_inner\"><h1 style=\"text-align: center;\">Mini-Kiwi Chutney<\/h1>\n<p style=\"text-align: center;\"><span style=\"text-align: justify;\"><b>Schloss Herdern, Herdern<\/b><\/span><\/p>\n<\/div><\/div><\/div><\/div><div class=\"et_pb_row_13 et_pb_row et_block_row\"><div class=\"et_pb_column_20 et_pb_column et_pb_column_1_2 et_block_column et_pb_css_mix_blend_mode_passthrough\"><div class=\"et_pb_text_11 et_pb_text et_pb_bg_layout_light et_pb_module et_block_module\"><div class=\"et_pb_text_inner\"><p style=\"text-align: justify;\">Der Mini-Kiwi ist eine in Ostasien heimische Frucht, die bei Wintertemperaturen robuster ist als ihr grosser Bruder. Neben seiner geringen Gr\u00f6sse zeichnet er sich vor allem durch seine glatte Haut aus. Sie k\u00f6nnen daher direkt von der Pflanze gepfl\u00fcckt konsumiert werden, ohne sie zu sch\u00e4len. Die 2002 begonnene Mini-kiwi-Produktion umfasst heute 10 Hektar im Thurgau. Man beachte, dass man sie ganz einfach im heimischen Garten anbauen kann! Mini-Kiwi Chutney wird aus regionalen Mini-Kiwis und \u00c4pfeln von Schloss Herdern zubereitet, langsam reduziert und mit Gew\u00fcrzen verfeinert. Es passt gut zu K\u00e4se, gegrilltem Fleisch oder als Dip f\u00fcr hausgemachte Gem\u00fcsechips (sehr einfach herzustellen, Gem\u00fcsechips in Google eingeben!).<\/p>\n<\/div><\/div><\/div><div class=\"et_pb_column_21 et_pb_column et_pb_column_1_2 et-last-child et_block_column et_pb_css_mix_blend_mode_passthrough\"><div class=\"et_pb_image_5 et_pb_image et_animated et_pb_module et_block_module\"><span class=\"et_pb_image_wrap\"><img loading=\"lazy\" decoding=\"async\" src=\"https:\/\/www.helvetibox.ch\/wp-content\/uploads\/2017\/04\/schloss_herdern.jpg\" width=\"1623\" height=\"1080\" srcset=\"https:\/\/www.helvetibox.ch\/wp-content\/uploads\/2017\/04\/schloss_herdern.jpg 1623w, https:\/\/www.helvetibox.ch\/wp-content\/uploads\/2017\/04\/schloss_herdern-510x339.jpg 510w, https:\/\/www.helvetibox.ch\/wp-content\/uploads\/2017\/04\/schloss_herdern-300x200.jpg 300w, https:\/\/www.helvetibox.ch\/wp-content\/uploads\/2017\/04\/schloss_herdern-768x511.jpg 768w, https:\/\/www.helvetibox.ch\/wp-content\/uploads\/2017\/04\/schloss_herdern-1024x681.jpg 1024w, https:\/\/www.helvetibox.ch\/wp-content\/uploads\/2017\/04\/schloss_herdern-610x406.jpg 610w, https:\/\/www.helvetibox.ch\/wp-content\/uploads\/2017\/04\/schloss_herdern-1080x719.jpg 1080w\" sizes=\"(max-width: 1623px) 100vw, 1623px\" class=\"wp-image-19114\" title=\"Schloss Herdern\" alt=\"Schloss Herdern\" \/><\/span><\/div><\/div><\/div><\/div><div class=\"et_pb_section_7 et_pb_section et_section_regular et_block_section\"><div class=\"et_pb_row_14 et_pb_row et_block_row\"><div class=\"et_pb_column_22 et_pb_column et_pb_column_4_4 et-last-child et_block_column et_pb_css_mix_blend_mode_passthrough\"><div class=\"et_pb_text_12 et_pb_text et_pb_bg_layout_light et_pb_module et_block_module et_pb_text_align_justified\"><div class=\"et_pb_text_inner\"><h1 style=\"text-align: center;\">\u00d6pfelschoggi<\/h1>\n<p style=\"text-align: center;\"><span style=\"text-align: justify;\"><b>\u00d6pfelfarm, Steinebrunn<\/b><\/span><\/p>\n<\/div><\/div><\/div><\/div><div class=\"et_pb_row_15 et_pb_row et_block_row\"><div class=\"et_pb_column_23 et_pb_column et_pb_column_1_2 et_block_column et_pb_css_mix_blend_mode_passthrough\"><div class=\"et_pb_text_13 et_pb_text et_pb_bg_layout_light et_pb_module et_block_module\"><div class=\"et_pb_text_inner\"><p style=\"text-align: justify;\">Die Kauderers sind eine Familie von echten Most-Indianern. Als Beweis daf\u00fcr wird der Familienbetrieb &#8222;\u00d6pfelfarm&#8220; genannt. Ohne es zu wissen, haben Sie vielleicht schon ihre \u00c4pfel probiert. Tats\u00e4chlich befanden sich ihre getrockneten Apfelscheiben in einem der T\u00fcrme des Schweizer Pavillons an der Mail\u00e4nder Weltausstellung. Was wir hier jedoch pr\u00e4sentieren, ist origineller. Dies sind kleine Apfelw\u00fcrfel, die in der ebenfalls kantonalen Bernrain-Schokolade &#8222;gefangen&#8220; sind. Sie warten nun auf Ihre Hilfe, um sie von den Klauen der Schokolade zu befreien.\u2003<\/p>\n<\/div><\/div><\/div><div class=\"et_pb_column_24 et_pb_column et_pb_column_1_2 et-last-child et_block_column et_pb_css_mix_blend_mode_passthrough\"><div class=\"et_pb_image_6 et_pb_image et_animated et_pb_module et_block_module\"><span class=\"et_pb_image_wrap\"><img loading=\"lazy\" decoding=\"async\" src=\"https:\/\/www.helvetibox.ch\/wp-content\/uploads\/2015\/10\/familie-Kauderer.jpg\" width=\"700\" height=\"467\" srcset=\"https:\/\/www.helvetibox.ch\/wp-content\/uploads\/2015\/10\/familie-Kauderer.jpg 700w, https:\/\/www.helvetibox.ch\/wp-content\/uploads\/2015\/10\/familie-Kauderer-510x340.jpg 510w, https:\/\/www.helvetibox.ch\/wp-content\/uploads\/2015\/10\/familie-Kauderer-300x200.jpg 300w\" sizes=\"(max-width: 700px) 100vw, 700px\" class=\"wp-image-10632\" title=\"Schloss Herdern\" alt=\"Schloss Herdern\" \/><\/span><\/div><\/div><\/div><\/div><div class=\"et_pb_section_8 et_pb_section et_section_regular et_block_section\"><div class=\"et_pb_row_16 et_pb_row et_block_row\"><div class=\"et_pb_column_25 et_pb_column et_pb_column_4_4 et-last-child et_block_column et_pb_css_mix_blend_mode_passthrough\"><div class=\"et_pb_blurb_0 et_pb_blurb et_pb_bg_layout_light et_pb_text_align_center et_pb_blurb_position_top et_pb_module et_block_module\"><div class=\"et_pb_blurb_content\"><div class=\"et_pb_main_blurb_image\"><span class=\"et_pb_image_wrap\"><span class=\"et-pb-icon et-waypoint et_pb_animation_off et_pb_animation_off_tablet et_pb_animation_off_phone\">\ue01d<\/span><\/span><\/div><div class=\"et_pb_blurb_container\"><h4 class=\"et_pb_module_header\">Standort der Produzenten<\/h4><\/div><\/div><\/div><div class=\"et_pb_map_0 et_pb_map_container et_pb_module et_flex_module\" data-grayscale=\"\"><div class=\"et_pb_map\" data-center-lat=\"47.613044244563\" data-center-lng=\"9.2562375882813\" data-zoom=\"9\" data-mouse-wheel=\"off\" data-mobile-dragging=\"on\"><\/div><div class=\"et_pb_map_pin_0 et_pb_map_pin\" data-lat=\"47.6037299\" data-lng=\"8.9090243000001\" data-title=\"Schloss Herdern\"><h3 style=\"margin-top:10px\">Schloss Herdern<\/h3><\/div><div class=\"et_pb_map_pin_1 et_pb_map_pin\" data-lat=\"47.6635399\" data-lng=\"9.1348964\" data-title=\"Veiko Hellwig\"><h3 style=\"margin-top:10px\">Veiko Hellwig<\/h3><\/div><div class=\"et_pb_map_pin_2 et_pb_map_pin\" data-lat=\"47.5297754\" data-lng=\"9.3484774999999\" data-title=\"\u00d6pfelfarm\"><h3 style=\"margin-top:10px\">\u00d6pfelfarm<\/h3><\/div><div class=\"et_pb_map_pin_3 et_pb_map_pin\" data-lat=\"47.4112317\" data-lng=\"8.9672919\" data-title=\"Brauerei Kloster Fischingen\"><h3 style=\"margin-top:10px\">Brauerei Kloster Fischingen<\/h3><\/div><div class=\"et_pb_map_pin_4 et_pb_map_pin\" data-lat=\"47.578404\" data-lng=\"9.2084815000001\" data-title=\"M\u00fcrbel\"><h3 style=\"margin-top:10px\">M\u00fcrbel<\/h3><\/div><\/div><div class=\"et_pb_slider_0 et_pb_slider et_pb_slider_fullwidth_off et_pb_module et_block_module\"><div class=\"et_pb_slides\"><div class=\"et_pb_slide_0 et_pb_slide et_pb_media_alignment_center et_pb_bg_layout_dark et_pb_text_align_center\" data-slide-id=\"divi\/slide-0\"><div class=\"et_pb_container\"><div class=\"et_pb_slider_container_inner\"><div class=\"et_pb_slide_description\"><h2 class=\"et_pb_slide_title\"><a href=\"https:\/\/www.helvetibox.ch\/de\/unsere-schweizer-regionale-rezepte\/\" target=\"\" class=\"et_pb_slide_title_link\"><\/a><\/h2><div class=\"et_pb_button_wrapper\"><a class=\"et_pb_button et_pb_more_button\" href=\"https:\/\/www.helvetibox.ch\/de\/unsere-schweizer-regionale-rezepte\/\">zu den Rezepten<\/a><\/div><\/div><\/div><\/div><\/div><\/div><\/div><\/div><\/div><\/div>","protected":false},"excerpt":{"rendered":"","protected":false},"author":329,"featured_media":22029,"comment_status":"closed","ping_status":"open","sticky":false,"template":"","format":"standard","meta":{"_et_pb_use_builder":"on","_et_pb_old_content":"","_et_gb_content_width":"","footnotes":""},"categories":[43,3596],"tags":[],"dipi_cpt_category":[],"class_list":["post-22042","post","type-post","status-publish","format-standard","has-post-thumbnail","hentry","category-box-de","category-box-n56-thurgau"],"yoast_head":"<!-- This site is optimized with the Yoast SEO plugin v27.3 - https:\/\/yoast.com\/product\/yoast-seo-wordpress\/ -->\n<title>HelvetiBox N\u00b056 \u2013 Regionale Produkte aus Thurgau - HelvetiBox<\/title>\n<meta name=\"robots\" content=\"index, follow, max-snippet:-1, max-image-preview:large, max-video-preview:-1\" \/>\n<link rel=\"canonical\" href=\"https:\/\/www.helvetibox.ch\/de\/helvetibox-n56-regionale-produkte-aus-thurgau\/\" \/>\n<meta property=\"og:locale\" content=\"de_DE\" \/>\n<meta property=\"og:type\" content=\"article\" \/>\n<meta property=\"og:title\" content=\"HelvetiBox N\u00b056 \u2013 Regionale Produkte aus Thurgau - HelvetiBox\" \/>\n<meta property=\"og:url\" content=\"https:\/\/www.helvetibox.ch\/de\/helvetibox-n56-regionale-produkte-aus-thurgau\/\" \/>\n<meta property=\"og:site_name\" content=\"HelvetiBox\" \/>\n<meta property=\"article:publisher\" content=\"http:\/\/www.facebook.com\/helvetibox\" \/>\n<meta property=\"article:published_time\" content=\"2019-04-22T13:49:53+00:00\" \/>\n<meta property=\"article:modified_time\" content=\"2026-03-03T20:00:44+00:00\" \/>\n<meta property=\"og:image\" content=\"https:\/\/www.helvetibox.ch\/wp-content\/uploads\/2019\/04\/Helvetibox-regionale-produkte-thurgau.jpg\" \/>\n\t<meta property=\"og:image:width\" content=\"1920\" \/>\n\t<meta property=\"og:image:height\" content=\"1441\" \/>\n\t<meta property=\"og:image:type\" content=\"image\/jpeg\" \/>\n<meta name=\"author\" content=\"Florian Corth\u00e9sy\" \/>\n<script type=\"application\/ld+json\" class=\"yoast-schema-graph\">{\"@context\":\"https:\\\/\\\/schema.org\",\"@graph\":[{\"@type\":\"Article\",\"@id\":\"https:\\\/\\\/www.helvetibox.ch\\\/de\\\/helvetibox-n56-regionale-produkte-aus-thurgau\\\/#article\",\"isPartOf\":{\"@id\":\"https:\\\/\\\/www.helvetibox.ch\\\/de\\\/helvetibox-n56-regionale-produkte-aus-thurgau\\\/\"},\"author\":{\"name\":\"Florian Corth\u00e9sy\",\"@id\":\"https:\\\/\\\/www.helvetibox.ch\\\/de\\\/#\\\/schema\\\/person\\\/570a8ce46d2623290e963592e83b03a4\"},\"headline\":\"HelvetiBox N\u00b056 \u2013 Regionale Produkte aus Thurgau\",\"datePublished\":\"2019-04-22T13:49:53+00:00\",\"dateModified\":\"2026-03-03T20:00:44+00:00\",\"mainEntityOfPage\":{\"@id\":\"https:\\\/\\\/www.helvetibox.ch\\\/de\\\/helvetibox-n56-regionale-produkte-aus-thurgau\\\/\"},\"wordCount\":34,\"image\":{\"@id\":\"https:\\\/\\\/www.helvetibox.ch\\\/de\\\/helvetibox-n56-regionale-produkte-aus-thurgau\\\/#primaryimage\"},\"thumbnailUrl\":\"https:\\\/\\\/www.helvetibox.ch\\\/wp-content\\\/uploads\\\/2019\\\/04\\\/Helvetibox-regionale-produkte-thurgau.jpg\",\"articleSection\":[\"Box\",\"Box n\u00b056 \u2013 Thurgau\"],\"inLanguage\":\"de\"},{\"@type\":\"WebPage\",\"@id\":\"https:\\\/\\\/www.helvetibox.ch\\\/de\\\/helvetibox-n56-regionale-produkte-aus-thurgau\\\/\",\"url\":\"https:\\\/\\\/www.helvetibox.ch\\\/de\\\/helvetibox-n56-regionale-produkte-aus-thurgau\\\/\",\"name\":\"HelvetiBox N\u00b056 \u2013 Regionale Produkte aus Thurgau - HelvetiBox\",\"isPartOf\":{\"@id\":\"https:\\\/\\\/www.helvetibox.ch\\\/de\\\/#website\"},\"primaryImageOfPage\":{\"@id\":\"https:\\\/\\\/www.helvetibox.ch\\\/de\\\/helvetibox-n56-regionale-produkte-aus-thurgau\\\/#primaryimage\"},\"image\":{\"@id\":\"https:\\\/\\\/www.helvetibox.ch\\\/de\\\/helvetibox-n56-regionale-produkte-aus-thurgau\\\/#primaryimage\"},\"thumbnailUrl\":\"https:\\\/\\\/www.helvetibox.ch\\\/wp-content\\\/uploads\\\/2019\\\/04\\\/Helvetibox-regionale-produkte-thurgau.jpg\",\"datePublished\":\"2019-04-22T13:49:53+00:00\",\"dateModified\":\"2026-03-03T20:00:44+00:00\",\"author\":{\"@id\":\"https:\\\/\\\/www.helvetibox.ch\\\/de\\\/#\\\/schema\\\/person\\\/570a8ce46d2623290e963592e83b03a4\"},\"breadcrumb\":{\"@id\":\"https:\\\/\\\/www.helvetibox.ch\\\/de\\\/helvetibox-n56-regionale-produkte-aus-thurgau\\\/#breadcrumb\"},\"inLanguage\":\"de\",\"potentialAction\":[{\"@type\":\"ReadAction\",\"target\":[\"https:\\\/\\\/www.helvetibox.ch\\\/de\\\/helvetibox-n56-regionale-produkte-aus-thurgau\\\/\"]}]},{\"@type\":\"ImageObject\",\"inLanguage\":\"de\",\"@id\":\"https:\\\/\\\/www.helvetibox.ch\\\/de\\\/helvetibox-n56-regionale-produkte-aus-thurgau\\\/#primaryimage\",\"url\":\"https:\\\/\\\/www.helvetibox.ch\\\/wp-content\\\/uploads\\\/2019\\\/04\\\/Helvetibox-regionale-produkte-thurgau.jpg\",\"contentUrl\":\"https:\\\/\\\/www.helvetibox.ch\\\/wp-content\\\/uploads\\\/2019\\\/04\\\/Helvetibox-regionale-produkte-thurgau.jpg\",\"width\":1920,\"height\":1441},{\"@type\":\"BreadcrumbList\",\"@id\":\"https:\\\/\\\/www.helvetibox.ch\\\/de\\\/helvetibox-n56-regionale-produkte-aus-thurgau\\\/#breadcrumb\",\"itemListElement\":[{\"@type\":\"ListItem\",\"position\":1,\"name\":\"Accueil\",\"item\":\"https:\\\/\\\/www.helvetibox.ch\\\/de\\\/homepage\\\/\"},{\"@type\":\"ListItem\",\"position\":2,\"name\":\"HelvetiBox N\u00b056 \u2013 Regionale Produkte aus Thurgau\"}]},{\"@type\":\"WebSite\",\"@id\":\"https:\\\/\\\/www.helvetibox.ch\\\/de\\\/#website\",\"url\":\"https:\\\/\\\/www.helvetibox.ch\\\/de\\\/\",\"name\":\"HelvetiBox\",\"description\":\"Eine Gourmetreise durch die Schweiz \",\"potentialAction\":[{\"@type\":\"SearchAction\",\"target\":{\"@type\":\"EntryPoint\",\"urlTemplate\":\"https:\\\/\\\/www.helvetibox.ch\\\/de\\\/?s={search_term_string}\"},\"query-input\":{\"@type\":\"PropertyValueSpecification\",\"valueRequired\":true,\"valueName\":\"search_term_string\"}}],\"inLanguage\":\"de\"},{\"@type\":\"Person\",\"@id\":\"https:\\\/\\\/www.helvetibox.ch\\\/de\\\/#\\\/schema\\\/person\\\/570a8ce46d2623290e963592e83b03a4\",\"name\":\"Florian Corth\u00e9sy\",\"image\":{\"@type\":\"ImageObject\",\"inLanguage\":\"de\",\"@id\":\"https:\\\/\\\/secure.gravatar.com\\\/avatar\\\/25feb37f6f232bcff3b90c1032c68ca8b1ad55c1c90c8cc3d77f08e7bbf4224a?s=96&d=mm&r=g\",\"url\":\"https:\\\/\\\/secure.gravatar.com\\\/avatar\\\/25feb37f6f232bcff3b90c1032c68ca8b1ad55c1c90c8cc3d77f08e7bbf4224a?s=96&d=mm&r=g\",\"contentUrl\":\"https:\\\/\\\/secure.gravatar.com\\\/avatar\\\/25feb37f6f232bcff3b90c1032c68ca8b1ad55c1c90c8cc3d77f08e7bbf4224a?s=96&d=mm&r=g\",\"caption\":\"Florian Corth\u00e9sy\"}}]}<\/script>\n<!-- \/ Yoast SEO plugin. -->","yoast_head_json":{"title":"HelvetiBox N\u00b056 \u2013 Regionale Produkte aus Thurgau - HelvetiBox","robots":{"index":"index","follow":"follow","max-snippet":"max-snippet:-1","max-image-preview":"max-image-preview:large","max-video-preview":"max-video-preview:-1"},"canonical":"https:\/\/www.helvetibox.ch\/de\/helvetibox-n56-regionale-produkte-aus-thurgau\/","og_locale":"de_DE","og_type":"article","og_title":"HelvetiBox N\u00b056 \u2013 Regionale Produkte aus Thurgau - HelvetiBox","og_url":"https:\/\/www.helvetibox.ch\/de\/helvetibox-n56-regionale-produkte-aus-thurgau\/","og_site_name":"HelvetiBox","article_publisher":"http:\/\/www.facebook.com\/helvetibox","article_published_time":"2019-04-22T13:49:53+00:00","article_modified_time":"2026-03-03T20:00:44+00:00","og_image":[{"width":1920,"height":1441,"url":"https:\/\/www.helvetibox.ch\/wp-content\/uploads\/2019\/04\/Helvetibox-regionale-produkte-thurgau.jpg","type":"image\/jpeg"}],"author":"Florian Corth\u00e9sy","schema":{"@context":"https:\/\/schema.org","@graph":[{"@type":"Article","@id":"https:\/\/www.helvetibox.ch\/de\/helvetibox-n56-regionale-produkte-aus-thurgau\/#article","isPartOf":{"@id":"https:\/\/www.helvetibox.ch\/de\/helvetibox-n56-regionale-produkte-aus-thurgau\/"},"author":{"name":"Florian Corth\u00e9sy","@id":"https:\/\/www.helvetibox.ch\/de\/#\/schema\/person\/570a8ce46d2623290e963592e83b03a4"},"headline":"HelvetiBox N\u00b056 \u2013 Regionale Produkte aus Thurgau","datePublished":"2019-04-22T13:49:53+00:00","dateModified":"2026-03-03T20:00:44+00:00","mainEntityOfPage":{"@id":"https:\/\/www.helvetibox.ch\/de\/helvetibox-n56-regionale-produkte-aus-thurgau\/"},"wordCount":34,"image":{"@id":"https:\/\/www.helvetibox.ch\/de\/helvetibox-n56-regionale-produkte-aus-thurgau\/#primaryimage"},"thumbnailUrl":"https:\/\/www.helvetibox.ch\/wp-content\/uploads\/2019\/04\/Helvetibox-regionale-produkte-thurgau.jpg","articleSection":["Box","Box n\u00b056 \u2013 Thurgau"],"inLanguage":"de"},{"@type":"WebPage","@id":"https:\/\/www.helvetibox.ch\/de\/helvetibox-n56-regionale-produkte-aus-thurgau\/","url":"https:\/\/www.helvetibox.ch\/de\/helvetibox-n56-regionale-produkte-aus-thurgau\/","name":"HelvetiBox N\u00b056 \u2013 Regionale Produkte aus Thurgau - HelvetiBox","isPartOf":{"@id":"https:\/\/www.helvetibox.ch\/de\/#website"},"primaryImageOfPage":{"@id":"https:\/\/www.helvetibox.ch\/de\/helvetibox-n56-regionale-produkte-aus-thurgau\/#primaryimage"},"image":{"@id":"https:\/\/www.helvetibox.ch\/de\/helvetibox-n56-regionale-produkte-aus-thurgau\/#primaryimage"},"thumbnailUrl":"https:\/\/www.helvetibox.ch\/wp-content\/uploads\/2019\/04\/Helvetibox-regionale-produkte-thurgau.jpg","datePublished":"2019-04-22T13:49:53+00:00","dateModified":"2026-03-03T20:00:44+00:00","author":{"@id":"https:\/\/www.helvetibox.ch\/de\/#\/schema\/person\/570a8ce46d2623290e963592e83b03a4"},"breadcrumb":{"@id":"https:\/\/www.helvetibox.ch\/de\/helvetibox-n56-regionale-produkte-aus-thurgau\/#breadcrumb"},"inLanguage":"de","potentialAction":[{"@type":"ReadAction","target":["https:\/\/www.helvetibox.ch\/de\/helvetibox-n56-regionale-produkte-aus-thurgau\/"]}]},{"@type":"ImageObject","inLanguage":"de","@id":"https:\/\/www.helvetibox.ch\/de\/helvetibox-n56-regionale-produkte-aus-thurgau\/#primaryimage","url":"https:\/\/www.helvetibox.ch\/wp-content\/uploads\/2019\/04\/Helvetibox-regionale-produkte-thurgau.jpg","contentUrl":"https:\/\/www.helvetibox.ch\/wp-content\/uploads\/2019\/04\/Helvetibox-regionale-produkte-thurgau.jpg","width":1920,"height":1441},{"@type":"BreadcrumbList","@id":"https:\/\/www.helvetibox.ch\/de\/helvetibox-n56-regionale-produkte-aus-thurgau\/#breadcrumb","itemListElement":[{"@type":"ListItem","position":1,"name":"Accueil","item":"https:\/\/www.helvetibox.ch\/de\/homepage\/"},{"@type":"ListItem","position":2,"name":"HelvetiBox N\u00b056 \u2013 Regionale Produkte aus Thurgau"}]},{"@type":"WebSite","@id":"https:\/\/www.helvetibox.ch\/de\/#website","url":"https:\/\/www.helvetibox.ch\/de\/","name":"HelvetiBox","description":"Eine Gourmetreise durch die Schweiz ","potentialAction":[{"@type":"SearchAction","target":{"@type":"EntryPoint","urlTemplate":"https:\/\/www.helvetibox.ch\/de\/?s={search_term_string}"},"query-input":{"@type":"PropertyValueSpecification","valueRequired":true,"valueName":"search_term_string"}}],"inLanguage":"de"},{"@type":"Person","@id":"https:\/\/www.helvetibox.ch\/de\/#\/schema\/person\/570a8ce46d2623290e963592e83b03a4","name":"Florian Corth\u00e9sy","image":{"@type":"ImageObject","inLanguage":"de","@id":"https:\/\/secure.gravatar.com\/avatar\/25feb37f6f232bcff3b90c1032c68ca8b1ad55c1c90c8cc3d77f08e7bbf4224a?s=96&d=mm&r=g","url":"https:\/\/secure.gravatar.com\/avatar\/25feb37f6f232bcff3b90c1032c68ca8b1ad55c1c90c8cc3d77f08e7bbf4224a?s=96&d=mm&r=g","contentUrl":"https:\/\/secure.gravatar.com\/avatar\/25feb37f6f232bcff3b90c1032c68ca8b1ad55c1c90c8cc3d77f08e7bbf4224a?s=96&d=mm&r=g","caption":"Florian Corth\u00e9sy"}}]}},"_links":{"self":[{"href":"https:\/\/www.helvetibox.ch\/de\/wp-json\/wp\/v2\/posts\/22042","targetHints":{"allow":["GET"]}}],"collection":[{"href":"https:\/\/www.helvetibox.ch\/de\/wp-json\/wp\/v2\/posts"}],"about":[{"href":"https:\/\/www.helvetibox.ch\/de\/wp-json\/wp\/v2\/types\/post"}],"author":[{"embeddable":true,"href":"https:\/\/www.helvetibox.ch\/de\/wp-json\/wp\/v2\/users\/329"}],"replies":[{"embeddable":true,"href":"https:\/\/www.helvetibox.ch\/de\/wp-json\/wp\/v2\/comments?post=22042"}],"version-history":[{"count":1,"href":"https:\/\/www.helvetibox.ch\/de\/wp-json\/wp\/v2\/posts\/22042\/revisions"}],"predecessor-version":[{"id":27397716,"href":"https:\/\/www.helvetibox.ch\/de\/wp-json\/wp\/v2\/posts\/22042\/revisions\/27397716"}],"wp:featuredmedia":[{"embeddable":true,"href":"https:\/\/www.helvetibox.ch\/de\/wp-json\/wp\/v2\/media\/22029"}],"wp:attachment":[{"href":"https:\/\/www.helvetibox.ch\/de\/wp-json\/wp\/v2\/media?parent=22042"}],"wp:term":[{"taxonomy":"category","embeddable":true,"href":"https:\/\/www.helvetibox.ch\/de\/wp-json\/wp\/v2\/categories?post=22042"},{"taxonomy":"post_tag","embeddable":true,"href":"https:\/\/www.helvetibox.ch\/de\/wp-json\/wp\/v2\/tags?post=22042"},{"taxonomy":"dipi_cpt_category","embeddable":true,"href":"https:\/\/www.helvetibox.ch\/de\/wp-json\/wp\/v2\/dipi_cpt_category?post=22042"}],"curies":[{"name":"wp","href":"https:\/\/api.w.org\/{rel}","templated":true}]}}