{"id":2842,"date":"2015-07-15T10:33:16","date_gmt":"2015-07-15T08:33:16","guid":{"rendered":"http:\/\/www.helvetibox.ch\/?p=2842"},"modified":"2026-03-03T20:44:24","modified_gmt":"2026-03-03T19:44:24","slug":"rezept-glarner-pastete","status":"publish","type":"post","link":"https:\/\/www.helvetibox.ch\/de\/rezept-glarner-pastete\/","title":{"rendered":"Rezept Glarner Pastete"},"content":{"rendered":"<div class=\"et_pb_section_0 et_pb_section et_section_regular et_block_section\"><div class=\"et_pb_row_0 et_pb_row et-vb-row--no-module et_block_row\"><div class=\"et_pb_column_0 et_pb_column et_pb_column_4_4 et-last-child et_block_column et_pb_column_empty et_pb_css_mix_blend_mode_passthrough\"><\/div><\/div><div class=\"et_pb_row_1 et_pb_row et_block_row\"><div class=\"et_pb_column_1 et_pb_column et_pb_column_4_4 et-last-child et_block_column et_pb_css_mix_blend_mode_passthrough\"><div class=\"et_pb_text_0 et_pb_text et_pb_bg_layout_light et_pb_module et_block_module et_pb_text_align_left\"><div class=\"et_pb_text_inner\"><p>Die Glarner Pastete ist die K\u00f6nigin unter den Glarner Spezialit\u00e4ten. Die rosettenf\u00f6rmige Bl\u00e4tterteigleckerei ist je zur H\u00e4lfte mit Mandeln und Zwetschgenmus gef\u00fcllt. Fr\u00fcher wurde die Pastete singend gebacken. Grund daf\u00fcr war nicht nur der Frohmut der B\u00e4cker, sondern, und das war entscheidender, der Argwohn der B\u00e4ckermeister, die ihre Angestellten singen liessen um sicher zu stellen, dass diese keine der teuren Mandeln assen!<\/p>\n<p>Versuchen Sie Sich doch auch, wie eine der 22 Glarner B\u00e4ckereien, an der Kunst die K\u00f6nigin der Glarner Spezialit\u00e4ten zu backen.<\/p>\n<\/div><\/div><\/div><\/div><div class=\"et_pb_row_2 et_pb_row et_block_row\"><div class=\"et_pb_column_2 et_pb_column et_pb_column_1_2 et_block_column et_pb_css_mix_blend_mode_passthrough\"><div class=\"et_pb_text_1 et_pb_text et_pb_bg_layout_light et_pb_module et_block_module et_pb_text_align_left\"><div class=\"et_pb_text_inner\"><h3><strong>Zutaten (f\u00fcr 8 Personen)<br \/>\n<\/strong><\/h3>\n<p>150 g entsteinte D\u00f6rrpflaumen<\/p>\n<p>5 dl siedendes Wasser<\/p>\n<p>2 Essl\u00f6ffel Kirsch<\/p>\n<p>450-500 g Bl\u00e4tterteig<\/p>\n<p>150 g gemahlene Mandeln<\/p>\n<p>50 g Zucker<\/p>\n<p>5 Essl\u00f6ffel Wasser<\/p>\n<p>1 Essl\u00f6ffel Zitronensaft;<\/p>\n<p>1 Messerspitze Zimt<\/p>\n<p>Puderzucker<\/p>\n<\/div><\/div><\/div><div class=\"et_pb_column_3 et_pb_column et_pb_column_1_2 et-last-child et_block_column et_pb_css_mix_blend_mode_passthrough\"><div class=\"et_pb_text_2 et_pb_text et_pb_bg_layout_light et_pb_module et_block_module et_pb_text_align_left\"><div class=\"et_pb_text_inner\"><h3><strong>Zubereitung<\/strong><\/h3>\n<ol>\n<li>Die Pflaumen in eine Sch\u00fcssel geben. Anschliessend das siedende Wasser dar\u00fcbergiessen und zugedeckt circa 1-2 Stunden einweichen lassen. Dann das Wasser abgiessen, den Kirsch beigeben und alles p\u00fcrieren.<\/li>\n<li>F\u00fcr den Bl\u00e4tterteig eine rosettenf\u00f6rmige Papierschablone herstellen. Daf\u00fcr aus Backpapier einen Kreis von circa 26cm Durchmesser ausschneiden. Einmal in der Mitte falten, dann ein zweites Mal und noch ein drittes Mal. Die oberen Ecken mit einer Schere abrunden, um der Schablone die Rosettenform zu geben.<\/li>\n<li>Den Bl\u00e4tterteig halbieren und beide Portionen etwa 7mm dick auswallen (circa \u00d8 27cm). Teige mithilfe der Schablone zuschneiden und auf zwei Backpapiere legen, aufrollen und circa 15 Minuten k\u00fchl stellen.<\/li>\n<li>Mandeln, Zucker, Wasser, Zitronensaft und Zimt zu einer cremigen Masse verr\u00fchren.<\/li>\n<li>Die erste Teigrosette mit dem Backpapier auf den R\u00fccken eines Backblechs ziehen. Um einen st\u00e4rkeren Blumeneffekt zu erziehen, die R\u00e4nder mit etwa 2cm langen Halbmonden aus Bl\u00e4tterteig belegen.<\/li>\n<li>Beide F\u00fcllungen auf je einer H\u00e4lfte verteilen, dabei ringsum einen Rand von circa 2 cm frei lassen und diesen mit Wasser bestreichen.<\/li>\n<li>Die zweite Teigrosette 9-mal strahlenf\u00f6rmig, circa 3 cm lang einschneiden. Diese dann als Deckel exakt auf die F\u00fcllung legen und die R\u00e4nder gut andr\u00fccken. \u00c4sthetischer Tipp: in der Mitte einen Kreis von etwa 2-3 cm Durchmesser vorzeichnen.<\/li>\n<li>Alles etwa 30 Minuten in der unteren H\u00e4lfte des auf 200 Grad vorgeheizten Ofens backen. Dann im ausgeschalteten Ofen circa 10 Minuten abk\u00fchlen lassen, dabei die Ofent\u00fcr etwas ge\u00f6ffnet lassen. Pastete herausnehmen, auf ein Gitter legen und ausk\u00fchlen lassen. Die Glarner Pastete mit Puderzucker bestreuen.<\/li>\n<\/ol>\n<\/div><\/div><\/div><\/div><div class=\"et_pb_row_3 et_pb_row et_block_row\"><div class=\"et_pb_column_4 et_pb_column et_pb_column_4_4 et-last-child et_block_column et_pb_css_mix_blend_mode_passthrough\"><div class=\"et_pb_text_3 et_pb_text et_pb_bg_layout_light et_pb_module et_block_module et_pb_text_align_left\"><div class=\"et_pb_text_inner\"><p>Bild:<span class=\"Apple-converted-space\">\u00a0<\/span><a href=\"http:\/\/www.baeckerei-maerchy.ch\/\" target=\"_blank\">B\u00e4ckerei M\u00e4rchy<\/a><\/p>\n<\/div><\/div><div class=\"et_pb_post_nav_0 et_pb_posts_nav nav-single et_pb_module et_block_module\"><span class=\"nav-previous\"><a href=\"https:\/\/www.helvetibox.ch\/de\/helvetibox-n11-regionale-produkte-aus-glarus\/\" rel=\"prev\" class=\"\"><span class=\"meta-nav\">&larr; <\/span><span class=\"nav-label\">HelvetiBox N\u00b011 \u2013 Regionale Produkte aus Glarus<\/span><\/a><\/span><span class=\"nav-next\"><a href=\"https:\/\/www.helvetibox.ch\/de\/rezepte-mit-magentras-trietolt\/\" rel=\"next\" class=\"\"><span class=\"nav-label\">Rezepte mit Magentr\u00e4s Trietolt<\/span><span class=\"meta-nav\"> &rarr;<\/span><\/a><\/span><\/div><\/div><\/div><\/div>","protected":false},"excerpt":{"rendered":"","protected":false},"author":1,"featured_media":2839,"comment_status":"closed","ping_status":"open","sticky":false,"template":"","format":"standard","meta":{"footnotes":""},"categories":[71,53],"tags":[],"dipi_cpt_category":[],"class_list":["post-2842","post","type-post","status-publish","format-standard","has-post-thumbnail","hentry","category-box-n11-glarus","category-rezepte"],"yoast_head":"<!-- This site is optimized with the Yoast SEO plugin v27.3 - https:\/\/yoast.com\/product\/yoast-seo-wordpress\/ -->\n<title>Rezept Glarner Pastete - HelvetiBox<\/title>\n<meta name=\"description\" content=\"Rezept Glarner Pastete. Versuchen Sie Sich doch auch an der Kunst die K\u00f6nigin der Glarner Spezialit\u00e4ten zu backen.\" \/>\n<meta name=\"robots\" content=\"index, follow, max-snippet:-1, max-image-preview:large, max-video-preview:-1\" \/>\n<link rel=\"canonical\" href=\"https:\/\/www.helvetibox.ch\/de\/rezept-glarner-pastete\/\" \/>\n<meta property=\"og:locale\" content=\"de_DE\" \/>\n<meta property=\"og:type\" content=\"article\" \/>\n<meta property=\"og:title\" content=\"Rezept Glarner Pastete - HelvetiBox\" \/>\n<meta property=\"og:description\" content=\"Rezept Glarner Pastete. Versuchen Sie Sich doch auch an der Kunst die K\u00f6nigin der Glarner Spezialit\u00e4ten zu backen.\" \/>\n<meta property=\"og:url\" content=\"https:\/\/www.helvetibox.ch\/de\/rezept-glarner-pastete\/\" \/>\n<meta property=\"og:site_name\" content=\"HelvetiBox\" \/>\n<meta property=\"article:publisher\" content=\"http:\/\/www.facebook.com\/helvetibox\" \/>\n<meta property=\"article:published_time\" content=\"2015-07-15T08:33:16+00:00\" \/>\n<meta property=\"article:modified_time\" content=\"2026-03-03T19:44:24+00:00\" \/>\n<meta property=\"og:image\" content=\"https:\/\/www.helvetibox.ch\/wp-content\/uploads\/2015\/07\/Glarner-Pastete-M\u00e4rchy.jpg\" \/>\n\t<meta property=\"og:image:width\" content=\"2048\" \/>\n\t<meta property=\"og:image:height\" content=\"1335\" \/>\n\t<meta property=\"og:image:type\" content=\"image\/jpeg\" \/>\n<meta name=\"author\" content=\"admin\" \/>\n<script type=\"application\/ld+json\" class=\"yoast-schema-graph\">{\"@context\":\"https:\\\/\\\/schema.org\",\"@graph\":[{\"@type\":\"Article\",\"@id\":\"https:\\\/\\\/www.helvetibox.ch\\\/de\\\/rezept-glarner-pastete\\\/#article\",\"isPartOf\":{\"@id\":\"https:\\\/\\\/www.helvetibox.ch\\\/de\\\/rezept-glarner-pastete\\\/\"},\"author\":{\"name\":\"admin\",\"@id\":\"https:\\\/\\\/www.helvetibox.ch\\\/de\\\/#\\\/schema\\\/person\\\/7ed0a4a910cc4d4dd1fc7ae091f39e5c\"},\"headline\":\"Rezept Glarner Pastete\",\"datePublished\":\"2015-07-15T08:33:16+00:00\",\"dateModified\":\"2026-03-03T19:44:24+00:00\",\"mainEntityOfPage\":{\"@id\":\"https:\\\/\\\/www.helvetibox.ch\\\/de\\\/rezept-glarner-pastete\\\/\"},\"wordCount\":3,\"image\":{\"@id\":\"https:\\\/\\\/www.helvetibox.ch\\\/de\\\/rezept-glarner-pastete\\\/#primaryimage\"},\"thumbnailUrl\":\"https:\\\/\\\/www.helvetibox.ch\\\/wp-content\\\/uploads\\\/2015\\\/07\\\/Glarner-Pastete-M\u00e4rchy.jpg\",\"articleSection\":[\"Box N\u00b011 - Glarus\",\"Rezepte\"],\"inLanguage\":\"de\"},{\"@type\":\"WebPage\",\"@id\":\"https:\\\/\\\/www.helvetibox.ch\\\/de\\\/rezept-glarner-pastete\\\/\",\"url\":\"https:\\\/\\\/www.helvetibox.ch\\\/de\\\/rezept-glarner-pastete\\\/\",\"name\":\"Rezept Glarner Pastete - HelvetiBox\",\"isPartOf\":{\"@id\":\"https:\\\/\\\/www.helvetibox.ch\\\/de\\\/#website\"},\"primaryImageOfPage\":{\"@id\":\"https:\\\/\\\/www.helvetibox.ch\\\/de\\\/rezept-glarner-pastete\\\/#primaryimage\"},\"image\":{\"@id\":\"https:\\\/\\\/www.helvetibox.ch\\\/de\\\/rezept-glarner-pastete\\\/#primaryimage\"},\"thumbnailUrl\":\"https:\\\/\\\/www.helvetibox.ch\\\/wp-content\\\/uploads\\\/2015\\\/07\\\/Glarner-Pastete-M\u00e4rchy.jpg\",\"datePublished\":\"2015-07-15T08:33:16+00:00\",\"dateModified\":\"2026-03-03T19:44:24+00:00\",\"author\":{\"@id\":\"https:\\\/\\\/www.helvetibox.ch\\\/de\\\/#\\\/schema\\\/person\\\/7ed0a4a910cc4d4dd1fc7ae091f39e5c\"},\"description\":\"Rezept Glarner Pastete. Versuchen Sie Sich doch auch an der Kunst die K\u00f6nigin der Glarner Spezialit\u00e4ten zu backen.\",\"breadcrumb\":{\"@id\":\"https:\\\/\\\/www.helvetibox.ch\\\/de\\\/rezept-glarner-pastete\\\/#breadcrumb\"},\"inLanguage\":\"de\",\"potentialAction\":[{\"@type\":\"ReadAction\",\"target\":[\"https:\\\/\\\/www.helvetibox.ch\\\/de\\\/rezept-glarner-pastete\\\/\"]}]},{\"@type\":\"ImageObject\",\"inLanguage\":\"de\",\"@id\":\"https:\\\/\\\/www.helvetibox.ch\\\/de\\\/rezept-glarner-pastete\\\/#primaryimage\",\"url\":\"https:\\\/\\\/www.helvetibox.ch\\\/wp-content\\\/uploads\\\/2015\\\/07\\\/Glarner-Pastete-M\u00e4rchy.jpg\",\"contentUrl\":\"https:\\\/\\\/www.helvetibox.ch\\\/wp-content\\\/uploads\\\/2015\\\/07\\\/Glarner-Pastete-M\u00e4rchy.jpg\",\"width\":2048,\"height\":1335},{\"@type\":\"BreadcrumbList\",\"@id\":\"https:\\\/\\\/www.helvetibox.ch\\\/de\\\/rezept-glarner-pastete\\\/#breadcrumb\",\"itemListElement\":[{\"@type\":\"ListItem\",\"position\":1,\"name\":\"Accueil\",\"item\":\"https:\\\/\\\/www.helvetibox.ch\\\/de\\\/homepage\\\/\"},{\"@type\":\"ListItem\",\"position\":2,\"name\":\"Rezept Glarner Pastete\"}]},{\"@type\":\"WebSite\",\"@id\":\"https:\\\/\\\/www.helvetibox.ch\\\/de\\\/#website\",\"url\":\"https:\\\/\\\/www.helvetibox.ch\\\/de\\\/\",\"name\":\"HelvetiBox\",\"description\":\"Eine Gourmetreise durch die Schweiz \",\"potentialAction\":[{\"@type\":\"SearchAction\",\"target\":{\"@type\":\"EntryPoint\",\"urlTemplate\":\"https:\\\/\\\/www.helvetibox.ch\\\/de\\\/?s={search_term_string}\"},\"query-input\":{\"@type\":\"PropertyValueSpecification\",\"valueRequired\":true,\"valueName\":\"search_term_string\"}}],\"inLanguage\":\"de\"},{\"@type\":\"Person\",\"@id\":\"https:\\\/\\\/www.helvetibox.ch\\\/de\\\/#\\\/schema\\\/person\\\/7ed0a4a910cc4d4dd1fc7ae091f39e5c\",\"name\":\"admin\",\"image\":{\"@type\":\"ImageObject\",\"inLanguage\":\"de\",\"@id\":\"https:\\\/\\\/secure.gravatar.com\\\/avatar\\\/72ba43be19120670c6c27b45f594b583f5d47b215964e738028d9443a625d439?s=96&d=mm&r=g\",\"url\":\"https:\\\/\\\/secure.gravatar.com\\\/avatar\\\/72ba43be19120670c6c27b45f594b583f5d47b215964e738028d9443a625d439?s=96&d=mm&r=g\",\"contentUrl\":\"https:\\\/\\\/secure.gravatar.com\\\/avatar\\\/72ba43be19120670c6c27b45f594b583f5d47b215964e738028d9443a625d439?s=96&d=mm&r=g\",\"caption\":\"admin\"}}]}<\/script>\n<!-- \/ Yoast SEO plugin. -->","yoast_head_json":{"title":"Rezept Glarner Pastete - HelvetiBox","description":"Rezept Glarner Pastete. Versuchen Sie Sich doch auch an der Kunst die K\u00f6nigin der Glarner Spezialit\u00e4ten zu backen.","robots":{"index":"index","follow":"follow","max-snippet":"max-snippet:-1","max-image-preview":"max-image-preview:large","max-video-preview":"max-video-preview:-1"},"canonical":"https:\/\/www.helvetibox.ch\/de\/rezept-glarner-pastete\/","og_locale":"de_DE","og_type":"article","og_title":"Rezept Glarner Pastete - HelvetiBox","og_description":"Rezept Glarner Pastete. Versuchen Sie Sich doch auch an der Kunst die K\u00f6nigin der Glarner Spezialit\u00e4ten zu backen.","og_url":"https:\/\/www.helvetibox.ch\/de\/rezept-glarner-pastete\/","og_site_name":"HelvetiBox","article_publisher":"http:\/\/www.facebook.com\/helvetibox","article_published_time":"2015-07-15T08:33:16+00:00","article_modified_time":"2026-03-03T19:44:24+00:00","og_image":[{"width":2048,"height":1335,"url":"https:\/\/www.helvetibox.ch\/wp-content\/uploads\/2015\/07\/Glarner-Pastete-M\u00e4rchy.jpg","type":"image\/jpeg"}],"author":"admin","schema":{"@context":"https:\/\/schema.org","@graph":[{"@type":"Article","@id":"https:\/\/www.helvetibox.ch\/de\/rezept-glarner-pastete\/#article","isPartOf":{"@id":"https:\/\/www.helvetibox.ch\/de\/rezept-glarner-pastete\/"},"author":{"name":"admin","@id":"https:\/\/www.helvetibox.ch\/de\/#\/schema\/person\/7ed0a4a910cc4d4dd1fc7ae091f39e5c"},"headline":"Rezept Glarner Pastete","datePublished":"2015-07-15T08:33:16+00:00","dateModified":"2026-03-03T19:44:24+00:00","mainEntityOfPage":{"@id":"https:\/\/www.helvetibox.ch\/de\/rezept-glarner-pastete\/"},"wordCount":3,"image":{"@id":"https:\/\/www.helvetibox.ch\/de\/rezept-glarner-pastete\/#primaryimage"},"thumbnailUrl":"https:\/\/www.helvetibox.ch\/wp-content\/uploads\/2015\/07\/Glarner-Pastete-M\u00e4rchy.jpg","articleSection":["Box N\u00b011 - Glarus","Rezepte"],"inLanguage":"de"},{"@type":"WebPage","@id":"https:\/\/www.helvetibox.ch\/de\/rezept-glarner-pastete\/","url":"https:\/\/www.helvetibox.ch\/de\/rezept-glarner-pastete\/","name":"Rezept Glarner Pastete - HelvetiBox","isPartOf":{"@id":"https:\/\/www.helvetibox.ch\/de\/#website"},"primaryImageOfPage":{"@id":"https:\/\/www.helvetibox.ch\/de\/rezept-glarner-pastete\/#primaryimage"},"image":{"@id":"https:\/\/www.helvetibox.ch\/de\/rezept-glarner-pastete\/#primaryimage"},"thumbnailUrl":"https:\/\/www.helvetibox.ch\/wp-content\/uploads\/2015\/07\/Glarner-Pastete-M\u00e4rchy.jpg","datePublished":"2015-07-15T08:33:16+00:00","dateModified":"2026-03-03T19:44:24+00:00","author":{"@id":"https:\/\/www.helvetibox.ch\/de\/#\/schema\/person\/7ed0a4a910cc4d4dd1fc7ae091f39e5c"},"description":"Rezept Glarner Pastete. Versuchen Sie Sich doch auch an der Kunst die K\u00f6nigin der Glarner Spezialit\u00e4ten zu backen.","breadcrumb":{"@id":"https:\/\/www.helvetibox.ch\/de\/rezept-glarner-pastete\/#breadcrumb"},"inLanguage":"de","potentialAction":[{"@type":"ReadAction","target":["https:\/\/www.helvetibox.ch\/de\/rezept-glarner-pastete\/"]}]},{"@type":"ImageObject","inLanguage":"de","@id":"https:\/\/www.helvetibox.ch\/de\/rezept-glarner-pastete\/#primaryimage","url":"https:\/\/www.helvetibox.ch\/wp-content\/uploads\/2015\/07\/Glarner-Pastete-M\u00e4rchy.jpg","contentUrl":"https:\/\/www.helvetibox.ch\/wp-content\/uploads\/2015\/07\/Glarner-Pastete-M\u00e4rchy.jpg","width":2048,"height":1335},{"@type":"BreadcrumbList","@id":"https:\/\/www.helvetibox.ch\/de\/rezept-glarner-pastete\/#breadcrumb","itemListElement":[{"@type":"ListItem","position":1,"name":"Accueil","item":"https:\/\/www.helvetibox.ch\/de\/homepage\/"},{"@type":"ListItem","position":2,"name":"Rezept Glarner Pastete"}]},{"@type":"WebSite","@id":"https:\/\/www.helvetibox.ch\/de\/#website","url":"https:\/\/www.helvetibox.ch\/de\/","name":"HelvetiBox","description":"Eine Gourmetreise durch die Schweiz ","potentialAction":[{"@type":"SearchAction","target":{"@type":"EntryPoint","urlTemplate":"https:\/\/www.helvetibox.ch\/de\/?s={search_term_string}"},"query-input":{"@type":"PropertyValueSpecification","valueRequired":true,"valueName":"search_term_string"}}],"inLanguage":"de"},{"@type":"Person","@id":"https:\/\/www.helvetibox.ch\/de\/#\/schema\/person\/7ed0a4a910cc4d4dd1fc7ae091f39e5c","name":"admin","image":{"@type":"ImageObject","inLanguage":"de","@id":"https:\/\/secure.gravatar.com\/avatar\/72ba43be19120670c6c27b45f594b583f5d47b215964e738028d9443a625d439?s=96&d=mm&r=g","url":"https:\/\/secure.gravatar.com\/avatar\/72ba43be19120670c6c27b45f594b583f5d47b215964e738028d9443a625d439?s=96&d=mm&r=g","contentUrl":"https:\/\/secure.gravatar.com\/avatar\/72ba43be19120670c6c27b45f594b583f5d47b215964e738028d9443a625d439?s=96&d=mm&r=g","caption":"admin"}}]}},"_links":{"self":[{"href":"https:\/\/www.helvetibox.ch\/de\/wp-json\/wp\/v2\/posts\/2842","targetHints":{"allow":["GET"]}}],"collection":[{"href":"https:\/\/www.helvetibox.ch\/de\/wp-json\/wp\/v2\/posts"}],"about":[{"href":"https:\/\/www.helvetibox.ch\/de\/wp-json\/wp\/v2\/types\/post"}],"author":[{"embeddable":true,"href":"https:\/\/www.helvetibox.ch\/de\/wp-json\/wp\/v2\/users\/1"}],"replies":[{"embeddable":true,"href":"https:\/\/www.helvetibox.ch\/de\/wp-json\/wp\/v2\/comments?post=2842"}],"version-history":[{"count":2,"href":"https:\/\/www.helvetibox.ch\/de\/wp-json\/wp\/v2\/posts\/2842\/revisions"}],"predecessor-version":[{"id":27397500,"href":"https:\/\/www.helvetibox.ch\/de\/wp-json\/wp\/v2\/posts\/2842\/revisions\/27397500"}],"wp:featuredmedia":[{"embeddable":true,"href":"https:\/\/www.helvetibox.ch\/de\/wp-json\/wp\/v2\/media\/2839"}],"wp:attachment":[{"href":"https:\/\/www.helvetibox.ch\/de\/wp-json\/wp\/v2\/media?parent=2842"}],"wp:term":[{"taxonomy":"category","embeddable":true,"href":"https:\/\/www.helvetibox.ch\/de\/wp-json\/wp\/v2\/categories?post=2842"},{"taxonomy":"post_tag","embeddable":true,"href":"https:\/\/www.helvetibox.ch\/de\/wp-json\/wp\/v2\/tags?post=2842"},{"taxonomy":"dipi_cpt_category","embeddable":true,"href":"https:\/\/www.helvetibox.ch\/de\/wp-json\/wp\/v2\/dipi_cpt_category?post=2842"}],"curies":[{"name":"wp","href":"https:\/\/api.w.org\/{rel}","templated":true}]}}