{"id":32394,"date":"2019-07-18T15:04:35","date_gmt":"2019-07-18T13:04:35","guid":{"rendered":"https:\/\/www.helvetibox.ch\/?p=32394"},"modified":"2026-03-03T21:00:53","modified_gmt":"2026-03-03T20:00:53","slug":"helvetibox-n59-regionale-produkte-aus-zug","status":"publish","type":"post","link":"https:\/\/www.helvetibox.ch\/de\/helvetibox-n59-regionale-produkte-aus-zug\/","title":{"rendered":"HelvetiBox N\u00b059 \u2013 Regionale Produkte aus Zug"},"content":{"rendered":"<div class=\"et_pb_section_0 et_pb_section et_section_regular et_block_section\"><div class=\"et_pb_row_0 et_pb_row et_block_row\"><div class=\"et_pb_column_0 et_pb_column et_pb_column_4_4 et-last-child et_block_column et_pb_css_mix_blend_mode_passthrough\"><div class=\"et_pb_module et_d4_element et_pb_post_title et_pb_post_title_6 et_pb_bg_layout_light  et_pb_text_align_center\"   >\n\t\t\t\t\n\t\t\t\t\n\t\t\t\t\n\t\t\t\t\n\t\t\t\t\n\t\t\t\t<div class=\"et_pb_title_container\">\n\t\t\t\t\t<h1 class=\"entry-title\">HelvetiBox N\u00b059 \u2013 Regionale Produkte aus Zug<\/h1>\n\t\t\t\t<\/div>\n\t\t\t\t\n\t\t\t<\/div><\/div><\/div><div class=\"et_pb_row_1 et_pb_row et_pb_row_3-4_1-4 et_block_row et_block_row_3-4_1-4\"><div class=\"et_pb_column_1 et_pb_column et_pb_column_3_4 et_block_column et_pb_css_mix_blend_mode_passthrough\"><div class=\"et_pb_text_0 et_pb_text et_pb_bg_layout_light et_pb_module et_block_module\"><div class=\"et_pb_text_inner\"><p>Der Kanton Zug ist bekannt f\u00fcr seine florierende Wirtschaft, seine bezaubernden Landschaften und den charmanten Hauptort. Das Paradies der &#8222;Kryptow\u00e4hrungen&#8220; ist nicht nur voller Briefk\u00e4sten, sondern auch voller Kirschb\u00e4ume. Der Chriesianbau spielt im Kanton Zug seit langem eine wichtige Rolle.<\/p>\n<p>Im Jahre 1627 fand in der Stadt Zug ein Kirschmarkt statt. Rezepte von Kirschgerichten und Getr\u00e4nken finden sich bereits im 18. Jahrhundert. Insbesondere die Herstellung von Kirschwasser hat eine lange Tradition. Um 1915 erfand der Appenzeller Konditor Heinrich H\u00f6hen die Zuger Kirschtorte. Heute produzieren einige Industriebrennereien und viele handwerkliche Brennereien mehr als 60.000 Liter Kirschwasser pro Jahr, davon 15.000 Liter allein f\u00fcr den Zuger Kirschkuchen!<\/p>\n<p>Sie merken schon: diesen Monat stellen wir Kirschen in den Mittelpunkt. Sie werden einen gelben Kirschsenf, eine \u00fcberraschend fruchtige BBQ-Sauce, originelle Nudeln, zwei k\u00f6stliche S\u00fcssigkeiten und schliesslich das Getr\u00e4nk entdecken, das die 56.500 Zuschauer in der Arena des gr\u00f6ssten Sportereignisses der Schweiz erfrischen soll.<\/p>\n<\/div><\/div><\/div><div class=\"et_pb_column_2 et_pb_column et_pb_column_1_4 et-last-child et_block_column et_pb_css_mix_blend_mode_passthrough\"><div class=\"et_pb_image_0 et_pb_image et_animated et_pb_module et_block_module\"><a href=\"https:\/\/fr.wikipedia.org\/wiki\/Canton_de_Zoug#\/media\/File:Wappen_Zug_matt.svg\" target=\"_blank\"><span class=\"et_pb_image_wrap\"><img loading=\"lazy\" decoding=\"async\" src=\"https:\/\/www.helvetibox.ch\/wp-content\/uploads\/2016\/07\/blason-zug.png\" width=\"198\" height=\"240\" sizes=\"(max-width: 198px) 100vw, 198px\" class=\"wp-image-13283\" title=\"Blason canton de Zoug (wikipedia)\" alt=\"Blason canton de Zoug (wikipedia)\" \/><\/span><\/a><\/div><div class=\"et_pb_image_1 et_pb_image et_animated et_pb_module et_block_module\"><a href=\"https:\/\/fr.wikipedia.org\/wiki\/Canton_de_Zoug#\/media\/File:Switzerland_Locator_Map_ZG.svg\" target=\"_blank\"><span class=\"et_pb_image_wrap\"><img loading=\"lazy\" decoding=\"async\" src=\"https:\/\/www.helvetibox.ch\/wp-content\/uploads\/2016\/07\/carte-zoug.png\" width=\"420\" height=\"297\" srcset=\"https:\/\/www.helvetibox.ch\/wp-content\/uploads\/2016\/07\/carte-zoug.png 420w, https:\/\/www.helvetibox.ch\/wp-content\/uploads\/2016\/07\/carte-zoug-300x212.png 300w, https:\/\/www.helvetibox.ch\/wp-content\/uploads\/2016\/07\/carte-zoug-400x284.png 400w\" sizes=\"(max-width: 420px) 100vw, 420px\" class=\"wp-image-13285\" title=\"Carte de la Suisse (Zoug) (Wikipedia Poulpy)\" alt=\"Carte de la Suisse (Zoug) (Wikipedia Poulpy)\" \/><\/span><\/a><\/div><\/div><\/div><div class=\"et_pb_row_2 et_pb_row et_block_row\"><div class=\"et_pb_column_3 et_pb_column et_pb_column_4_4 et-last-child et_block_column et_pb_css_mix_blend_mode_passthrough\"><div class=\"et_pb_post_slider_0 et_pb_post_slider et_pb_bg_layout_dark et_pb_slider et_pb_slider_fullwidth_off et_pb_post_slider_image_background et_pb_slider_with_overlay et_pb_module et_block_module\"><div class=\"et_pb_slides\"><div class=\"et_pb_slide et_pb_post_slide-13323\" style=\"background-image:url(https:\/\/www.helvetibox.ch\/wp-content\/uploads\/2016\/07\/Helvetibox_23_ZG-1200px.jpg)\"><div class=\"et_pb_slide_overlay_container\"><\/div><div class=\"et_pb_container clearfix\"><div class=\"et_pb_slider_container_inner\"><div class=\"et_pb_slide_description\"><h2 class=\"et_pb_slide_title\"><a href=\"https:\/\/www.helvetibox.ch\/de\/helvetibox-n23-regionale-produkte-aus-zug\/\">HelvetiBox N\u00b023 \u2013 Regionale Produkte aus Zug<\/a><\/h2><div class=\"et_pb_slide_content\"><div class=\"et_pb_slide_content_body\"><p>Der Anbau von \u00abChriesi\u00bb spielt im Kanton Zug seit langem eine wichtige Rolle. Die fr\u00fchesten Quellenbelege f\u00fcr vermutlich relativ ausgedehnte, hochst\u00e4mmige Kirschenkulturen stammen aus dem 17. Jahrhundert. Im Jahr 1627 ist in der Stadt Zug ein \u00abChriesi\u00bb-Markt nach&hellip;<\/p>\n<\/div><\/div><div class=\"et_pb_button_wrapper\"><a class=\"et_pb_button et_pb_more_button\" href=\"https:\/\/www.helvetibox.ch\/de\/helvetibox-n23-regionale-produkte-aus-zug\/\">Read More<\/a><\/div><\/div><\/div><\/div><\/div><div class=\"et_pb_slide et_pb_slide_with_no_image et_pb_post_slide-13344\" style=\"background-image:\"><div class=\"et_pb_slide_overlay_container\"><\/div><div class=\"et_pb_container clearfix\"><div class=\"et_pb_slider_container_inner\"><div class=\"et_pb_slide_description\"><h2 class=\"et_pb_slide_title\"><a href=\"https:\/\/www.helvetibox.ch\/de\/rezept-zuger-kirschtorte\/\">Rezept Zuger Kirschtorte<\/a><\/h2><div class=\"et_pb_slide_content\"><div class=\"et_pb_slide_content_body\"><p>Die Zuger Kirschtorte ist eine runde, 4 bis 4,5 Zentimeter hohe Torte. Sie besteht aus einem mit Kirschsirup getr\u00e4nktem hellen Biskuit, das zwischen zwei br\u00e4unlichen Japonaisb\u00f6den liegt. Zwei d\u00fcnne Schichten rosaroter Kirschtortencr\u00e8me, jeweils zwischen dem Biskuit&#8230;<\/p>\n<\/div><\/div><div class=\"et_pb_button_wrapper\"><a class=\"et_pb_button et_pb_more_button\" href=\"https:\/\/www.helvetibox.ch\/de\/rezept-zuger-kirschtorte\/\">Read More<\/a><\/div><\/div><\/div><\/div><\/div><div class=\"et_pb_slide et_pb_post_slide-20489\" style=\"background-image:url(https:\/\/www.helvetibox.ch\/wp-content\/uploads\/2018\/02\/Helvetibox_n42_B1802-ZG.jpg)\"><div class=\"et_pb_slide_overlay_container\"><\/div><div class=\"et_pb_container clearfix\"><div class=\"et_pb_slider_container_inner\"><div class=\"et_pb_slide_description\"><h2 class=\"et_pb_slide_title\"><a href=\"https:\/\/www.helvetibox.ch\/de\/helvetibox-n42-regionale-produkte-aus-zug\/\">HelvetiBox N\u00b042 \u2013 Regionale Produkte aus Zug<\/a><\/h2><div class=\"et_pb_slide_content\"><div class=\"et_pb_slide_content_body\"><p>HelvetiBox N\u00b042 \u2013 Regionale Produkte aus Zug Der Kanton Zug ist bekannt f\u00fcr seine florierende Wirtschaft, verf\u00fcgt \u00fcber bezaubernde Landschaften und eine charmante Hauptstadt. Die Steueroase ist nicht nur voller Briefk\u00e4sten, sondern auch voller Kirschb\u00e4ume. Der Anbau&#8230;<\/p>\n<\/div><\/div><div class=\"et_pb_button_wrapper\"><a class=\"et_pb_button et_pb_more_button\" href=\"https:\/\/www.helvetibox.ch\/de\/helvetibox-n42-regionale-produkte-aus-zug\/\">Read More<\/a><\/div><\/div><\/div><\/div><\/div><div class=\"et_pb_slide et_pb_post_slide-32394\" style=\"background-image:url(https:\/\/www.helvetibox.ch\/wp-content\/uploads\/2019\/07\/Helvetibox-n59-B1907-ZG.jpg)\"><div class=\"et_pb_slide_overlay_container\"><\/div><div class=\"et_pb_container clearfix\"><div class=\"et_pb_slider_container_inner\"><div class=\"et_pb_slide_description\"><h2 class=\"et_pb_slide_title\"><a href=\"https:\/\/www.helvetibox.ch\/de\/helvetibox-n59-regionale-produkte-aus-zug\/\">HelvetiBox N\u00b059 \u2013 Regionale Produkte aus Zug<\/a><\/h2><div class=\"et_pb_slide_content\"><div class=\"et_pb_slide_content_body\"><p>HelvetiBox N\u00b059 \u2013 Regionale Produkte aus Zug Der Kanton Zug ist bekannt f\u00fcr seine florierende Wirtschaft, seine bezaubernden Landschaften und den charmanten Hauptort. Das Paradies der &#8222;Kryptow\u00e4hrungen&#8220; ist nicht nur voller Briefk\u00e4sten, sondern auch voller Kirschb\u00e4ume&#8230;.<\/p>\n<\/div><\/div><div class=\"et_pb_button_wrapper\"><a class=\"et_pb_button et_pb_more_button\" href=\"https:\/\/www.helvetibox.ch\/de\/helvetibox-n59-regionale-produkte-aus-zug\/\">Read More<\/a><\/div><\/div><\/div><\/div><\/div><\/div><\/div><\/div><\/div><\/div><div class=\"et_pb_section_1 et_pb_section et_section_regular et_block_section\"><div class=\"et_pb_row_3 et_pb_row et_block_row\"><div class=\"et_pb_column_4 et_pb_column et_pb_column_1_3 et_block_column et_pb_css_mix_blend_mode_passthrough\"><div class=\"et_pb_number_counter_0 et_pb_number_counter et_pb_bg_layout_light et_pb_text_align_center et_pb_with_title et_pb_module et_block_module\"><div class=\"percent\"><p><span class=\"percent-value\"><\/span><span class=\"percent-sign\"><\/span><\/p><\/div><h3 class=\"title\">PRODUKTE<\/h3><\/div><\/div><div class=\"et_pb_column_5 et_pb_column et_pb_column_1_3 et_block_column et_pb_css_mix_blend_mode_passthrough\"><div class=\"et_pb_text_1 et_pb_text et_pb_bg_layout_light et_pb_module et_block_module\"><div class=\"et_pb_text_inner\"><h1 style=\"text-align: center;\">Die HelvetiBox N\u00b059<\/h1>\n<h1 style=\"text-align: center;\">in Zahlen<\/h1>\n<\/div><\/div><\/div><div class=\"et_pb_column_6 et_pb_column et_pb_column_1_3 et-last-child et_block_column et_pb_css_mix_blend_mode_passthrough\"><div class=\"et_pb_number_counter_1 et_pb_number_counter et_pb_bg_layout_light et_pb_text_align_center et_pb_with_title et_pb_module et_block_module\"><div class=\"percent\"><p><span class=\"percent-value\"><\/span><span class=\"percent-sign\"><\/span><\/p><\/div><h3 class=\"title\">PRODUZENTEN<\/h3><\/div><\/div><\/div><\/div><div class=\"et_pb_section_2 et_pb_section et_section_regular et_block_section\"><div class=\"et_pb_row_4 et_pb_row et_block_row\"><div class=\"et_pb_column_7 et_pb_column et_pb_column_4_4 et-last-child et_block_column et_pb_css_mix_blend_mode_passthrough\"><div class=\"et_pb_text_2 et_pb_text et_pb_bg_layout_light et_pb_module et_block_module et_pb_text_align_justified\"><div class=\"et_pb_text_inner\"><h1 style=\"text-align: center;\">Kirschen Senf<\/h1>\n<h1 style=\"text-align: center;\"><b style=\"font-size: 16px; color: #666666; font-family: 'Open Sans', Arial, sans-serif;\">zuger-rigi-chriesi, Rotkreuz<\/b><\/h1>\n<\/div><\/div><\/div><\/div><div class=\"et_pb_row_5 et_pb_row et_block_row\"><div class=\"et_pb_column_8 et_pb_column et_pb_column_1_2 et_block_column et_pb_css_mix_blend_mode_passthrough\"><div class=\"et_pb_text_3 et_pb_text et_pb_bg_layout_light et_pb_module et_block_module\"><div class=\"et_pb_text_inner\"><p>Der Anstieg der bebauten Fl\u00e4chen und der R\u00fcckgang der Landwirtschaft f\u00fchrten im 20. Jahrhundert zu einem R\u00fcckgang der Kirschplantagen. Seit 2008 wurden mehrere Interessengruppen gegr\u00fcndet, um diese Bewegung durch das Pflanzen von Kirschb\u00e4umen auszugleichen. So auch die Firma \u201czuger-rigi-chriesi\u201d, die das Ziel verfolgt, die Kirsche in all ihren Formen zu entwickeln. Sie will die 400 Jahre alte Kirschtradition lebendig halten und sie zum untrennbaren Symbol dieser Region im Herzen der Schweiz machen. Das Unternehmen zahlt einen fairen Preis f\u00fcr die Hochstamm-Kirschen der Region. Dies veranlasst die Bauernfamilien, sich wieder um ihre Obstg\u00e4rten zu k\u00fcmmern und so die typische Landschaft der Region zu erhalten. Es kommt dabei nicht in Frage, sich nur auf die Kirschen zu konzentrieren, die sich am besten f\u00fcr Superm\u00e4rkte eignen. Viele Sorten, viele davon selten, werden zu k\u00f6stlichen Produkten verarbeitet. Dies ist bei den gelben Kirschen &#8222;D\u00f6nissens&#8220; der Fall, eine echte Rarit\u00e4t. Es gibt nur noch 5 B\u00e4ume in der Region! Diese Sorte ist weniger s\u00fcss als die Roten und hat eine weichere Konsistenz. Sie verleihen diesem Senf eine exklusive Note, der perfekt zu Fleisch-, K\u00e4se- oder Reisgerichten passt.<\/p>\n<\/div><\/div><\/div><div class=\"et_pb_column_9 et_pb_column et_pb_column_1_2 et-last-child et_block_column et_pb_css_mix_blend_mode_passthrough\"><div class=\"et_pb_image_2 et_pb_image et_pb_module et_block_module\"><span class=\"et_pb_image_wrap\"><img decoding=\"async\" src=\"https:\/\/www.helvetibox.ch\/wp-content\/uploads\/2019\/07\/Kirschensenf-800x800.jpg\" \/><\/span><\/div><\/div><\/div><\/div><div class=\"et_pb_section_3 et_pb_section et_section_regular et_block_section\"><div class=\"et_pb_row_6 et_pb_row et_block_row\"><div class=\"et_pb_column_10 et_pb_column et_pb_column_4_4 et-last-child et_block_column et_pb_css_mix_blend_mode_passthrough\"><div class=\"et_pb_text_4 et_pb_text et_pb_bg_layout_light et_pb_module et_block_module et_pb_text_align_justified\"><div class=\"et_pb_text_inner\"><h1 style=\"text-align: center;\">BBQ-Sauce aus Schwarzen Kirschen<\/h1>\n<h1 style=\"text-align: center;\"><b style=\"font-size: 16px; color: #666666; font-family: 'Open Sans', Arial, sans-serif;\">zuger-rigi-chriesi, 6343 Rotkreuz<\/b><\/h1>\n<\/div><\/div><\/div><\/div><div class=\"et_pb_row_7 et_pb_row et_block_row\"><div class=\"et_pb_column_11 et_pb_column et_pb_column_1_2 et_block_column et_pb_css_mix_blend_mode_passthrough\"><div class=\"et_pb_text_5 et_pb_text et_pb_bg_layout_light et_pb_module et_block_module\"><div class=\"et_pb_text_inner\"><p>Die neueste Innovation von zuger-rigi-chriesi ist eine Barbecue-Sauce. Die schwarzen Kirschen aus der Region Zug-Rigi verleihen der leicht ger\u00e4ucherten &#8222;BBQ&#8220;-Sauce einen fruchtigen und frischen Geschmack. Ein Produkt, das sowohl vom Grillmeister und seinen G\u00e4sten als auch von Vegetariern und Veganern gesch\u00e4tzt wird. Ideal zu gegrilltem Fleisch, Gem\u00fcse, Omelettes, Burger oder K\u00e4se.<\/p>\n<\/div><\/div><\/div><div class=\"et_pb_column_12 et_pb_column et_pb_column_1_2 et-last-child et_block_column et_pb_css_mix_blend_mode_passthrough\"><div class=\"et_pb_gallery_0 et_pb_gallery et_pb_bg_layout_light et_pb_slider et_pb_gallery_fullwidth clearfix et_pb_module\" data-auto-rotate=\"off\" data-auto-rotate-speed=\"\"><div class=\"et_pb_gallery_items et_post_gallery clearfix\" data-per_page=\"4\"><div class=\"et_pb_gallery_item et_pb_gallery_item_0_0\"><div class=\"et_pb_gallery_image landscape\" data-per_page=\"4\"><a href=\"https:\/\/www.helvetibox.ch\/wp-content\/uploads\/2016\/07\/zuger-rigi-chriesi_1.jpg\" title=\"zuger-rigi-chriesi_1\"><img loading=\"lazy\" decoding=\"async\" width=\"2863\" height=\"1908\" src=\"https:\/\/www.helvetibox.ch\/wp-content\/uploads\/2016\/07\/zuger-rigi-chriesi_1.jpg\" alt=\"\" class=\"wp-image-13307\" srcset=\"https:\/\/www.helvetibox.ch\/wp-content\/uploads\/2016\/07\/zuger-rigi-chriesi_1.jpg 2863w, https:\/\/www.helvetibox.ch\/wp-content\/uploads\/2016\/07\/zuger-rigi-chriesi_1-510x340.jpg 510w, https:\/\/www.helvetibox.ch\/wp-content\/uploads\/2016\/07\/zuger-rigi-chriesi_1-300x200.jpg 300w, https:\/\/www.helvetibox.ch\/wp-content\/uploads\/2016\/07\/zuger-rigi-chriesi_1-768x512.jpg 768w, https:\/\/www.helvetibox.ch\/wp-content\/uploads\/2016\/07\/zuger-rigi-chriesi_1-1024x682.jpg 1024w, https:\/\/www.helvetibox.ch\/wp-content\/uploads\/2016\/07\/zuger-rigi-chriesi_1-610x407.jpg 610w, https:\/\/www.helvetibox.ch\/wp-content\/uploads\/2016\/07\/zuger-rigi-chriesi_1-1080x720.jpg 1080w\" sizes=\"(max-width: 2863px) 100vw, 2863px\" \/><span class=\"et_overlay\" data-icon=\"\" data-icon-tablet=\"\" data-icon-phone=\"\"><\/span><\/a><\/div><\/div><div class=\"et_pb_gallery_item et_pb_gallery_item_0_1\"><div class=\"et_pb_gallery_image landscape\" data-per_page=\"4\"><a href=\"https:\/\/www.helvetibox.ch\/wp-content\/uploads\/2016\/07\/zuger-rigi-chriesi_2.jpg\" title=\"zuger-rigi-chriesi_2\"><img loading=\"lazy\" decoding=\"async\" width=\"4352\" height=\"2901\" src=\"https:\/\/www.helvetibox.ch\/wp-content\/uploads\/2016\/07\/zuger-rigi-chriesi_2.jpg\" alt=\"\" class=\"wp-image-13309\" srcset=\"https:\/\/www.helvetibox.ch\/wp-content\/uploads\/2016\/07\/zuger-rigi-chriesi_2.jpg 4352w, https:\/\/www.helvetibox.ch\/wp-content\/uploads\/2016\/07\/zuger-rigi-chriesi_2-510x340.jpg 510w, https:\/\/www.helvetibox.ch\/wp-content\/uploads\/2016\/07\/zuger-rigi-chriesi_2-300x200.jpg 300w, https:\/\/www.helvetibox.ch\/wp-content\/uploads\/2016\/07\/zuger-rigi-chriesi_2-768x512.jpg 768w, https:\/\/www.helvetibox.ch\/wp-content\/uploads\/2016\/07\/zuger-rigi-chriesi_2-1024x683.jpg 1024w, https:\/\/www.helvetibox.ch\/wp-content\/uploads\/2016\/07\/zuger-rigi-chriesi_2-610x407.jpg 610w, https:\/\/www.helvetibox.ch\/wp-content\/uploads\/2016\/07\/zuger-rigi-chriesi_2-1080x720.jpg 1080w\" sizes=\"(max-width: 4352px) 100vw, 4352px\" \/><span class=\"et_overlay\" data-icon=\"\" data-icon-tablet=\"\" data-icon-phone=\"\"><\/span><\/a><\/div><\/div><div class=\"et_pb_gallery_item et_pb_gallery_item_0_2\"><div class=\"et_pb_gallery_image landscape\" data-per_page=\"4\"><a href=\"https:\/\/www.helvetibox.ch\/wp-content\/uploads\/2016\/07\/zuger-rigi-chriesi_5.jpg\" title=\"zuger-rigi-chriesi_5\"><img loading=\"lazy\" decoding=\"async\" width=\"4928\" height=\"3280\" src=\"https:\/\/www.helvetibox.ch\/wp-content\/uploads\/2016\/07\/zuger-rigi-chriesi_5.jpg\" alt=\"\" class=\"wp-image-13313\" srcset=\"https:\/\/www.helvetibox.ch\/wp-content\/uploads\/2016\/07\/zuger-rigi-chriesi_5.jpg 4928w, https:\/\/www.helvetibox.ch\/wp-content\/uploads\/2016\/07\/zuger-rigi-chriesi_5-510x339.jpg 510w, https:\/\/www.helvetibox.ch\/wp-content\/uploads\/2016\/07\/zuger-rigi-chriesi_5-300x200.jpg 300w, https:\/\/www.helvetibox.ch\/wp-content\/uploads\/2016\/07\/zuger-rigi-chriesi_5-768x511.jpg 768w, https:\/\/www.helvetibox.ch\/wp-content\/uploads\/2016\/07\/zuger-rigi-chriesi_5-1024x682.jpg 1024w, https:\/\/www.helvetibox.ch\/wp-content\/uploads\/2016\/07\/zuger-rigi-chriesi_5-610x406.jpg 610w, https:\/\/www.helvetibox.ch\/wp-content\/uploads\/2016\/07\/zuger-rigi-chriesi_5-1080x719.jpg 1080w\" sizes=\"(max-width: 4928px) 100vw, 4928px\" \/><span class=\"et_overlay\" data-icon=\"\" data-icon-tablet=\"\" data-icon-phone=\"\"><\/span><\/a><\/div><\/div><\/div><\/div><\/div><\/div><\/div><div class=\"et_pb_section_4 et_pb_section et_section_regular et_block_section\"><div class=\"et_pb_row_8 et_pb_row et_block_row\"><div class=\"et_pb_column_13 et_pb_column et_pb_column_4_4 et-last-child et_block_column et_pb_css_mix_blend_mode_passthrough\"><div class=\"et_pb_text_6 et_pb_text et_pb_bg_layout_light et_pb_module et_block_module et_pb_text_align_justified\"><div class=\"et_pb_text_inner\"><h1 style=\"text-align: center;\">Rapsnudeln (nouilles au colza)<\/h1>\n<h1 style=\"text-align: center;\"><b style=\"font-size: 16px; color: #666666; font-family: 'Open Sans', Arial, sans-serif;\">Feines vom Hotzenhof, 6340 Baar<\/b><\/h1>\n<\/div><\/div><\/div><\/div><div class=\"et_pb_row_9 et_pb_row et_block_row\"><div class=\"et_pb_column_14 et_pb_column et_pb_column_1_2 et_block_column et_pb_css_mix_blend_mode_passthrough\"><div class=\"et_pb_text_7 et_pb_text et_pb_bg_layout_light et_pb_module et_block_module\"><div class=\"et_pb_text_inner\"><p>Seit 1531 bewirtschaftet die Familie Hotz ihren Hof in Baar. Hermann und Bernadette Hotz sind die 12. Generation. Als sie vor 20 Jahren das 19 Hektar grosse Anwesen \u00fcbernahmen, trafen sie die schwierige Entscheidung, die Milchproduktion aufzugeben. Von da an werden auf dem Anwesen j\u00e4hrlich fast 500 Tonnen Obst und Beeren produziert. Ausserdem umfasst es Gem\u00fcse, eine Brennerei, eine Reihe von landwirtschaftlichen Produkten und ist ein beliebter Ort f\u00fcr Gruppenausfl\u00fcge. \u201cFarm Safari\u201d bietet eine Besichtigung der Farm an Bord eines Traktorwagens an! An jeder Haltestelle bietet sich die Gelegenheit, auf spielerische Weise mehr \u00fcber das Leben auf dem Bauernhof zu erfahren. Hermann Hotz wurde 2009 zum \u201cLandwirt des Jahres\u201d gew\u00e4hlt und ist zudem Pr\u00e4sident des Direktvertriebsverbandes des Hofes. Er ist daher logischerweise auf den M\u00e4rkten der Region pr\u00e4sent. Seine Produkte werden zu Konfit\u00fcren, Sirupen, Trockenfr\u00fcchten, Fruchts\u00e4ften, Br\u00e4nden, Lik\u00f6ren und Fruchtweinen verarbeitet.In dieser F\u00fclle von M\u00f6glichkeiten haben wir uns f\u00fcr die Pasta entschieden, die sehr erfolgreich ist. Nachdem die Rapssaat im April-Mai unsere Landschaft versch\u00f6nert hat, ist sie Mitte Juli erntereif. Seine kleinen schwarzen kaviarartigen Perlen verleihen den Nudeln eine \u00e4sthetische Note und einen nussigen Geschmack.<\/p>\n<\/div><\/div><\/div><div class=\"et_pb_column_15 et_pb_column et_pb_column_1_2 et-last-child et_block_column et_pb_css_mix_blend_mode_passthrough\"><div class=\"et_pb_image_3 et_pb_image et_pb_module et_block_module\"><a href=\"http:\/\/www.hofmaercht.ch\/angebot\/farm-safari.html\" target=\"_blank\"><span class=\"et_pb_image_wrap\"><img loading=\"lazy\" decoding=\"async\" src=\"https:\/\/www.helvetibox.ch\/wp-content\/uploads\/2018\/02\/FarmSafari_hofmaercht.jpg\" width=\"800\" height=\"600\" srcset=\"https:\/\/www.helvetibox.ch\/wp-content\/uploads\/2018\/02\/FarmSafari_hofmaercht.jpg 800w, https:\/\/www.helvetibox.ch\/wp-content\/uploads\/2018\/02\/FarmSafari_hofmaercht-300x225.jpg 300w, https:\/\/www.helvetibox.ch\/wp-content\/uploads\/2018\/02\/FarmSafari_hofmaercht-768x576.jpg 768w, https:\/\/www.helvetibox.ch\/wp-content\/uploads\/2018\/02\/FarmSafari_hofmaercht-610x458.jpg 610w, https:\/\/www.helvetibox.ch\/wp-content\/uploads\/2018\/02\/FarmSafari_hofmaercht-510x383.jpg 510w\" sizes=\"(max-width: 800px) 100vw, 800px\" class=\"wp-image-20478\" title=\"Farm Safari Hotzenhof, Hof-M\u00e4rcht\" alt=\"Farm Safari Hotzenhof, Hof-M\u00e4rcht\" \/><\/span><\/a><\/div><\/div><\/div><\/div><div class=\"et_pb_section_5 et_pb_section et_section_regular et_block_section\"><div class=\"et_pb_row_10 et_pb_row et_block_row\"><div class=\"et_pb_column_16 et_pb_column et_pb_column_4_4 et-last-child et_block_column et_pb_css_mix_blend_mode_passthrough\"><div class=\"et_pb_text_8 et_pb_text et_pb_bg_layout_light et_pb_module et_block_module et_pb_text_align_justified\"><div class=\"et_pb_text_inner\"><h1 style=\"text-align: center;\">Zuger Chriesi + Chocolat Gubelh\u00f6pfli<\/h1>\n<h1 style=\"text-align: center;\"><b style=\"font-size: 16px; color: #666666; font-family: 'Open Sans', Arial, sans-serif;\">Zumbach, Unter\u00e4geri<\/b><\/h1>\n<\/div><\/div><\/div><\/div><div class=\"et_pb_row_11 et_pb_row et_block_row\"><div class=\"et_pb_column_17 et_pb_column et_pb_column_1_2 et_block_column et_pb_css_mix_blend_mode_passthrough\"><div class=\"et_pb_text_9 et_pb_text et_pb_bg_layout_light et_pb_module et_block_module et_pb_text_align_justified\"><div class=\"et_pb_text_inner\"><p>Die G\u00fcbelh\u00f6pfli der Zumbach heissen nicht Gugelh\u00f6pfli, sondern \u00abGubelh\u00f6pfli\u00bb. Abgeleitet ist der Name vom \u00abGubel\u00bb, einem H\u00fcgel bei Menzingen, auf dem 1531 die letzte Auseinandersetzung zwischen den Katholiken und den Reformierten stattfand. 2006 wurden die s\u00fcssen \u00abH\u00f6pfli vom Gubel\u00bb von Seniorchef Markus Zumbach entwickelt. In K\u00fcrze haben sie sich zum Aush\u00e4ngeschild des Familienbetriebs entwickelt. \u00dcber hunderttausend dieser \u00abs\u00fcssen Wunder\u00bb gehen allj\u00e4hrlich \u00fcber die Ladentische. Trotz beeindruckender St\u00fcckzahlen wird jedes Gubelh\u00f6pfli einzeln von Hand gefertigt. Das Unternehmen, mit seinen 5 Standorten, besch\u00e4ftigt fast 90 Mitarbeiter. Seit kurzem hat die 6. Generation mit St\u00e9phanie und ihrem Bruder Adrian Zumbach das Zepter \u00fcbernommen. Markus, ihr Vater, k\u00fcmmert sich um die s\u00fcssen Kreationen. Stets t\u00fcftelt er neue Gubelh\u00f6pfli aus, was Monate, mitunter sogar Jahre dauern kann. \u00abDie Kunst\u00bb besteht darin, dass sie auf der Zunge wie Schokolade zergehen. Auch das Backen ist entscheidend: Eine Minute zu viel und das Gubelh\u00f6pfli ist nicht mehr weich und feucht, sondern hart und trocken. Wir schicken Ihnen nicht einen, sondern zwei. Die saisonale Sorte, mit Kirsche, und die andere, die alle Feinschmecker zum Strahlen bringt, mit Grand Cru Schokolade.<\/p>\n<\/div><\/div><\/div><div class=\"et_pb_column_18 et_pb_column et_pb_column_1_2 et-last-child et_block_column et_pb_css_mix_blend_mode_passthrough\"><div class=\"et_pb_image_4 et_pb_image et_pb_module et_block_module\"><a href=\"http:\/\/www.hofmaercht.ch\/angebot\/farm-safari.html\" target=\"_blank\"><span class=\"et_pb_image_wrap\"><img loading=\"lazy\" decoding=\"async\" src=\"https:\/\/www.helvetibox.ch\/wp-content\/uploads\/2016\/07\/Zumbach-zuger-chriesi-gubelh\u00f6pfli.jpg\" width=\"800\" height=\"600\" srcset=\"https:\/\/www.helvetibox.ch\/wp-content\/uploads\/2016\/07\/Zumbach-zuger-chriesi-gubelh\u00f6pfli.jpg 800w, https:\/\/www.helvetibox.ch\/wp-content\/uploads\/2016\/07\/Zumbach-zuger-chriesi-gubelh\u00f6pfli-510x382.jpg 510w, https:\/\/www.helvetibox.ch\/wp-content\/uploads\/2016\/07\/Zumbach-zuger-chriesi-gubelh\u00f6pfli-300x225.jpg 300w, https:\/\/www.helvetibox.ch\/wp-content\/uploads\/2016\/07\/Zumbach-zuger-chriesi-gubelh\u00f6pfli-768x576.jpg 768w, https:\/\/www.helvetibox.ch\/wp-content\/uploads\/2016\/07\/Zumbach-zuger-chriesi-gubelh\u00f6pfli-610x458.jpg 610w\" sizes=\"(max-width: 800px) 100vw, 800px\" class=\"wp-image-13289\" title=\"Zumbach\" alt=\"Zumbach\" \/><\/span><\/a><\/div><\/div><\/div><\/div><div class=\"et_pb_section_6 et_pb_section et_section_regular et_block_section\"><div class=\"et_pb_row_12 et_pb_row et_block_row\"><div class=\"et_pb_column_19 et_pb_column et_pb_column_4_4 et-last-child et_block_column et_pb_css_mix_blend_mode_passthrough\"><div class=\"et_pb_text_10 et_pb_text et_pb_bg_layout_light et_pb_module et_block_module et_pb_text_align_justified\"><div class=\"et_pb_text_inner\"><h1 style=\"text-align: center;\">Hoselupf<\/h1>\n<h1 style=\"text-align: center;\"><span style=\"color: #666666; font-family: 'Open Sans', Arial, sans-serif;\"><span style=\"font-size: 16px;\"><b>Baarer Bier, Baar<\/b><\/span><\/span><\/h1>\n<\/div><\/div><\/div><\/div><div class=\"et_pb_row_13 et_pb_row et_block_row\"><div class=\"et_pb_column_20 et_pb_column et_pb_column_1_2 et_block_column et_pb_css_mix_blend_mode_passthrough\"><div class=\"et_pb_text_11 et_pb_text et_pb_bg_layout_light et_pb_module et_block_module\"><div class=\"et_pb_text_inner\"><p>Die Brauerei Baar ist nicht eine dieser hundert Mikrobrauereien, die in der Schweiz in den letzten Jahren wie Pilze aus dem Boden sprossen. Nach ihrer Gr\u00fcndung im Jahr 1862, geh\u00f6rt die Brauerei nun schon seit 1902 einer Familie. Zu ihrem 150sten Bestehen kreierten die Braumeister ein ganz besonderes Kirsch-Bier. Da es nicht mehr erh\u00e4ltlich ist, haben wir auf ihre neueste Innovation zur\u00fcckgegriffen: das Hoselupf Urhell. Das ist das Bier, das den Besuchern des Eidgen\u00f6ssischen Eidgen\u00f6ssisches Schwing- und \u00c4lplerfest, dem gr\u00f6ssten Sportereignis der Schweiz, serviert wird, das vom 23. bis 25. August in Zug stattfindet. Hoselupf Urhell ist genau das, was alle G\u00e4ste zum Schwingfest wollen: ein s\u00fcffiges, frisches, einheimisches Bier. Ein Trinkspass der K\u00f6nigsklasse. Der Biersommelier meint: Ein w\u00fcrziges, naturtr\u00fcbes Kellerbier mit dem Geruch nach frischem Gras und Getreide und einem erfrischenden, vollmundigen Geschmack, gepr\u00e4gt von einer feinen Hopfennote. Eine Freude bei jedem Schluck. Ein idealer Begleiter von Suppen, kalten Platten, Canap\u00e9s und Pasta, w\u00fcrzigen Braten, Gefl\u00fcgel, aber auch vegetarischen Gerichten und Weichk\u00e4se wie Camembert und Brie. Passt auch hervorragend zu s\u00fcssen Nachspeisen wie beispielsweise Nuss- und Mandeldesserts.\u2003<\/p>\n<\/div><\/div><\/div><div class=\"et_pb_column_21 et_pb_column et_pb_column_1_2 et-last-child et_block_column et_pb_css_mix_blend_mode_passthrough\"><div class=\"et_pb_image_5 et_pb_image et_pb_module et_block_module\"><span class=\"et_pb_image_wrap\"><img loading=\"lazy\" decoding=\"async\" src=\"https:\/\/www.helvetibox.ch\/wp-content\/uploads\/2019\/07\/Hoselupf_baarer_bier.jpg\" width=\"1024\" height=\"638\" srcset=\"https:\/\/www.helvetibox.ch\/wp-content\/uploads\/2019\/07\/Hoselupf_baarer_bier.jpg 1024w, https:\/\/www.helvetibox.ch\/wp-content\/uploads\/2019\/07\/Hoselupf_baarer_bier-300x187.jpg 300w, https:\/\/www.helvetibox.ch\/wp-content\/uploads\/2019\/07\/Hoselupf_baarer_bier-768x479.jpg 768w, https:\/\/www.helvetibox.ch\/wp-content\/uploads\/2019\/07\/Hoselupf_baarer_bier-610x380.jpg 610w, https:\/\/www.helvetibox.ch\/wp-content\/uploads\/2019\/07\/Hoselupf_baarer_bier-400x250.jpg 400w, https:\/\/www.helvetibox.ch\/wp-content\/uploads\/2019\/07\/Hoselupf_baarer_bier-510x318.jpg 510w\" sizes=\"(max-width: 1024px) 100vw, 1024px\" class=\"wp-image-32380\" title=\"Hoselupf Baarer Bier\" alt=\"Hoselupf Baarer Bier\" \/><\/span><\/div><\/div><\/div><\/div><div class=\"et_pb_section_7 et_pb_section et_section_regular et_block_section\"><div class=\"et_pb_row_14 et_pb_row et_block_row\"><div class=\"et_pb_column_22 et_pb_column et_pb_column_4_4 et-last-child et_block_column et_pb_css_mix_blend_mode_passthrough\"><div class=\"et_pb_blurb_0 et_pb_blurb et_pb_bg_layout_light et_pb_text_align_center et_pb_blurb_position_top et_pb_module et_block_module\"><div class=\"et_pb_blurb_content\"><div class=\"et_pb_main_blurb_image\"><span class=\"et_pb_image_wrap\"><span class=\"et-pb-icon et-waypoint et_pb_animation_off et_pb_animation_off_tablet et_pb_animation_off_phone\">\ue01d<\/span><\/span><\/div><div class=\"et_pb_blurb_container\"><h4 class=\"et_pb_module_header\">Standort der Produzenten<\/h4><\/div><\/div><\/div><div class=\"et_pb_map_0 et_pb_map_container et_pb_module et_flex_module\" data-grayscale=\"\"><div class=\"et_pb_map\" data-center-lat=\"47.1661672\" data-center-lng=\"8.5154946\" data-zoom=\"10\" data-mouse-wheel=\"off\" data-mobile-dragging=\"on\"><\/div><div class=\"et_pb_map_pin_0 et_pb_map_pin\" data-lat=\"47.2075025\" data-lng=\"8.5389064999999\" data-title=\"Hotzenhof\"><h3 style=\"margin-top:10px\">Hotzenhof<\/h3><\/div><div class=\"et_pb_map_pin_1 et_pb_map_pin\" data-lat=\"47.1458627\" data-lng=\"8.4278979000001\" data-title=\"zuger-rigi-chriesi\"><h3 style=\"margin-top:10px\">zuger-rigi-chriesi<\/h3><\/div><div class=\"et_pb_map_pin_2 et_pb_map_pin\" data-lat=\"47.1965761\" data-lng=\"8.5353189\" data-title=\"Baarer Brauerei\"><h3 style=\"margin-top:10px\">Baarer Brauerei<\/h3><\/div><div class=\"et_pb_map_pin_3 et_pb_map_pin\" data-lat=\"47.1374132\" data-lng=\"8.5853872\" data-title=\"Zumbach\"><h3 style=\"margin-top:10px\">Zumbach<\/h3><\/div><\/div><div class=\"et_pb_slider_0 et_pb_slider et_pb_slider_fullwidth_off et_pb_module et_block_module\"><div class=\"et_pb_slides\"><div class=\"et_pb_slide_0 et_pb_slide et_pb_media_alignment_center et_pb_bg_layout_dark et_pb_text_align_center\" data-slide-id=\"divi\/slide-0\"><div class=\"et_pb_container\"><div class=\"et_pb_slider_container_inner\"><div class=\"et_pb_slide_description\"><h2 class=\"et_pb_slide_title\"><a href=\"https:\/\/www.helvetibox.ch\/de\/unsere-schweizer-regionale-rezepte\/\" target=\"\" class=\"et_pb_slide_title_link\"><\/a><\/h2><div class=\"et_pb_button_wrapper\"><a class=\"et_pb_button et_pb_more_button\" href=\"https:\/\/www.helvetibox.ch\/de\/unsere-schweizer-regionale-rezepte\/\">zu den Rezepten<\/a><\/div><\/div><\/div><\/div><\/div><\/div><\/div><\/div><\/div><\/div>","protected":false},"excerpt":{"rendered":"","protected":false},"author":329,"featured_media":32440,"comment_status":"closed","ping_status":"open","sticky":false,"template":"","format":"standard","meta":{"_et_pb_use_builder":"on","_et_pb_old_content":"","_et_gb_content_width":"","footnotes":""},"categories":[43,3684,3988],"tags":[],"dipi_cpt_category":[],"class_list":["post-32394","post","type-post","status-publish","format-standard","has-post-thumbnail","hentry","category-box-de","category-box-n59-zug","category-zug"],"yoast_head":"<!-- This site is optimized with the Yoast SEO plugin v27.5 - https:\/\/yoast.com\/product\/yoast-seo-wordpress\/ -->\n<title>HelvetiBox N\u00b059 \u2013 Regionale Produkte aus Zug - HelvetiBox<\/title>\n<meta name=\"robots\" content=\"index, follow, max-snippet:-1, max-image-preview:large, max-video-preview:-1\" \/>\n<link rel=\"canonical\" href=\"https:\/\/www.helvetibox.ch\/de\/helvetibox-n59-regionale-produkte-aus-zug\/\" \/>\n<meta property=\"og:locale\" content=\"de_DE\" \/>\n<meta property=\"og:type\" content=\"article\" \/>\n<meta property=\"og:title\" content=\"HelvetiBox N\u00b059 \u2013 Regionale Produkte aus Zug - HelvetiBox\" \/>\n<meta property=\"og:url\" content=\"https:\/\/www.helvetibox.ch\/de\/helvetibox-n59-regionale-produkte-aus-zug\/\" \/>\n<meta property=\"og:site_name\" content=\"HelvetiBox\" \/>\n<meta property=\"article:publisher\" content=\"http:\/\/www.facebook.com\/helvetibox\" \/>\n<meta property=\"article:published_time\" content=\"2019-07-18T13:04:35+00:00\" \/>\n<meta property=\"article:modified_time\" content=\"2026-03-03T20:00:53+00:00\" \/>\n<meta property=\"og:image\" content=\"https:\/\/www.helvetibox.ch\/wp-content\/uploads\/2019\/07\/Helvetibox-n59-B1907-ZG.jpg\" \/>\n\t<meta property=\"og:image:width\" content=\"1920\" \/>\n\t<meta property=\"og:image:height\" content=\"1440\" \/>\n\t<meta property=\"og:image:type\" content=\"image\/jpeg\" \/>\n<meta name=\"author\" content=\"Florian Corth\u00e9sy\" \/>\n<script type=\"application\/ld+json\" class=\"yoast-schema-graph\">{\"@context\":\"https:\\\/\\\/schema.org\",\"@graph\":[{\"@type\":\"Article\",\"@id\":\"https:\\\/\\\/www.helvetibox.ch\\\/de\\\/helvetibox-n59-regionale-produkte-aus-zug\\\/#article\",\"isPartOf\":{\"@id\":\"https:\\\/\\\/www.helvetibox.ch\\\/de\\\/helvetibox-n59-regionale-produkte-aus-zug\\\/\"},\"author\":{\"name\":\"Florian Corth\u00e9sy\",\"@id\":\"https:\\\/\\\/www.helvetibox.ch\\\/de\\\/#\\\/schema\\\/person\\\/570a8ce46d2623290e963592e83b03a4\"},\"headline\":\"HelvetiBox N\u00b059 \u2013 Regionale Produkte aus Zug\",\"datePublished\":\"2019-07-18T13:04:35+00:00\",\"dateModified\":\"2026-03-03T20:00:53+00:00\",\"mainEntityOfPage\":{\"@id\":\"https:\\\/\\\/www.helvetibox.ch\\\/de\\\/helvetibox-n59-regionale-produkte-aus-zug\\\/\"},\"wordCount\":29,\"image\":{\"@id\":\"https:\\\/\\\/www.helvetibox.ch\\\/de\\\/helvetibox-n59-regionale-produkte-aus-zug\\\/#primaryimage\"},\"thumbnailUrl\":\"https:\\\/\\\/www.helvetibox.ch\\\/wp-content\\\/uploads\\\/2019\\\/07\\\/Helvetibox-n59-B1907-ZG.jpg\",\"articleSection\":[\"Box\",\"Box N\u00b059 - Zug\",\"Zug\"],\"inLanguage\":\"de\"},{\"@type\":\"WebPage\",\"@id\":\"https:\\\/\\\/www.helvetibox.ch\\\/de\\\/helvetibox-n59-regionale-produkte-aus-zug\\\/\",\"url\":\"https:\\\/\\\/www.helvetibox.ch\\\/de\\\/helvetibox-n59-regionale-produkte-aus-zug\\\/\",\"name\":\"HelvetiBox N\u00b059 \u2013 Regionale Produkte aus Zug - HelvetiBox\",\"isPartOf\":{\"@id\":\"https:\\\/\\\/www.helvetibox.ch\\\/de\\\/#website\"},\"primaryImageOfPage\":{\"@id\":\"https:\\\/\\\/www.helvetibox.ch\\\/de\\\/helvetibox-n59-regionale-produkte-aus-zug\\\/#primaryimage\"},\"image\":{\"@id\":\"https:\\\/\\\/www.helvetibox.ch\\\/de\\\/helvetibox-n59-regionale-produkte-aus-zug\\\/#primaryimage\"},\"thumbnailUrl\":\"https:\\\/\\\/www.helvetibox.ch\\\/wp-content\\\/uploads\\\/2019\\\/07\\\/Helvetibox-n59-B1907-ZG.jpg\",\"datePublished\":\"2019-07-18T13:04:35+00:00\",\"dateModified\":\"2026-03-03T20:00:53+00:00\",\"author\":{\"@id\":\"https:\\\/\\\/www.helvetibox.ch\\\/de\\\/#\\\/schema\\\/person\\\/570a8ce46d2623290e963592e83b03a4\"},\"breadcrumb\":{\"@id\":\"https:\\\/\\\/www.helvetibox.ch\\\/de\\\/helvetibox-n59-regionale-produkte-aus-zug\\\/#breadcrumb\"},\"inLanguage\":\"de\",\"potentialAction\":[{\"@type\":\"ReadAction\",\"target\":[\"https:\\\/\\\/www.helvetibox.ch\\\/de\\\/helvetibox-n59-regionale-produkte-aus-zug\\\/\"]}]},{\"@type\":\"ImageObject\",\"inLanguage\":\"de\",\"@id\":\"https:\\\/\\\/www.helvetibox.ch\\\/de\\\/helvetibox-n59-regionale-produkte-aus-zug\\\/#primaryimage\",\"url\":\"https:\\\/\\\/www.helvetibox.ch\\\/wp-content\\\/uploads\\\/2019\\\/07\\\/Helvetibox-n59-B1907-ZG.jpg\",\"contentUrl\":\"https:\\\/\\\/www.helvetibox.ch\\\/wp-content\\\/uploads\\\/2019\\\/07\\\/Helvetibox-n59-B1907-ZG.jpg\",\"width\":1920,\"height\":1440},{\"@type\":\"BreadcrumbList\",\"@id\":\"https:\\\/\\\/www.helvetibox.ch\\\/de\\\/helvetibox-n59-regionale-produkte-aus-zug\\\/#breadcrumb\",\"itemListElement\":[{\"@type\":\"ListItem\",\"position\":1,\"name\":\"Accueil\",\"item\":\"https:\\\/\\\/www.helvetibox.ch\\\/de\\\/homepage\\\/\"},{\"@type\":\"ListItem\",\"position\":2,\"name\":\"HelvetiBox N\u00b059 \u2013 Regionale Produkte aus Zug\"}]},{\"@type\":\"WebSite\",\"@id\":\"https:\\\/\\\/www.helvetibox.ch\\\/de\\\/#website\",\"url\":\"https:\\\/\\\/www.helvetibox.ch\\\/de\\\/\",\"name\":\"HelvetiBox\",\"description\":\"Eine Gourmetreise durch die Schweiz \",\"potentialAction\":[{\"@type\":\"SearchAction\",\"target\":{\"@type\":\"EntryPoint\",\"urlTemplate\":\"https:\\\/\\\/www.helvetibox.ch\\\/de\\\/?s={search_term_string}\"},\"query-input\":{\"@type\":\"PropertyValueSpecification\",\"valueRequired\":true,\"valueName\":\"search_term_string\"}}],\"inLanguage\":\"de\"},{\"@type\":\"Person\",\"@id\":\"https:\\\/\\\/www.helvetibox.ch\\\/de\\\/#\\\/schema\\\/person\\\/570a8ce46d2623290e963592e83b03a4\",\"name\":\"Florian Corth\u00e9sy\",\"image\":{\"@type\":\"ImageObject\",\"inLanguage\":\"de\",\"@id\":\"https:\\\/\\\/secure.gravatar.com\\\/avatar\\\/25feb37f6f232bcff3b90c1032c68ca8b1ad55c1c90c8cc3d77f08e7bbf4224a?s=96&d=mm&r=g\",\"url\":\"https:\\\/\\\/secure.gravatar.com\\\/avatar\\\/25feb37f6f232bcff3b90c1032c68ca8b1ad55c1c90c8cc3d77f08e7bbf4224a?s=96&d=mm&r=g\",\"contentUrl\":\"https:\\\/\\\/secure.gravatar.com\\\/avatar\\\/25feb37f6f232bcff3b90c1032c68ca8b1ad55c1c90c8cc3d77f08e7bbf4224a?s=96&d=mm&r=g\",\"caption\":\"Florian Corth\u00e9sy\"}}]}<\/script>\n<!-- \/ Yoast SEO plugin. -->","yoast_head_json":{"title":"HelvetiBox N\u00b059 \u2013 Regionale Produkte aus Zug - HelvetiBox","robots":{"index":"index","follow":"follow","max-snippet":"max-snippet:-1","max-image-preview":"max-image-preview:large","max-video-preview":"max-video-preview:-1"},"canonical":"https:\/\/www.helvetibox.ch\/de\/helvetibox-n59-regionale-produkte-aus-zug\/","og_locale":"de_DE","og_type":"article","og_title":"HelvetiBox N\u00b059 \u2013 Regionale Produkte aus Zug - HelvetiBox","og_url":"https:\/\/www.helvetibox.ch\/de\/helvetibox-n59-regionale-produkte-aus-zug\/","og_site_name":"HelvetiBox","article_publisher":"http:\/\/www.facebook.com\/helvetibox","article_published_time":"2019-07-18T13:04:35+00:00","article_modified_time":"2026-03-03T20:00:53+00:00","og_image":[{"width":1920,"height":1440,"url":"https:\/\/www.helvetibox.ch\/wp-content\/uploads\/2019\/07\/Helvetibox-n59-B1907-ZG.jpg","type":"image\/jpeg"}],"author":"Florian Corth\u00e9sy","schema":{"@context":"https:\/\/schema.org","@graph":[{"@type":"Article","@id":"https:\/\/www.helvetibox.ch\/de\/helvetibox-n59-regionale-produkte-aus-zug\/#article","isPartOf":{"@id":"https:\/\/www.helvetibox.ch\/de\/helvetibox-n59-regionale-produkte-aus-zug\/"},"author":{"name":"Florian Corth\u00e9sy","@id":"https:\/\/www.helvetibox.ch\/de\/#\/schema\/person\/570a8ce46d2623290e963592e83b03a4"},"headline":"HelvetiBox N\u00b059 \u2013 Regionale Produkte aus Zug","datePublished":"2019-07-18T13:04:35+00:00","dateModified":"2026-03-03T20:00:53+00:00","mainEntityOfPage":{"@id":"https:\/\/www.helvetibox.ch\/de\/helvetibox-n59-regionale-produkte-aus-zug\/"},"wordCount":29,"image":{"@id":"https:\/\/www.helvetibox.ch\/de\/helvetibox-n59-regionale-produkte-aus-zug\/#primaryimage"},"thumbnailUrl":"https:\/\/www.helvetibox.ch\/wp-content\/uploads\/2019\/07\/Helvetibox-n59-B1907-ZG.jpg","articleSection":["Box","Box N\u00b059 - Zug","Zug"],"inLanguage":"de"},{"@type":"WebPage","@id":"https:\/\/www.helvetibox.ch\/de\/helvetibox-n59-regionale-produkte-aus-zug\/","url":"https:\/\/www.helvetibox.ch\/de\/helvetibox-n59-regionale-produkte-aus-zug\/","name":"HelvetiBox N\u00b059 \u2013 Regionale Produkte aus Zug - HelvetiBox","isPartOf":{"@id":"https:\/\/www.helvetibox.ch\/de\/#website"},"primaryImageOfPage":{"@id":"https:\/\/www.helvetibox.ch\/de\/helvetibox-n59-regionale-produkte-aus-zug\/#primaryimage"},"image":{"@id":"https:\/\/www.helvetibox.ch\/de\/helvetibox-n59-regionale-produkte-aus-zug\/#primaryimage"},"thumbnailUrl":"https:\/\/www.helvetibox.ch\/wp-content\/uploads\/2019\/07\/Helvetibox-n59-B1907-ZG.jpg","datePublished":"2019-07-18T13:04:35+00:00","dateModified":"2026-03-03T20:00:53+00:00","author":{"@id":"https:\/\/www.helvetibox.ch\/de\/#\/schema\/person\/570a8ce46d2623290e963592e83b03a4"},"breadcrumb":{"@id":"https:\/\/www.helvetibox.ch\/de\/helvetibox-n59-regionale-produkte-aus-zug\/#breadcrumb"},"inLanguage":"de","potentialAction":[{"@type":"ReadAction","target":["https:\/\/www.helvetibox.ch\/de\/helvetibox-n59-regionale-produkte-aus-zug\/"]}]},{"@type":"ImageObject","inLanguage":"de","@id":"https:\/\/www.helvetibox.ch\/de\/helvetibox-n59-regionale-produkte-aus-zug\/#primaryimage","url":"https:\/\/www.helvetibox.ch\/wp-content\/uploads\/2019\/07\/Helvetibox-n59-B1907-ZG.jpg","contentUrl":"https:\/\/www.helvetibox.ch\/wp-content\/uploads\/2019\/07\/Helvetibox-n59-B1907-ZG.jpg","width":1920,"height":1440},{"@type":"BreadcrumbList","@id":"https:\/\/www.helvetibox.ch\/de\/helvetibox-n59-regionale-produkte-aus-zug\/#breadcrumb","itemListElement":[{"@type":"ListItem","position":1,"name":"Accueil","item":"https:\/\/www.helvetibox.ch\/de\/homepage\/"},{"@type":"ListItem","position":2,"name":"HelvetiBox N\u00b059 \u2013 Regionale Produkte aus Zug"}]},{"@type":"WebSite","@id":"https:\/\/www.helvetibox.ch\/de\/#website","url":"https:\/\/www.helvetibox.ch\/de\/","name":"HelvetiBox","description":"Eine Gourmetreise durch die Schweiz ","potentialAction":[{"@type":"SearchAction","target":{"@type":"EntryPoint","urlTemplate":"https:\/\/www.helvetibox.ch\/de\/?s={search_term_string}"},"query-input":{"@type":"PropertyValueSpecification","valueRequired":true,"valueName":"search_term_string"}}],"inLanguage":"de"},{"@type":"Person","@id":"https:\/\/www.helvetibox.ch\/de\/#\/schema\/person\/570a8ce46d2623290e963592e83b03a4","name":"Florian Corth\u00e9sy","image":{"@type":"ImageObject","inLanguage":"de","@id":"https:\/\/secure.gravatar.com\/avatar\/25feb37f6f232bcff3b90c1032c68ca8b1ad55c1c90c8cc3d77f08e7bbf4224a?s=96&d=mm&r=g","url":"https:\/\/secure.gravatar.com\/avatar\/25feb37f6f232bcff3b90c1032c68ca8b1ad55c1c90c8cc3d77f08e7bbf4224a?s=96&d=mm&r=g","contentUrl":"https:\/\/secure.gravatar.com\/avatar\/25feb37f6f232bcff3b90c1032c68ca8b1ad55c1c90c8cc3d77f08e7bbf4224a?s=96&d=mm&r=g","caption":"Florian Corth\u00e9sy"}}]}},"_links":{"self":[{"href":"https:\/\/www.helvetibox.ch\/de\/wp-json\/wp\/v2\/posts\/32394","targetHints":{"allow":["GET"]}}],"collection":[{"href":"https:\/\/www.helvetibox.ch\/de\/wp-json\/wp\/v2\/posts"}],"about":[{"href":"https:\/\/www.helvetibox.ch\/de\/wp-json\/wp\/v2\/types\/post"}],"author":[{"embeddable":true,"href":"https:\/\/www.helvetibox.ch\/de\/wp-json\/wp\/v2\/users\/329"}],"replies":[{"embeddable":true,"href":"https:\/\/www.helvetibox.ch\/de\/wp-json\/wp\/v2\/comments?post=32394"}],"version-history":[{"count":1,"href":"https:\/\/www.helvetibox.ch\/de\/wp-json\/wp\/v2\/posts\/32394\/revisions"}],"predecessor-version":[{"id":27397722,"href":"https:\/\/www.helvetibox.ch\/de\/wp-json\/wp\/v2\/posts\/32394\/revisions\/27397722"}],"wp:featuredmedia":[{"embeddable":true,"href":"https:\/\/www.helvetibox.ch\/de\/wp-json\/wp\/v2\/media\/32440"}],"wp:attachment":[{"href":"https:\/\/www.helvetibox.ch\/de\/wp-json\/wp\/v2\/media?parent=32394"}],"wp:term":[{"taxonomy":"category","embeddable":true,"href":"https:\/\/www.helvetibox.ch\/de\/wp-json\/wp\/v2\/categories?post=32394"},{"taxonomy":"post_tag","embeddable":true,"href":"https:\/\/www.helvetibox.ch\/de\/wp-json\/wp\/v2\/tags?post=32394"},{"taxonomy":"dipi_cpt_category","embeddable":true,"href":"https:\/\/www.helvetibox.ch\/de\/wp-json\/wp\/v2\/dipi_cpt_category?post=32394"}],"curies":[{"name":"wp","href":"https:\/\/api.w.org\/{rel}","templated":true}]}}